{"id":2793,"date":"2026-04-26T15:15:27","date_gmt":"2026-04-26T13:15:27","guid":{"rendered":"https:\/\/dentalsonsardina.com\/de\/?p=2793"},"modified":"2026-04-26T15:57:22","modified_gmt":"2026-04-26T13:57:22","slug":"deutsche-krankenversicherung-zahnarzt-mallorca","status":"publish","type":"post","link":"https:\/\/dentalsonsardina.com\/de\/deutsche-krankenversicherung-zahnarzt-mallorca\/","title":{"rendered":"Kann ich mit deutscher Krankenversicherung zum Zahnarzt auf Mallorca?"},"content":{"rendered":"\t\t<div data-elementor-type=\"wp-post\" data-elementor-id=\"2793\" class=\"elementor elementor-2793\">\n\t\t\t\t\t\t<section class=\"elementor-section elementor-top-section elementor-element elementor-element-5174b50 elementor-section-boxed elementor-section-height-default elementor-section-height-default\" data-id=\"5174b50\" data-element_type=\"section\" data-e-type=\"section\">\n\t\t\t\t\t\t<div class=\"elementor-container elementor-column-gap-default\">\n\t\t\t\t\t<div class=\"elementor-column elementor-col-100 elementor-top-column elementor-element elementor-element-5ead5b6e\" data-id=\"5ead5b6e\" data-element_type=\"column\" data-e-type=\"column\">\n\t\t\t<div class=\"elementor-widget-wrap elementor-element-populated\">\n\t\t\t\t\t\t\t<\/div>\n\t\t<\/div>\n\t\t\t\t\t<\/div>\n\t\t<\/section>\n\t\t\t\t<section class=\"elementor-section elementor-top-section elementor-element elementor-element-1a5de27 elementor-section-content-middle elementor-section-boxed elementor-section-height-default elementor-section-height-default\" data-id=\"1a5de27\" data-element_type=\"section\" data-e-type=\"section\" data-settings=\"{&quot;background_background&quot;:&quot;classic&quot;}\">\n\t\t\t\t\t\t\t<div class=\"elementor-background-overlay\"><\/div>\n\t\t\t\t\t\t\t<div class=\"elementor-container elementor-column-gap-no\">\n\t\t\t\t\t<div class=\"elementor-column elementor-col-100 elementor-top-column elementor-element elementor-element-8fb7c05 elementor-invisible\" data-id=\"8fb7c05\" data-element_type=\"column\" data-e-type=\"column\" data-settings=\"{&quot;animation&quot;:&quot;slideInLeft&quot;}\">\n\t\t\t<div class=\"elementor-widget-wrap elementor-element-populated\">\n\t\t\t\t\t\t<div class=\"elementor-element elementor-element-3a27fae elementor-widget elementor-widget-text-editor\" data-id=\"3a27fae\" data-element_type=\"widget\" data-e-type=\"widget\" data-widget_type=\"text-editor.default\">\n\t\t\t\t<div class=\"elementor-widget-container\">\n\t\t\t\t\t\t\t\t\t<p><em>Viele deutsche Residenten, Urlauber und Familien auf Mallorca stellen sich dieselbe Frage, sobald Zahnschmerzen, eine Kontrolle oder eine unerwartete Behandlung ansteht: Kann ich mit deutscher Krankenversicherung zum <strong><a href=\"https:\/\/dentalsonsardina.com\/de\/deutscher-zahnarzt-palma-de-mallorca\/\">Zahnarzt auf Mallorca<\/a><\/strong> gehen?<\/em><\/p><p><em>Die kurze Antwort lautet: Ja, in vielen F\u00e4llen ist das m\u00f6glich \u2013 aber nicht jede Situation funktioniert gleich. Entscheidend sind die Art der Versicherung, die konkrete Behandlung und vor allem die Frage, wie die Abrechnung in der Praxis erfolgt.<\/em><\/p>\t\t\t\t\t\t\t\t<\/div>\n\t\t\t\t<\/div>\n\t\t\t\t<div class=\"elementor-element elementor-element-c604d6a elementor-widget elementor-widget-heading\" data-id=\"c604d6a\" data-element_type=\"widget\" data-e-type=\"widget\" data-widget_type=\"heading.default\">\n\t\t\t\t<div class=\"elementor-widget-container\">\n\t\t\t\t\t<h2 class=\"elementor-heading-title elementor-size-default\">Wichtig zuerst: Nicht jede Absicherung funktioniert gleich<\/h2>\t\t\t\t<\/div>\n\t\t\t\t<\/div>\n\t\t\t\t<div class=\"elementor-element elementor-element-4c481a1 elementor-widget elementor-widget-text-editor\" data-id=\"4c481a1\" data-element_type=\"widget\" data-e-type=\"widget\" data-widget_type=\"text-editor.default\">\n\t\t\t\t<div class=\"elementor-widget-container\">\n\t\t\t\t\t\t\t\t\t<p>Wenn von Krankenversicherung im Ausland die Rede ist, denken viele Patienten zuerst an ihre europ\u00e4ische Gesundheitskarte oder an ihre normale Versicherung in Deutschland. In der Praxis ist es aber wichtig, zwischen verschiedenen Situationen zu unterscheiden.<\/p><p>Nicht dasselbe ist eine akute Beschwerde w\u00e4hrend eines Aufenthalts, ein geplanter Zahnarzttermin oder eine Behandlung in einer privaten Klinik. Genau deshalb sollte man das Thema nicht zu pauschal betrachten. Was \u00fcbernommen wird, h\u00e4ngt immer vom Versicherungsmodell und von der konkreten Leistung ab.<\/p>\t\t\t\t\t\t\t\t<\/div>\n\t\t\t\t<\/div>\n\t\t\t\t\t<\/div>\n\t\t<\/div>\n\t\t\t\t\t<\/div>\n\t\t<\/section>\n\t\t\t\t<section class=\"elementor-section elementor-top-section elementor-element elementor-element-69be3c7 elementor-section-content-middle elementor-section-boxed elementor-section-height-default elementor-section-height-default\" data-id=\"69be3c7\" data-element_type=\"section\" data-e-type=\"section\">\n\t\t\t\t\t\t<div class=\"elementor-container elementor-column-gap-no\">\n\t\t\t\t\t<div class=\"elementor-column elementor-col-100 elementor-top-column elementor-element elementor-element-44b922c elementor-invisible\" data-id=\"44b922c\" data-element_type=\"column\" data-e-type=\"column\" data-settings=\"{&quot;animation&quot;:&quot;slideInLeft&quot;}\">\n\t\t\t<div class=\"elementor-widget-wrap elementor-element-populated\">\n\t\t\t\t\t\t<div class=\"elementor-element elementor-element-3394f83 elementor-widget elementor-widget-heading\" data-id=\"3394f83\" data-element_type=\"widget\" data-e-type=\"widget\" data-widget_type=\"heading.default\">\n\t\t\t\t<div class=\"elementor-widget-container\">\n\t\t\t\t\t<h2 class=\"elementor-heading-title elementor-size-default\">Was bei einer privaten Zahnklinik auf Mallorca wichtig ist<\/h2>\t\t\t\t<\/div>\n\t\t\t\t<\/div>\n\t\t\t\t<div class=\"elementor-element elementor-element-cea974e elementor-widget elementor-widget-text-editor\" data-id=\"cea974e\" data-element_type=\"widget\" data-e-type=\"widget\" data-widget_type=\"text-editor.default\">\n\t\t\t\t<div class=\"elementor-widget-container\">\n\t\t\t\t\t\t\t\t\t<p>Bei einer privaten Zahnklinik auf Mallorca l\u00e4uft die Behandlung in der Regel nicht so wie in einem \u00f6ffentlichen Versorgungssystem mit direkter Abrechnung \u00fcber die europ\u00e4ische Karte. In privaten Praxen ist es \u00fcblich, dass der Patient die Rechnung zun\u00e4chst vor Ort bezahlt.<\/p><p>Diese Rechnung kann anschlie\u00dfend bei der eigenen Krankenversicherung oder Zusatzversicherung in Deutschland eingereicht werden. Ob und in welchem Umfang eine Erstattung erfolgt, h\u00e4ngt dann von der jeweiligen Police, vom Tarif und von der Art der Behandlung ab.<\/p>\t\t\t\t\t\t\t\t<\/div>\n\t\t\t\t<\/div>\n\t\t\t\t\t<\/div>\n\t\t<\/div>\n\t\t\t\t\t<\/div>\n\t\t<\/section>\n\t\t\t\t<section class=\"elementor-section elementor-top-section elementor-element elementor-element-d162f33 elementor-section-content-middle elementor-section-boxed elementor-section-height-default elementor-section-height-default\" data-id=\"d162f33\" data-element_type=\"section\" data-e-type=\"section\" data-settings=\"{&quot;background_background&quot;:&quot;classic&quot;}\">\n\t\t\t\t\t\t\t<div class=\"elementor-background-overlay\"><\/div>\n\t\t\t\t\t\t\t<div class=\"elementor-container elementor-column-gap-no\">\n\t\t\t\t\t<div class=\"elementor-column elementor-col-100 elementor-top-column elementor-element elementor-element-c85dc0c elementor-invisible\" data-id=\"c85dc0c\" data-element_type=\"column\" data-e-type=\"column\" data-settings=\"{&quot;animation&quot;:&quot;slideInLeft&quot;}\">\n\t\t\t<div class=\"elementor-widget-wrap elementor-element-populated\">\n\t\t\t\t\t\t<div class=\"elementor-element elementor-element-e25b39e elementor-widget elementor-widget-heading\" data-id=\"e25b39e\" data-element_type=\"widget\" data-e-type=\"widget\" data-widget_type=\"heading.default\">\n\t\t\t\t<div class=\"elementor-widget-container\">\n\t\t\t\t\t<h2 class=\"elementor-heading-title elementor-size-default\">Kann die Rechnung sp\u00e4ter bei der deutschen Versicherung eingereicht werden?<\/h2>\t\t\t\t<\/div>\n\t\t\t\t<\/div>\n\t\t\t\t<div class=\"elementor-element elementor-element-bee74d3 elementor-widget elementor-widget-text-editor\" data-id=\"bee74d3\" data-element_type=\"widget\" data-e-type=\"widget\" data-widget_type=\"text-editor.default\">\n\t\t\t\t<div class=\"elementor-widget-container\">\n\t\t\t\t\t\t\t\t\t<p>In vielen F\u00e4llen ja. Genau dieser Weg ist f\u00fcr viele Patienten auf Mallorca die praktischste L\u00f6sung: Behandlung vor Ort, klare Rechnung aus der Klinik und anschlie\u00dfende Einreichung bei der Versicherung in Deutschland.<\/p><p>Wichtig ist dabei, keine pauschale Zusage zu erwarten. Manche Versicherungen erstatten vollst\u00e4ndig, andere teilweise, und in einzelnen F\u00e4llen kann die Erstattung auch abgelehnt werden, wenn die jeweilige Leistung nicht vom Vertrag umfasst ist. Deshalb ist eine verst\u00e4ndliche Rechnung und eine saubere Dokumentation besonders wichtig.<\/p>\t\t\t\t\t\t\t\t<\/div>\n\t\t\t\t<\/div>\n\t\t\t\t<div class=\"elementor-element elementor-element-cdab855 elementor-widget elementor-widget-heading\" data-id=\"cdab855\" data-element_type=\"widget\" data-e-type=\"widget\" data-widget_type=\"heading.default\">\n\t\t\t\t<div class=\"elementor-widget-container\">\n\t\t\t\t\t<h2 class=\"elementor-heading-title elementor-size-default\">Wie Dental Son Sardina solche F\u00e4lle normalerweise handhabt<\/h2>\t\t\t\t<\/div>\n\t\t\t\t<\/div>\n\t\t\t\t<div class=\"elementor-element elementor-element-06dbd1e elementor-widget elementor-widget-text-editor\" data-id=\"06dbd1e\" data-element_type=\"widget\" data-e-type=\"widget\" data-widget_type=\"text-editor.default\">\n\t\t\t\t<div class=\"elementor-widget-container\">\n\t\t\t\t\t\t\t\t\t<p>Dental Son Sardina betreut w\u00f6chentlich deutsche Residenten und Touristen auf Mallorca. In solchen F\u00e4llen erh\u00e4lt der Patient eine regul\u00e4re Rechnung, die lokal bezahlt wird und danach bei der eigenen Versicherung eingereicht werden kann.<\/p><p>Nach der Erfahrung der Klinik funktioniert dieses Verfahren in der \u00fcberwiegenden Zahl der F\u00e4lle gut. Wenn eine Erstattung einmal nicht erfolgt, liegt das meist nicht an der Rechnung selbst, sondern an den Bedingungen des jeweiligen Versicherungsschutzes.<\/p>\t\t\t\t\t\t\t\t<\/div>\n\t\t\t\t<\/div>\n\t\t\t\t\t<\/div>\n\t\t<\/div>\n\t\t\t\t\t<\/div>\n\t\t<\/section>\n\t\t\t\t<section class=\"elementor-section elementor-top-section elementor-element elementor-element-d8cff5a elementor-section-content-middle elementor-section-boxed elementor-section-height-default elementor-section-height-default\" data-id=\"d8cff5a\" data-element_type=\"section\" data-e-type=\"section\">\n\t\t\t\t\t\t<div class=\"elementor-container elementor-column-gap-no\">\n\t\t\t\t\t<div class=\"elementor-column elementor-col-100 elementor-top-column elementor-element elementor-element-686cd62 elementor-invisible\" data-id=\"686cd62\" data-element_type=\"column\" data-e-type=\"column\" data-settings=\"{&quot;animation&quot;:&quot;slideInLeft&quot;}\">\n\t\t\t<div class=\"elementor-widget-wrap elementor-element-populated\">\n\t\t\t\t\t\t<div class=\"elementor-element elementor-element-fb0b4f4 elementor-widget elementor-widget-heading\" data-id=\"fb0b4f4\" data-element_type=\"widget\" data-e-type=\"widget\" data-widget_type=\"heading.default\">\n\t\t\t\t<div class=\"elementor-widget-container\">\n\t\t\t\t\t<h2 class=\"elementor-heading-title elementor-size-default\">Warum viele Patienten nicht zu lange warten sollten<\/h2>\t\t\t\t<\/div>\n\t\t\t\t<\/div>\n\t\t\t\t<div class=\"elementor-element elementor-element-2fa4615 elementor-widget elementor-widget-text-editor\" data-id=\"2fa4615\" data-element_type=\"widget\" data-e-type=\"widget\" data-widget_type=\"text-editor.default\">\n\t\t\t\t<div class=\"elementor-widget-container\">\n\t\t\t\t\t\t\t\t\t<p>Viele Menschen z\u00f6gern mit dem Zahnarztbesuch, weil sie zuerst kl\u00e4ren m\u00f6chten, ob ihre Versicherung zahlt. Das ist verst\u00e4ndlich \u2013 sollte aber nicht dazu f\u00fchren, dass Schmerzen, Entz\u00fcndungen oder besch\u00e4digte Z\u00e4hne unn\u00f6tig schlimmer werden.<\/p><p>Gerade bei Beschwerden wie starken Zahnschmerzen, einer gelockerten Krone, einer Schwellung oder einer pl\u00f6tzlich auftretenden Empfindlichkeit ist es oft sinnvoller, die Situation zuerst zahn\u00e4rztlich einsch\u00e4tzen zu lassen. Die administrative Frage der Erstattung kann in vielen F\u00e4llen im Anschluss mit der vorhandenen Rechnung gekl\u00e4rt werden.<\/p>\t\t\t\t\t\t\t\t<\/div>\n\t\t\t\t<\/div>\n\t\t\t\t\t<\/div>\n\t\t<\/div>\n\t\t\t\t\t<\/div>\n\t\t<\/section>\n\t\t\t\t<section class=\"elementor-section elementor-top-section elementor-element elementor-element-cefa179 elementor-section-content-middle elementor-section-boxed elementor-section-height-default elementor-section-height-default\" data-id=\"cefa179\" data-element_type=\"section\" data-e-type=\"section\">\n\t\t\t\t\t\t<div class=\"elementor-container elementor-column-gap-no\">\n\t\t\t\t\t<div class=\"elementor-column elementor-col-100 elementor-top-column elementor-element elementor-element-3ec6119 elementor-invisible\" data-id=\"3ec6119\" data-element_type=\"column\" data-e-type=\"column\" data-settings=\"{&quot;animation&quot;:&quot;slideInLeft&quot;}\">\n\t\t\t<div class=\"elementor-widget-wrap elementor-element-populated\">\n\t\t\t\t\t\t<div class=\"elementor-element elementor-element-e0abb72 elementor-widget elementor-widget-heading\" data-id=\"e0abb72\" data-element_type=\"widget\" data-e-type=\"widget\" data-widget_type=\"heading.default\">\n\t\t\t\t<div class=\"elementor-widget-container\">\n\t\t\t\t\t<h2 class=\"elementor-heading-title elementor-size-default\">Wovon die Erstattung typischerweise abh\u00e4ngt<\/h2>\t\t\t\t<\/div>\n\t\t\t\t<\/div>\n\t\t\t\t<div class=\"elementor-element elementor-element-590e519 elementor-widget elementor-widget-text-editor\" data-id=\"590e519\" data-element_type=\"widget\" data-e-type=\"widget\" data-widget_type=\"text-editor.default\">\n\t\t\t\t<div class=\"elementor-widget-container\">\n\t\t\t\t\t\t\t\t\t<p>Ob die deutsche Versicherung die Kosten \u00fcbernimmt, h\u00e4ngt in der Regel von mehreren Punkten ab: vom Versicherungsmodell, vom Leistungsumfang, vom medizinischen Anlass und davon, ob es sich eher um eine notwendige Behandlung oder um eine planbare Ma\u00dfnahme handelt.<\/p><p>Auch private Zusatzversicherungen, Auslandsversicherungen oder besondere Tarifbedingungen k\u00f6nnen eine Rolle spielen. Deshalb ist es sinnvoll, die eigene Police zu kennen \u2013 aber gleichzeitig wichtig zu wissen, dass eine Behandlung auf Mallorca trotzdem problemlos organisiert werden kann, auch wenn die endg\u00fcltige Erstattungsentscheidung erst sp\u00e4ter f\u00e4llt.<\/p>\t\t\t\t\t\t\t\t<\/div>\n\t\t\t\t<\/div>\n\t\t\t\t<div class=\"elementor-element elementor-element-7b1d37a elementor-widget elementor-widget-heading\" data-id=\"7b1d37a\" data-element_type=\"widget\" data-e-type=\"widget\" data-widget_type=\"heading.default\">\n\t\t\t\t<div class=\"elementor-widget-container\">\n\t\t\t\t\t<h2 class=\"elementor-heading-title elementor-size-default\">Was f\u00fcr deutsche Patienten auf Mallorca besonders hilfreich ist<\/h2>\t\t\t\t<\/div>\n\t\t\t\t<\/div>\n\t\t\t\t<div class=\"elementor-element elementor-element-23d2b21 elementor-widget elementor-widget-text-editor\" data-id=\"23d2b21\" data-element_type=\"widget\" data-e-type=\"widget\" data-widget_type=\"text-editor.default\">\n\t\t\t\t<div class=\"elementor-widget-container\">\n\t\t\t\t\t\t\t\t\t<p>F\u00fcr viele deutschsprachige Patienten z\u00e4hlt vor allem eines: schnell verstehen, was medizinisch notwendig ist, welche Schritte sinnvoll sind und wie die Abrechnung funktioniert. Eine klare Kommunikation in deutscher Sprache schafft hier deutlich mehr Sicherheit.<\/p><p>Wenn Symptome, Vorgeschichte und Behandlung verst\u00e4ndlich erkl\u00e4rt werden, f\u00e4llt es nicht nur leichter, eine gute Entscheidung zu treffen \u2013 auch die sp\u00e4tere Einreichung bei der Versicherung ist f\u00fcr viele Patienten einfacher und entspannter.<\/p>\t\t\t\t\t\t\t\t<\/div>\n\t\t\t\t<\/div>\n\t\t\t\t\t<\/div>\n\t\t<\/div>\n\t\t\t\t\t<\/div>\n\t\t<\/section>\n\t\t\t\t<section class=\"elementor-section elementor-top-section elementor-element elementor-element-e371c71 elementor-section-content-middle elementor-section-boxed elementor-section-height-default elementor-section-height-default\" data-id=\"e371c71\" data-element_type=\"section\" data-e-type=\"section\" data-settings=\"{&quot;background_background&quot;:&quot;classic&quot;}\">\n\t\t\t\t\t\t<div class=\"elementor-container elementor-column-gap-no\">\n\t\t\t\t\t<div class=\"elementor-column elementor-col-50 elementor-top-column elementor-element elementor-element-b11273e elementor-invisible\" data-id=\"b11273e\" data-element_type=\"column\" data-e-type=\"column\" data-settings=\"{&quot;animation&quot;:&quot;slideInLeft&quot;}\">\n\t\t\t<div class=\"elementor-widget-wrap elementor-element-populated\">\n\t\t\t\t\t\t<div class=\"elementor-element elementor-element-e33e033 elementor-widget__width-initial elementor-widget elementor-widget-heading\" data-id=\"e33e033\" data-element_type=\"widget\" data-e-type=\"widget\" data-widget_type=\"heading.default\">\n\t\t\t\t<div class=\"elementor-widget-container\">\n\t\t\t\t\t<h2 class=\"elementor-heading-title elementor-size-default\">Fazit: <\/h2>\t\t\t\t<\/div>\n\t\t\t\t<\/div>\n\t\t\t\t<div class=\"elementor-element elementor-element-1e529dd elementor-widget elementor-widget-text-editor\" data-id=\"1e529dd\" data-element_type=\"widget\" data-e-type=\"widget\" data-widget_type=\"text-editor.default\">\n\t\t\t\t<div class=\"elementor-widget-container\">\n\t\t\t\t\t\t\t\t\t<p>Ja, viele Patienten mit deutscher Krankenversicherung k\u00f6nnen sich auf Mallorca zahn\u00e4rztlich behandeln lassen und die Rechnung anschlie\u00dfend bei ihrer Versicherung einreichen. Entscheidend ist jedoch, realistisch zu bleiben: Nicht jede Police deckt jede Behandlung gleich ab, und private Kliniken rechnen in der Regel nicht direkt \u00fcber die europ\u00e4ische Gesundheitskarte ab.<\/p><p>Wer Beschwerden hat oder eine zahn\u00e4rztliche Einsch\u00e4tzung braucht, sollte deshalb nicht unn\u00f6tig warten. Eine verst\u00e4ndliche Beratung, eine klare Rechnung und eine saubere Dokumentation sind oft der beste Weg, um Behandlung und m\u00f6gliche Erstattung sinnvoll miteinander zu verbinden.<\/p><p data-start=\"7447\" data-end=\"7574\"><strong data-start=\"7447\" data-end=\"7506\">Kontakt:<\/strong><br data-start=\"7506\" data-end=\"7509\" \/>Festnetz: +34 971 43 86 73<br data-start=\"7535\" data-end=\"7538\" \/>Notfall: +34 679 09 14 76 (WhatsApp)<\/p>\t\t\t\t\t\t\t\t<\/div>\n\t\t\t\t<\/div>\n\t\t\t\t\t<\/div>\n\t\t<\/div>\n\t\t\t\t<div class=\"elementor-column elementor-col-50 elementor-top-column elementor-element elementor-element-3860dd8 elementor-invisible\" data-id=\"3860dd8\" data-element_type=\"column\" data-e-type=\"column\" data-settings=\"{&quot;animation&quot;:&quot;slideInRight&quot;,&quot;background_background&quot;:&quot;classic&quot;}\">\n\t\t\t<div class=\"elementor-widget-wrap\">\n\t\t\t\t\t\t\t<\/div>\n\t\t<\/div>\n\t\t\t\t\t<\/div>\n\t\t<\/section>\n\t\t\t\t<section class=\"elementor-section elementor-top-section elementor-element elementor-element-cca6333 elementor-section-content-middle elementor-section-boxed elementor-section-height-default elementor-section-height-default\" data-id=\"cca6333\" data-element_type=\"section\" data-e-type=\"section\" data-settings=\"{&quot;background_background&quot;:&quot;classic&quot;}\">\n\t\t\t\t\t\t<div class=\"elementor-container elementor-column-gap-no\">\n\t\t\t\t\t<div class=\"elementor-column elementor-col-50 elementor-top-column elementor-element elementor-element-da6be8c\" data-id=\"da6be8c\" data-element_type=\"column\" data-e-type=\"column\">\n\t\t\t<div class=\"elementor-widget-wrap elementor-element-populated\">\n\t\t\t\t\t\t<div class=\"elementor-element elementor-element-2944543 elementor-widget elementor-widget-heading\" data-id=\"2944543\" data-element_type=\"widget\" data-e-type=\"widget\" data-widget_type=\"heading.default\">\n\t\t\t\t<div class=\"elementor-widget-container\">\n\t\t\t\t\t<p class=\"elementor-heading-title elementor-size-default\">Wenn du auf Mallorca eine zahn\u00e4rztliche Einsch\u00e4tzung brauchst, kann Dental Son Sardina dich auf Deutsch beraten, die Behandlung verst\u00e4ndlich erkl\u00e4ren und dir eine klare Rechnung ausstellen, die du anschlie\u00dfend bei deiner Versicherung einreichen kannst.<\/p>\t\t\t\t<\/div>\n\t\t\t\t<\/div>\n\t\t\t\t\t<\/div>\n\t\t<\/div>\n\t\t\t\t<div class=\"elementor-column elementor-col-50 elementor-top-column elementor-element elementor-element-e507730\" data-id=\"e507730\" data-element_type=\"column\" data-e-type=\"column\">\n\t\t\t<div class=\"elementor-widget-wrap elementor-element-populated\">\n\t\t\t\t\t\t<div class=\"elementor-element elementor-element-11f14da elementor-align-right elementor-mobile-align-center elementor-widget__width-initial elementor-widget elementor-widget-button\" data-id=\"11f14da\" data-element_type=\"widget\" data-e-type=\"widget\" data-widget_type=\"button.default\">\n\t\t\t\t<div class=\"elementor-widget-container\">\n\t\t\t\t\t\t\t\t\t<div class=\"elementor-button-wrapper\">\n\t\t\t\t\t<a class=\"elementor-button elementor-button-link elementor-size-sm elementor-animation-grow\" href=\"https:\/\/dentalsonsardina.com\/de\/kontakt\/\">\n\t\t\t\t\t\t<span class=\"elementor-button-content-wrapper\">\n\t\t\t\t\t\t\t\t\t<span class=\"elementor-button-text\">Jetzt Kontakt aufnehmen<\/span>\n\t\t\t\t\t<\/span>\n\t\t\t\t\t<\/a>\n\t\t\t\t<\/div>\n\t\t\t\t\t\t\t\t<\/div>\n\t\t\t\t<\/div>\n\t\t\t\t\t<\/div>\n\t\t<\/div>\n\t\t\t\t\t<\/div>\n\t\t<\/section>\n\t\t\t\t<section class=\"elementor-section elementor-top-section elementor-element elementor-element-1eabe15 elementor-section-content-middle elementor-reverse-mobile elementor-section-boxed elementor-section-height-default elementor-section-height-default\" data-id=\"1eabe15\" data-element_type=\"section\" data-e-type=\"section\">\n\t\t\t\t\t\t<div class=\"elementor-container elementor-column-gap-no\">\n\t\t\t\t\t<div class=\"elementor-column elementor-col-100 elementor-top-column elementor-element elementor-element-999c97e\" data-id=\"999c97e\" data-element_type=\"column\" data-e-type=\"column\">\n\t\t\t<div class=\"elementor-widget-wrap elementor-element-populated\">\n\t\t\t\t\t\t<div class=\"elementor-element elementor-element-94aa1a2 elementor-widget__width-initial elementor-widget elementor-widget-heading\" data-id=\"94aa1a2\" data-element_type=\"widget\" data-e-type=\"widget\" data-widget_type=\"heading.default\">\n\t\t\t\t<div class=\"elementor-widget-container\">\n\t\t\t\t\t<h2 class=\"elementor-heading-title elementor-size-default\">Datenschutz-Zusammenfassung | Zahnklinik Son Sardina<\/h2>\t\t\t\t<\/div>\n\t\t\t\t<\/div>\n\t\t\t\t<div class=\"elementor-element elementor-element-52f978b elementor-widget elementor-widget-text-editor\" data-id=\"52f978b\" data-element_type=\"widget\" data-e-type=\"widget\" data-widget_type=\"text-editor.default\">\n\t\t\t\t<div class=\"elementor-widget-container\">\n\t\t\t\t\t\t\t\t\t<table><tbody><tr><td><strong>GRUNDLEGENDEN INFORMATIONEN ZUM DATENSCHUTZ<\/strong><\/td><\/tr><tr><td><strong>Verantwortlich f\u00fcr die Datenverarbeitung<\/strong><\/td><td>SVETLANA FOTINA<\/td><\/tr><tr><td><strong>Adresse des Verantwortlichen<\/strong><\/td><td>C\/. Passatemps,123 Bj., CP 07120, Son Sardina (Balears (Illes))<\/td><\/tr><tr><td><strong>Zweck<\/strong><\/td><td>Ihre Daten werden verwendet, um Ihre Anfragen zu bearbeiten und Ihnen unsere Dienstleistungen anzubieten.<\/td><\/tr><tr><td><strong>Werbung<\/strong><\/td><td>Wir senden Ihnen nur Werbung nach Ihrer vorherigen Zustimmung, die Sie uns durch das entsprechende daf\u00fcr vorgesehene Feld zur Verf\u00fcgung stellen k\u00f6nnen.<\/td><\/tr><tr><td><strong>Rechtm\u00e4\u00dfigkeit<\/strong><\/td><td>Wir werden Ihre Daten nur mit Ihrer vorherigen Einwilligung verarbeiten, die Sie uns durch das entsprechende daf\u00fcr vorgesehene Feld zur Verf\u00fcgung stellen k\u00f6nnen.<\/td><\/tr><tr><td><strong>Empf\u00e4nger<\/strong><\/td><td>Im Allgemeinen darf nur das Personal unserer Organisation, das ordnungsgem\u00e4\u00df autorisiert ist, Kenntnis von den Informationen haben, die wir von Ihnen anfordern.<\/td><\/tr><tr><td><strong>Rechte<\/strong><\/td><td>Sie haben das Recht zu wissen, welche Informationen wir \u00fcber Sie haben, sie zu korrigieren und zu l\u00f6schen, wie in den zus\u00e4tzlichen Informationen auf unserer Webseite erl\u00e4utert.<\/td><\/tr><tr><td><strong>Zus\u00e4tzliche Informationen<\/strong><\/td><td>Mehr Informationen im Abschnitt <strong>&#8222;DATENSCHUTZRICHTLINIE&#8220;<\/strong> auf unserer Webseite.<\/td><\/tr><\/tbody><\/table>\t\t\t\t\t\t\t\t<\/div>\n\t\t\t\t<\/div>\n\t\t\t\t\t<\/div>\n\t\t<\/div>\n\t\t\t\t\t<\/div>\n\t\t<\/section>\n\t\t\t\t<\/div>\n\t\t","protected":false},"excerpt":{"rendered":"<p>Viele deutsche Residenten, Urlauber und Familien auf Mallorca stellen sich dieselbe Frage, sobald Zahnschmerzen, eine Kontrolle oder eine unerwartete Behandlung ansteht: Kann ich mit deutscher Krankenversicherung zum Zahnarzt auf Mallorca gehen? Die kurze Antwort lautet: Ja, in vielen F\u00e4llen ist das m\u00f6glich \u2013 aber nicht jede Situation funktioniert gleich. Entscheidend sind die Art der Versicherung, [&hellip;]<\/p>\n","protected":false},"author":1,"featured_media":2780,"comment_status":"closed","ping_status":"closed","sticky":false,"template":"","format":"standard","meta":{"site-sidebar-layout":"default","site-content-layout":"","ast-site-content-layout":"default","site-content-style":"default","site-sidebar-style":"default","ast-global-header-display":"","ast-banner-title-visibility":"","ast-main-header-display":"","ast-hfb-above-header-display":"","ast-hfb-below-header-display":"","ast-hfb-mobile-header-display":"","site-post-title":"disabled","ast-breadcrumbs-content":"","ast-featured-img":"","footer-sml-layout":"","ast-disable-related-posts":"","theme-transparent-header-meta":"","adv-header-id-meta":"","stick-header-meta":"","header-above-stick-meta":"","header-main-stick-meta":"","header-below-stick-meta":"","astra-migrate-meta-layouts":"","ast-page-background-enabled":"default","ast-page-background-meta":{"desktop":{"background-color":"var(--ast-global-color-4)","background-image":"","background-repeat":"repeat","background-position":"center center","background-size":"auto","background-attachment":"scroll","background-type":"","background-media":"","overlay-type":"","overlay-color":"","overlay-opacity":"","overlay-gradient":""},"tablet":{"background-color":"","background-image":"","background-repeat":"repeat","background-position":"center center","background-size":"auto","background-attachment":"scroll","background-type":"","background-media":"","overlay-type":"","overlay-color":"","overlay-opacity":"","overlay-gradient":""},"mobile":{"background-color":"","background-image":"","background-repeat":"repeat","background-position":"center center","background-size":"auto","background-attachment":"scroll","background-type":"","background-media":"","overlay-type":"","overlay-color":"","overlay-opacity":"","overlay-gradient":""}},"ast-content-background-meta":{"desktop":{"background-color":"var(--ast-global-color-5)","background-image":"","background-repeat":"repeat","background-position":"center center","background-size":"auto","background-attachment":"scroll","background-type":"","background-media":"","overlay-type":"","overlay-color":"","overlay-opacity":"","overlay-gradient":""},"tablet":{"background-color":"var(--ast-global-color-5)","background-image":"","background-repeat":"repeat","background-position":"center center","background-size":"auto","background-attachment":"scroll","background-type":"","background-media":"","overlay-type":"","overlay-color":"","overlay-opacity":"","overlay-gradient":""},"mobile":{"background-color":"var(--ast-global-color-5)","background-image":"","background-repeat":"repeat","background-position":"center center","background-size":"auto","background-attachment":"scroll","background-type":"","background-media":"","overlay-type":"","overlay-color":"","overlay-opacity":"","overlay-gradient":""}},"_joinchat":[],"footnotes":""},"categories":[18],"tags":[32,29,30,14,31],"class_list":["post-2793","post","type-post","status-publish","format-standard","has-post-thumbnail","hentry","category-notfall","tag-entzundung-zahn","tag-notfallzahnarzt-palma","tag-schwellung-kiefer","tag-son-sardina","tag-zahnabszess-mallorca"],"yoast_head":"<!-- This site is optimized with the Yoast SEO plugin v27.3 - https:\/\/yoast.com\/product\/yoast-seo-wordpress\/ -->\n<title>Deutsche Krankenversicherung &amp; Zahnarzt auf Mallorca<\/title>\n<meta name=\"description\" content=\"Kann ich mit deutscher Krankenversicherung zum Zahnarzt auf Mallorca? Was in einer privaten Klinik gilt, wie die Rechnung l\u00e4uft und worauf du bei der Erstattung achten solltest.\" \/>\n<meta name=\"robots\" content=\"index, follow, max-snippet:-1, max-image-preview:large, max-video-preview:-1\" \/>\n<link rel=\"canonical\" href=\"https:\/\/dentalsonsardina.com\/de\/deutsche-krankenversicherung-zahnarzt-mallorca\/\" \/>\n<meta property=\"og:locale\" content=\"de_DE\" \/>\n<meta property=\"og:type\" content=\"article\" \/>\n<meta property=\"og:title\" content=\"Deutsche Krankenversicherung &amp; Zahnarzt auf Mallorca\" \/>\n<meta property=\"og:description\" content=\"Kann ich mit deutscher Krankenversicherung zum Zahnarzt auf Mallorca? Was in einer privaten Klinik gilt, wie die Rechnung l\u00e4uft und worauf du bei der Erstattung achten solltest.\" \/>\n<meta property=\"og:url\" content=\"https:\/\/dentalsonsardina.com\/de\/deutsche-krankenversicherung-zahnarzt-mallorca\/\" \/>\n<meta property=\"og:site_name\" content=\"Zahnklinik Son Sardina | Deutscher Zahnarzt in Palma\" \/>\n<meta property=\"article:published_time\" content=\"2026-04-26T13:15:27+00:00\" \/>\n<meta property=\"article:modified_time\" content=\"2026-04-26T13:57:22+00:00\" \/>\n<meta property=\"og:image\" content=\"https:\/\/dentalsonsardina.com\/de\/wp-content\/uploads\/2026\/04\/Beratung-vor-der-Erstattung-beim-Zahnarzt-auf-Mallorca.jpg\" \/>\n\t<meta property=\"og:image:width\" content=\"500\" \/>\n\t<meta property=\"og:image:height\" content=\"500\" \/>\n\t<meta property=\"og:image:type\" content=\"image\/jpeg\" \/>\n<meta name=\"author\" content=\"Dental Son Sardina\" \/>\n<meta name=\"twitter:card\" content=\"summary_large_image\" \/>\n<meta name=\"twitter:label1\" content=\"Verfasst von\" \/>\n\t<meta name=\"twitter:data1\" content=\"Dental Son Sardina\" \/>\n\t<meta name=\"twitter:label2\" content=\"Gesch\u00e4tzte Lesezeit\" \/>\n\t<meta name=\"twitter:data2\" content=\"6\u00a0Minuten\" \/>\n<script type=\"application\/ld+json\" class=\"yoast-schema-graph\">{\"@context\":\"https:\\\/\\\/schema.org\",\"@graph\":[{\"@type\":\"Article\",\"@id\":\"https:\\\/\\\/dentalsonsardina.com\\\/de\\\/deutsche-krankenversicherung-zahnarzt-mallorca\\\/#article\",\"isPartOf\":{\"@id\":\"https:\\\/\\\/dentalsonsardina.com\\\/de\\\/deutsche-krankenversicherung-zahnarzt-mallorca\\\/\"},\"author\":{\"name\":\"Dental Son Sardina\",\"@id\":\"https:\\\/\\\/dentalsonsardina.com\\\/de\\\/#\\\/schema\\\/person\\\/f4e4f36a00a18b659ee607de4acdb519\"},\"headline\":\"Kann ich mit deutscher Krankenversicherung zum Zahnarzt auf Mallorca?\",\"datePublished\":\"2026-04-26T13:15:27+00:00\",\"dateModified\":\"2026-04-26T13:57:22+00:00\",\"mainEntityOfPage\":{\"@id\":\"https:\\\/\\\/dentalsonsardina.com\\\/de\\\/deutsche-krankenversicherung-zahnarzt-mallorca\\\/\"},\"wordCount\":1013,\"publisher\":{\"@id\":\"https:\\\/\\\/dentalsonsardina.com\\\/de\\\/#organization\"},\"image\":{\"@id\":\"https:\\\/\\\/dentalsonsardina.com\\\/de\\\/deutsche-krankenversicherung-zahnarzt-mallorca\\\/#primaryimage\"},\"thumbnailUrl\":\"https:\\\/\\\/dentalsonsardina.com\\\/de\\\/wp-content\\\/uploads\\\/2026\\\/04\\\/Beratung-vor-der-Erstattung-beim-Zahnarzt-auf-Mallorca.jpg\",\"keywords\":[\"Entz\u00fcndung Zahn\",\"Notfallzahnarzt Palma\",\"Schwellung Kiefer\",\"Son Sardina\",\"Zahnabszess Mallorca\"],\"articleSection\":[\"Notfall\"],\"inLanguage\":\"de\"},{\"@type\":\"WebPage\",\"@id\":\"https:\\\/\\\/dentalsonsardina.com\\\/de\\\/deutsche-krankenversicherung-zahnarzt-mallorca\\\/\",\"url\":\"https:\\\/\\\/dentalsonsardina.com\\\/de\\\/deutsche-krankenversicherung-zahnarzt-mallorca\\\/\",\"name\":\"Deutsche Krankenversicherung & Zahnarzt auf Mallorca\",\"isPartOf\":{\"@id\":\"https:\\\/\\\/dentalsonsardina.com\\\/de\\\/#website\"},\"primaryImageOfPage\":{\"@id\":\"https:\\\/\\\/dentalsonsardina.com\\\/de\\\/deutsche-krankenversicherung-zahnarzt-mallorca\\\/#primaryimage\"},\"image\":{\"@id\":\"https:\\\/\\\/dentalsonsardina.com\\\/de\\\/deutsche-krankenversicherung-zahnarzt-mallorca\\\/#primaryimage\"},\"thumbnailUrl\":\"https:\\\/\\\/dentalsonsardina.com\\\/de\\\/wp-content\\\/uploads\\\/2026\\\/04\\\/Beratung-vor-der-Erstattung-beim-Zahnarzt-auf-Mallorca.jpg\",\"datePublished\":\"2026-04-26T13:15:27+00:00\",\"dateModified\":\"2026-04-26T13:57:22+00:00\",\"description\":\"Kann ich mit deutscher Krankenversicherung zum Zahnarzt auf Mallorca? Was in einer privaten Klinik gilt, wie die Rechnung l\u00e4uft und worauf du bei der Erstattung achten solltest.\",\"breadcrumb\":{\"@id\":\"https:\\\/\\\/dentalsonsardina.com\\\/de\\\/deutsche-krankenversicherung-zahnarzt-mallorca\\\/#breadcrumb\"},\"inLanguage\":\"de\",\"potentialAction\":[{\"@type\":\"ReadAction\",\"target\":[\"https:\\\/\\\/dentalsonsardina.com\\\/de\\\/deutsche-krankenversicherung-zahnarzt-mallorca\\\/\"]}]},{\"@type\":\"ImageObject\",\"inLanguage\":\"de\",\"@id\":\"https:\\\/\\\/dentalsonsardina.com\\\/de\\\/deutsche-krankenversicherung-zahnarzt-mallorca\\\/#primaryimage\",\"url\":\"https:\\\/\\\/dentalsonsardina.com\\\/de\\\/wp-content\\\/uploads\\\/2026\\\/04\\\/Beratung-vor-der-Erstattung-beim-Zahnarzt-auf-Mallorca.jpg\",\"contentUrl\":\"https:\\\/\\\/dentalsonsardina.com\\\/de\\\/wp-content\\\/uploads\\\/2026\\\/04\\\/Beratung-vor-der-Erstattung-beim-Zahnarzt-auf-Mallorca.jpg\",\"width\":500,\"height\":500,\"caption\":\"Vor allem bei privaten Behandlungen ist eine klare Rechnung f\u00fcr viele Patienten besonders wichtig.\"},{\"@type\":\"BreadcrumbList\",\"@id\":\"https:\\\/\\\/dentalsonsardina.com\\\/de\\\/deutsche-krankenversicherung-zahnarzt-mallorca\\\/#breadcrumb\",\"itemListElement\":[{\"@type\":\"ListItem\",\"position\":1,\"name\":\"Portada\",\"item\":\"https:\\\/\\\/dentalsonsardina.com\\\/de\\\/\"},{\"@type\":\"ListItem\",\"position\":2,\"name\":\"Kann ich mit deutscher Krankenversicherung zum Zahnarzt auf Mallorca?\"}]},{\"@type\":\"WebSite\",\"@id\":\"https:\\\/\\\/dentalsonsardina.com\\\/de\\\/#website\",\"url\":\"https:\\\/\\\/dentalsonsardina.com\\\/de\\\/\",\"name\":\"Zahnklinik Son Sardina | Deutscher Zahnarzt in Palma\",\"description\":\"Deutscher Zahnarzt in Palma de Mallorca \u2013 alle zahn\u00e4rztlichen Leistungen. Schwerpunkt: Parodontologie, \u00e4sthetische Zahnheilkunde &amp; Notf\u00e4lle.\",\"publisher\":{\"@id\":\"https:\\\/\\\/dentalsonsardina.com\\\/de\\\/#organization\"},\"potentialAction\":[{\"@type\":\"SearchAction\",\"target\":{\"@type\":\"EntryPoint\",\"urlTemplate\":\"https:\\\/\\\/dentalsonsardina.com\\\/de\\\/?s={search_term_string}\"},\"query-input\":{\"@type\":\"PropertyValueSpecification\",\"valueRequired\":true,\"valueName\":\"search_term_string\"}}],\"inLanguage\":\"de\"},{\"@type\":\"Organization\",\"@id\":\"https:\\\/\\\/dentalsonsardina.com\\\/de\\\/#organization\",\"name\":\"Dental Klinik Son Sardina\",\"alternateName\":\"Dental Klinik Son Sardina Palma\",\"url\":\"https:\\\/\\\/dentalsonsardina.com\\\/de\\\/\",\"logo\":{\"@type\":\"ImageObject\",\"inLanguage\":\"de\",\"@id\":\"https:\\\/\\\/dentalsonsardina.com\\\/de\\\/#\\\/schema\\\/logo\\\/image\\\/\",\"url\":\"https:\\\/\\\/dentalsonsardina.com\\\/de\\\/wp-content\\\/uploads\\\/2023\\\/08\\\/cropped-logo-3.png\",\"contentUrl\":\"https:\\\/\\\/dentalsonsardina.com\\\/de\\\/wp-content\\\/uploads\\\/2023\\\/08\\\/cropped-logo-3.png\",\"width\":201,\"height\":67,\"caption\":\"Dental Klinik Son Sardina\"},\"image\":{\"@id\":\"https:\\\/\\\/dentalsonsardina.com\\\/de\\\/#\\\/schema\\\/logo\\\/image\\\/\"}},{\"@type\":\"Person\",\"@id\":\"https:\\\/\\\/dentalsonsardina.com\\\/de\\\/#\\\/schema\\\/person\\\/f4e4f36a00a18b659ee607de4acdb519\",\"name\":\"Dental Son Sardina\",\"image\":{\"@type\":\"ImageObject\",\"inLanguage\":\"de\",\"@id\":\"https:\\\/\\\/dentalsonsardina.com\\\/de\\\/wp-content\\\/litespeed\\\/avatar\\\/d0226953c89a25c5abce01bfa8c362eb.jpg?ver=1777288398\",\"url\":\"https:\\\/\\\/dentalsonsardina.com\\\/de\\\/wp-content\\\/litespeed\\\/avatar\\\/d0226953c89a25c5abce01bfa8c362eb.jpg?ver=1777288398\",\"contentUrl\":\"https:\\\/\\\/dentalsonsardina.com\\\/de\\\/wp-content\\\/litespeed\\\/avatar\\\/d0226953c89a25c5abce01bfa8c362eb.jpg?ver=1777288398\",\"caption\":\"Dental Son Sardina\"},\"sameAs\":[\"https:\\\/\\\/delorean360.com\\\/dentalsonsardina\"],\"url\":\"https:\\\/\\\/dentalsonsardina.com\\\/de\\\/author\\\/dental-son-sardina\\\/\"}]}<\/script>\n<!-- \/ Yoast SEO plugin. -->","yoast_head_json":{"title":"Deutsche Krankenversicherung & Zahnarzt auf Mallorca","description":"Kann ich mit deutscher Krankenversicherung zum Zahnarzt auf Mallorca? Was in einer privaten Klinik gilt, wie die Rechnung l\u00e4uft und worauf du bei der Erstattung achten solltest.","robots":{"index":"index","follow":"follow","max-snippet":"max-snippet:-1","max-image-preview":"max-image-preview:large","max-video-preview":"max-video-preview:-1"},"canonical":"https:\/\/dentalsonsardina.com\/de\/deutsche-krankenversicherung-zahnarzt-mallorca\/","og_locale":"de_DE","og_type":"article","og_title":"Deutsche Krankenversicherung & Zahnarzt auf Mallorca","og_description":"Kann ich mit deutscher Krankenversicherung zum Zahnarzt auf Mallorca? Was in einer privaten Klinik gilt, wie die Rechnung l\u00e4uft und worauf du bei der Erstattung achten solltest.","og_url":"https:\/\/dentalsonsardina.com\/de\/deutsche-krankenversicherung-zahnarzt-mallorca\/","og_site_name":"Zahnklinik Son Sardina | Deutscher Zahnarzt in Palma","article_published_time":"2026-04-26T13:15:27+00:00","article_modified_time":"2026-04-26T13:57:22+00:00","og_image":[{"width":500,"height":500,"url":"https:\/\/dentalsonsardina.com\/de\/wp-content\/uploads\/2026\/04\/Beratung-vor-der-Erstattung-beim-Zahnarzt-auf-Mallorca.jpg","type":"image\/jpeg"}],"author":"Dental Son Sardina","twitter_card":"summary_large_image","twitter_misc":{"Verfasst von":"Dental Son Sardina","Gesch\u00e4tzte Lesezeit":"6\u00a0Minuten"},"schema":{"@context":"https:\/\/schema.org","@graph":[{"@type":"Article","@id":"https:\/\/dentalsonsardina.com\/de\/deutsche-krankenversicherung-zahnarzt-mallorca\/#article","isPartOf":{"@id":"https:\/\/dentalsonsardina.com\/de\/deutsche-krankenversicherung-zahnarzt-mallorca\/"},"author":{"name":"Dental Son Sardina","@id":"https:\/\/dentalsonsardina.com\/de\/#\/schema\/person\/f4e4f36a00a18b659ee607de4acdb519"},"headline":"Kann ich mit deutscher Krankenversicherung zum Zahnarzt auf Mallorca?","datePublished":"2026-04-26T13:15:27+00:00","dateModified":"2026-04-26T13:57:22+00:00","mainEntityOfPage":{"@id":"https:\/\/dentalsonsardina.com\/de\/deutsche-krankenversicherung-zahnarzt-mallorca\/"},"wordCount":1013,"publisher":{"@id":"https:\/\/dentalsonsardina.com\/de\/#organization"},"image":{"@id":"https:\/\/dentalsonsardina.com\/de\/deutsche-krankenversicherung-zahnarzt-mallorca\/#primaryimage"},"thumbnailUrl":"https:\/\/dentalsonsardina.com\/de\/wp-content\/uploads\/2026\/04\/Beratung-vor-der-Erstattung-beim-Zahnarzt-auf-Mallorca.jpg","keywords":["Entz\u00fcndung Zahn","Notfallzahnarzt Palma","Schwellung Kiefer","Son Sardina","Zahnabszess Mallorca"],"articleSection":["Notfall"],"inLanguage":"de"},{"@type":"WebPage","@id":"https:\/\/dentalsonsardina.com\/de\/deutsche-krankenversicherung-zahnarzt-mallorca\/","url":"https:\/\/dentalsonsardina.com\/de\/deutsche-krankenversicherung-zahnarzt-mallorca\/","name":"Deutsche Krankenversicherung & Zahnarzt auf Mallorca","isPartOf":{"@id":"https:\/\/dentalsonsardina.com\/de\/#website"},"primaryImageOfPage":{"@id":"https:\/\/dentalsonsardina.com\/de\/deutsche-krankenversicherung-zahnarzt-mallorca\/#primaryimage"},"image":{"@id":"https:\/\/dentalsonsardina.com\/de\/deutsche-krankenversicherung-zahnarzt-mallorca\/#primaryimage"},"thumbnailUrl":"https:\/\/dentalsonsardina.com\/de\/wp-content\/uploads\/2026\/04\/Beratung-vor-der-Erstattung-beim-Zahnarzt-auf-Mallorca.jpg","datePublished":"2026-04-26T13:15:27+00:00","dateModified":"2026-04-26T13:57:22+00:00","description":"Kann ich mit deutscher Krankenversicherung zum Zahnarzt auf Mallorca? Was in einer privaten Klinik gilt, wie die Rechnung l\u00e4uft und worauf du bei der Erstattung achten solltest.","breadcrumb":{"@id":"https:\/\/dentalsonsardina.com\/de\/deutsche-krankenversicherung-zahnarzt-mallorca\/#breadcrumb"},"inLanguage":"de","potentialAction":[{"@type":"ReadAction","target":["https:\/\/dentalsonsardina.com\/de\/deutsche-krankenversicherung-zahnarzt-mallorca\/"]}]},{"@type":"ImageObject","inLanguage":"de","@id":"https:\/\/dentalsonsardina.com\/de\/deutsche-krankenversicherung-zahnarzt-mallorca\/#primaryimage","url":"https:\/\/dentalsonsardina.com\/de\/wp-content\/uploads\/2026\/04\/Beratung-vor-der-Erstattung-beim-Zahnarzt-auf-Mallorca.jpg","contentUrl":"https:\/\/dentalsonsardina.com\/de\/wp-content\/uploads\/2026\/04\/Beratung-vor-der-Erstattung-beim-Zahnarzt-auf-Mallorca.jpg","width":500,"height":500,"caption":"Vor allem bei privaten Behandlungen ist eine klare Rechnung f\u00fcr viele Patienten besonders wichtig."},{"@type":"BreadcrumbList","@id":"https:\/\/dentalsonsardina.com\/de\/deutsche-krankenversicherung-zahnarzt-mallorca\/#breadcrumb","itemListElement":[{"@type":"ListItem","position":1,"name":"Portada","item":"https:\/\/dentalsonsardina.com\/de\/"},{"@type":"ListItem","position":2,"name":"Kann ich mit deutscher Krankenversicherung zum Zahnarzt auf Mallorca?"}]},{"@type":"WebSite","@id":"https:\/\/dentalsonsardina.com\/de\/#website","url":"https:\/\/dentalsonsardina.com\/de\/","name":"Zahnklinik Son Sardina | Deutscher Zahnarzt in Palma","description":"Deutscher Zahnarzt in Palma de Mallorca \u2013 alle zahn\u00e4rztlichen Leistungen. Schwerpunkt: Parodontologie, \u00e4sthetische Zahnheilkunde &amp; Notf\u00e4lle.","publisher":{"@id":"https:\/\/dentalsonsardina.com\/de\/#organization"},"potentialAction":[{"@type":"SearchAction","target":{"@type":"EntryPoint","urlTemplate":"https:\/\/dentalsonsardina.com\/de\/?s={search_term_string}"},"query-input":{"@type":"PropertyValueSpecification","valueRequired":true,"valueName":"search_term_string"}}],"inLanguage":"de"},{"@type":"Organization","@id":"https:\/\/dentalsonsardina.com\/de\/#organization","name":"Dental Klinik Son Sardina","alternateName":"Dental Klinik Son Sardina Palma","url":"https:\/\/dentalsonsardina.com\/de\/","logo":{"@type":"ImageObject","inLanguage":"de","@id":"https:\/\/dentalsonsardina.com\/de\/#\/schema\/logo\/image\/","url":"https:\/\/dentalsonsardina.com\/de\/wp-content\/uploads\/2023\/08\/cropped-logo-3.png","contentUrl":"https:\/\/dentalsonsardina.com\/de\/wp-content\/uploads\/2023\/08\/cropped-logo-3.png","width":201,"height":67,"caption":"Dental Klinik Son Sardina"},"image":{"@id":"https:\/\/dentalsonsardina.com\/de\/#\/schema\/logo\/image\/"}},{"@type":"Person","@id":"https:\/\/dentalsonsardina.com\/de\/#\/schema\/person\/f4e4f36a00a18b659ee607de4acdb519","name":"Dental Son Sardina","image":{"@type":"ImageObject","inLanguage":"de","@id":"https:\/\/dentalsonsardina.com\/de\/wp-content\/litespeed\/avatar\/d0226953c89a25c5abce01bfa8c362eb.jpg?ver=1777288398","url":"https:\/\/dentalsonsardina.com\/de\/wp-content\/litespeed\/avatar\/d0226953c89a25c5abce01bfa8c362eb.jpg?ver=1777288398","contentUrl":"https:\/\/dentalsonsardina.com\/de\/wp-content\/litespeed\/avatar\/d0226953c89a25c5abce01bfa8c362eb.jpg?ver=1777288398","caption":"Dental Son Sardina"},"sameAs":["https:\/\/delorean360.com\/dentalsonsardina"],"url":"https:\/\/dentalsonsardina.com\/de\/author\/dental-son-sardina\/"}]}},"_links":{"self":[{"href":"https:\/\/dentalsonsardina.com\/de\/wp-json\/wp\/v2\/posts\/2793","targetHints":{"allow":["GET"]}}],"collection":[{"href":"https:\/\/dentalsonsardina.com\/de\/wp-json\/wp\/v2\/posts"}],"about":[{"href":"https:\/\/dentalsonsardina.com\/de\/wp-json\/wp\/v2\/types\/post"}],"author":[{"embeddable":true,"href":"https:\/\/dentalsonsardina.com\/de\/wp-json\/wp\/v2\/users\/1"}],"replies":[{"embeddable":true,"href":"https:\/\/dentalsonsardina.com\/de\/wp-json\/wp\/v2\/comments?post=2793"}],"version-history":[{"count":16,"href":"https:\/\/dentalsonsardina.com\/de\/wp-json\/wp\/v2\/posts\/2793\/revisions"}],"predecessor-version":[{"id":2809,"href":"https:\/\/dentalsonsardina.com\/de\/wp-json\/wp\/v2\/posts\/2793\/revisions\/2809"}],"wp:featuredmedia":[{"embeddable":true,"href":"https:\/\/dentalsonsardina.com\/de\/wp-json\/wp\/v2\/media\/2780"}],"wp:attachment":[{"href":"https:\/\/dentalsonsardina.com\/de\/wp-json\/wp\/v2\/media?parent=2793"}],"wp:term":[{"taxonomy":"category","embeddable":true,"href":"https:\/\/dentalsonsardina.com\/de\/wp-json\/wp\/v2\/categories?post=2793"},{"taxonomy":"post_tag","embeddable":true,"href":"https:\/\/dentalsonsardina.com\/de\/wp-json\/wp\/v2\/tags?post=2793"}],"curies":[{"name":"wp","href":"https:\/\/api.w.org\/{rel}","templated":true}]}}