{"id":2769,"date":"2026-04-20T16:51:59","date_gmt":"2026-04-20T14:51:59","guid":{"rendered":"https:\/\/dentalsonsardina.com\/de\/?p=2769"},"modified":"2026-04-20T20:43:20","modified_gmt":"2026-04-20T18:43:20","slug":"empfindliche-zaehne-kalte-getraenke","status":"publish","type":"post","link":"https:\/\/dentalsonsardina.com\/de\/empfindliche-zaehne-kalte-getraenke\/","title":{"rendered":"Warum tun kalte Getr\u00e4nke pl\u00f6tzlich an den Z\u00e4hnen weh?"},"content":{"rendered":"\t\t<div data-elementor-type=\"wp-post\" data-elementor-id=\"2769\" class=\"elementor elementor-2769\">\n\t\t\t\t\t\t<section class=\"elementor-section elementor-top-section elementor-element elementor-element-5174b50 elementor-section-boxed elementor-section-height-default elementor-section-height-default\" data-id=\"5174b50\" data-element_type=\"section\" data-e-type=\"section\">\n\t\t\t\t\t\t<div class=\"elementor-container elementor-column-gap-default\">\n\t\t\t\t\t<div class=\"elementor-column elementor-col-100 elementor-top-column elementor-element elementor-element-5ead5b6e\" data-id=\"5ead5b6e\" data-element_type=\"column\" data-e-type=\"column\">\n\t\t\t<div class=\"elementor-widget-wrap elementor-element-populated\">\n\t\t\t\t\t\t\t<\/div>\n\t\t<\/div>\n\t\t\t\t\t<\/div>\n\t\t<\/section>\n\t\t\t\t<section class=\"elementor-section elementor-top-section elementor-element elementor-element-1a5de27 elementor-section-content-middle elementor-section-boxed elementor-section-height-default elementor-section-height-default\" data-id=\"1a5de27\" data-element_type=\"section\" data-e-type=\"section\" data-settings=\"{&quot;background_background&quot;:&quot;classic&quot;}\">\n\t\t\t\t\t\t\t<div class=\"elementor-background-overlay\"><\/div>\n\t\t\t\t\t\t\t<div class=\"elementor-container elementor-column-gap-no\">\n\t\t\t\t\t<div class=\"elementor-column elementor-col-100 elementor-top-column elementor-element elementor-element-8fb7c05 elementor-invisible\" data-id=\"8fb7c05\" data-element_type=\"column\" data-e-type=\"column\" data-settings=\"{&quot;animation&quot;:&quot;slideInLeft&quot;}\">\n\t\t\t<div class=\"elementor-widget-wrap elementor-element-populated\">\n\t\t\t\t\t\t<div class=\"elementor-element elementor-element-3a27fae elementor-widget elementor-widget-text-editor\" data-id=\"3a27fae\" data-element_type=\"widget\" data-e-type=\"widget\" data-widget_type=\"text-editor.default\">\n\t\t\t\t<div class=\"elementor-widget-container\">\n\t\t\t\t\t\t\t\t\t<p><em>Ein kurzer Schmerz beim kalten Getr\u00e4nk \u2013 und sofort ist da Unsicherheit. Viele Patienten kennen dieses Ziehen, wenn kaltes Wasser, ein Softdrink mit Eis oder sogar frische Luft an einen Zahn kommt. Manchmal bleibt es bei einem kurzen Reiz. Manchmal wiederholt sich das Gef\u00fchl aber immer h\u00e4ufiger und beginnt, im Alltag zu st\u00f6ren.<\/em><\/p>\t\t\t\t\t\t\t\t<\/div>\n\t\t\t\t<\/div>\n\t\t\t\t<div class=\"elementor-element elementor-element-c604d6a elementor-widget elementor-widget-heading\" data-id=\"c604d6a\" data-element_type=\"widget\" data-e-type=\"widget\" data-widget_type=\"heading.default\">\n\t\t\t\t<div class=\"elementor-widget-container\">\n\t\t\t\t\t<h2 class=\"elementor-heading-title elementor-size-default\">Empfindliche Z\u00e4hne sind keine Seltenheit<\/h2>\t\t\t\t<\/div>\n\t\t\t\t<\/div>\n\t\t\t\t<div class=\"elementor-element elementor-element-4c481a1 elementor-widget elementor-widget-text-editor\" data-id=\"4c481a1\" data-element_type=\"widget\" data-e-type=\"widget\" data-widget_type=\"text-editor.default\">\n\t\t\t\t<div class=\"elementor-widget-container\">\n\t\t\t\t\t\t\t\t\t<p>Empfindliche Z\u00e4hne sind kein seltenes Problem. Hinter dem Schmerz kann etwas Einfaches stecken, zum Beispiel ein vor\u00fcbergehend gereizter Zahnhals. Es kann aber auch ein Hinweis darauf sein, dass Zahnschmelz abgetragen wurde, Zahnfleisch sich etwas zur\u00fcckgezogen hat oder ein Zahn bereits eine genauere Kontrolle braucht.<\/p>\t\t\t\t\t\t\t\t<\/div>\n\t\t\t\t<\/div>\n\t\t\t\t\t<\/div>\n\t\t<\/div>\n\t\t\t\t\t<\/div>\n\t\t<\/section>\n\t\t\t\t<section class=\"elementor-section elementor-top-section elementor-element elementor-element-69be3c7 elementor-section-content-middle elementor-section-boxed elementor-section-height-default elementor-section-height-default\" data-id=\"69be3c7\" data-element_type=\"section\" data-e-type=\"section\">\n\t\t\t\t\t\t<div class=\"elementor-container elementor-column-gap-no\">\n\t\t\t\t\t<div class=\"elementor-column elementor-col-100 elementor-top-column elementor-element elementor-element-44b922c elementor-invisible\" data-id=\"44b922c\" data-element_type=\"column\" data-e-type=\"column\" data-settings=\"{&quot;animation&quot;:&quot;slideInLeft&quot;}\">\n\t\t\t<div class=\"elementor-widget-wrap elementor-element-populated\">\n\t\t\t\t\t\t<div class=\"elementor-element elementor-element-3394f83 elementor-widget elementor-widget-heading\" data-id=\"3394f83\" data-element_type=\"widget\" data-e-type=\"widget\" data-widget_type=\"heading.default\">\n\t\t\t\t<div class=\"elementor-widget-container\">\n\t\t\t\t\t<h2 class=\"elementor-heading-title elementor-size-default\">Warum man solche Beschwerden nicht zu lange ignorieren sollte<\/h2>\t\t\t\t<\/div>\n\t\t\t\t<\/div>\n\t\t\t\t<div class=\"elementor-element elementor-element-cea974e elementor-widget elementor-widget-text-editor\" data-id=\"cea974e\" data-element_type=\"widget\" data-e-type=\"widget\" data-widget_type=\"text-editor.default\">\n\t\t\t\t<div class=\"elementor-widget-container\">\n\t\t\t\t\t\t\t\t\t<p>Viele Menschen warten zun\u00e4chst ab, weil der Schmerz nicht dauerhaft ist. Genau das macht das Thema so t\u00fcckisch: Der Reiz kommt nur f\u00fcr Sekunden, aber er wiederholt sich. Und mit der Zeit beginnt man, bestimmte Getr\u00e4nke, Lebensmittel oder sogar das Z\u00e4hneputzen zu vermeiden.<\/p>\t\t\t\t\t\t\t\t<\/div>\n\t\t\t\t<\/div>\n\t\t\t\t\t<\/div>\n\t\t<\/div>\n\t\t\t\t\t<\/div>\n\t\t<\/section>\n\t\t\t\t<section class=\"elementor-section elementor-top-section elementor-element elementor-element-d162f33 elementor-section-content-middle elementor-section-boxed elementor-section-height-default elementor-section-height-default\" data-id=\"d162f33\" data-element_type=\"section\" data-e-type=\"section\" data-settings=\"{&quot;background_background&quot;:&quot;classic&quot;}\">\n\t\t\t\t\t\t\t<div class=\"elementor-background-overlay\"><\/div>\n\t\t\t\t\t\t\t<div class=\"elementor-container elementor-column-gap-no\">\n\t\t\t\t\t<div class=\"elementor-column elementor-col-100 elementor-top-column elementor-element elementor-element-c85dc0c elementor-invisible\" data-id=\"c85dc0c\" data-element_type=\"column\" data-e-type=\"column\" data-settings=\"{&quot;animation&quot;:&quot;slideInLeft&quot;}\">\n\t\t\t<div class=\"elementor-widget-wrap elementor-element-populated\">\n\t\t\t\t\t\t<div class=\"elementor-element elementor-element-e25b39e elementor-widget elementor-widget-heading\" data-id=\"e25b39e\" data-element_type=\"widget\" data-e-type=\"widget\" data-widget_type=\"heading.default\">\n\t\t\t\t<div class=\"elementor-widget-container\">\n\t\t\t\t\t<h2 class=\"elementor-heading-title elementor-size-default\">H\u00e4ufige Ursachen f\u00fcr Schmerzen bei kalten Getr\u00e4nken<\/h2>\t\t\t\t<\/div>\n\t\t\t\t<\/div>\n\t\t\t\t<div class=\"elementor-element elementor-element-bee74d3 elementor-widget elementor-widget-text-editor\" data-id=\"bee74d3\" data-element_type=\"widget\" data-e-type=\"widget\" data-widget_type=\"text-editor.default\">\n\t\t\t\t<div class=\"elementor-widget-container\">\n\t\t\t\t\t\t\t\t\t<p>H\u00e4ufige Ursachen sind freiliegende Zahnh\u00e4lse, abgenutzter Zahnschmelz, kleine Defekte an F\u00fcllungen oder Reizungen nach sehr kr\u00e4ftigem Putzen. Auch n\u00e4chtliches Knirschen, s\u00e4urehaltige Getr\u00e4nke oder entz\u00fcndetes Zahnfleisch k\u00f6nnen eine Rolle spielen. Nicht jeder Fall ist dringend \u2013 aber jeder wiederkehrende Fall verdient eine klare Einordnung.<\/p>\t\t\t\t\t\t\t\t<\/div>\n\t\t\t\t<\/div>\n\t\t\t\t<div class=\"elementor-element elementor-element-cdab855 elementor-widget elementor-widget-heading\" data-id=\"cdab855\" data-element_type=\"widget\" data-e-type=\"widget\" data-widget_type=\"heading.default\">\n\t\t\t\t<div class=\"elementor-widget-container\">\n\t\t\t\t\t<h2 class=\"elementor-heading-title elementor-size-default\">Nicht nur K\u00e4lte kann die Z\u00e4hne empfindlich machen<\/h2>\t\t\t\t<\/div>\n\t\t\t\t<\/div>\n\t\t\t\t<div class=\"elementor-element elementor-element-06dbd1e elementor-widget elementor-widget-text-editor\" data-id=\"06dbd1e\" data-element_type=\"widget\" data-e-type=\"widget\" data-widget_type=\"text-editor.default\">\n\t\t\t\t<div class=\"elementor-widget-container\">\n\t\t\t\t\t\t\t\t\t<p data-start=\"1749\" data-end=\"2023\">Typisch ist, dass der Schmerz nur bei K\u00e4lte auftritt. Doch auch S\u00fc\u00dfes, Hei\u00dfes oder sehr saure Lebensmittel k\u00f6nnen die Z\u00e4hne pl\u00f6tzlich empfindlicher machen. Wenn zus\u00e4tzlich Druckschmerz, Zahnfleischbluten oder Beschwerden beim Kauen dazukommen, sollte man genauer hinschauen.<\/p>\t\t\t\t\t\t\t\t<\/div>\n\t\t\t\t<\/div>\n\t\t\t\t<div class=\"elementor-element elementor-element-d92d778 elementor-widget elementor-widget-image\" data-id=\"d92d778\" data-element_type=\"widget\" data-e-type=\"widget\" data-widget_type=\"image.default\">\n\t\t\t\t<div class=\"elementor-widget-container\">\n\t\t\t\t\t\t\t\t\t\t\t\t\t\t\t<img fetchpriority=\"high\" decoding=\"async\" width=\"1280\" height=\"854\" src=\"https:\/\/dentalsonsardina.com\/de\/wp-content\/uploads\/2026\/04\/tea-hot.jpg\" class=\"attachment-full size-full wp-image-2773\" alt=\"\" srcset=\"https:\/\/dentalsonsardina.com\/de\/wp-content\/uploads\/2026\/04\/tea-hot.jpg 1280w, https:\/\/dentalsonsardina.com\/de\/wp-content\/uploads\/2026\/04\/tea-hot-300x200.jpg 300w, https:\/\/dentalsonsardina.com\/de\/wp-content\/uploads\/2026\/04\/tea-hot-1024x683.jpg 1024w, https:\/\/dentalsonsardina.com\/de\/wp-content\/uploads\/2026\/04\/tea-hot-768x512.jpg 768w\" sizes=\"(max-width: 1280px) 100vw, 1280px\" \/>\t\t\t\t\t\t\t\t\t\t\t\t\t\t\t<\/div>\n\t\t\t\t<\/div>\n\t\t\t\t\t<\/div>\n\t\t<\/div>\n\t\t\t\t\t<\/div>\n\t\t<\/section>\n\t\t\t\t<section class=\"elementor-section elementor-top-section elementor-element elementor-element-d8cff5a elementor-section-content-middle elementor-section-boxed elementor-section-height-default elementor-section-height-default\" data-id=\"d8cff5a\" data-element_type=\"section\" data-e-type=\"section\">\n\t\t\t\t\t\t<div class=\"elementor-container elementor-column-gap-no\">\n\t\t\t\t\t<div class=\"elementor-column elementor-col-100 elementor-top-column elementor-element elementor-element-686cd62 elementor-invisible\" data-id=\"686cd62\" data-element_type=\"column\" data-e-type=\"column\" data-settings=\"{&quot;animation&quot;:&quot;slideInLeft&quot;}\">\n\t\t\t<div class=\"elementor-widget-wrap elementor-element-populated\">\n\t\t\t\t\t\t<div class=\"elementor-element elementor-element-fb0b4f4 elementor-widget elementor-widget-heading\" data-id=\"fb0b4f4\" data-element_type=\"widget\" data-e-type=\"widget\" data-widget_type=\"heading.default\">\n\t\t\t\t<div class=\"elementor-widget-container\">\n\t\t\t\t\t<h2 class=\"elementor-heading-title elementor-size-default\">Was du selbst im Alltag tun kannst<\/h2>\t\t\t\t<\/div>\n\t\t\t\t<\/div>\n\t\t\t\t<div class=\"elementor-element elementor-element-2fa4615 elementor-widget elementor-widget-text-editor\" data-id=\"2fa4615\" data-element_type=\"widget\" data-e-type=\"widget\" data-widget_type=\"text-editor.default\">\n\t\t\t\t<div class=\"elementor-widget-container\">\n\t\t\t\t\t\t\t\t\t<p>Was du selbst tun kannst: Putze sanft mit einer weichen B\u00fcrste, dr\u00fccke nicht zu stark auf und beobachte, ob stark s\u00e4urehaltige Getr\u00e4nke oder h\u00e4ufiges Snacken die Beschwerden verst\u00e4rken. Kalte Getr\u00e4nke langsam zu trinken oder danach Wasser nachzusp\u00fclen, kann im Alltag helfen. Wichtig ist aber: Hausmittel ersetzen keine Untersuchung, wenn der Schmerz immer wieder kommt.<\/p>\t\t\t\t\t\t\t\t<\/div>\n\t\t\t\t<\/div>\n\t\t\t\t\t<\/div>\n\t\t<\/div>\n\t\t\t\t\t<\/div>\n\t\t<\/section>\n\t\t\t\t<section class=\"elementor-section elementor-top-section elementor-element elementor-element-cefa179 elementor-section-content-middle elementor-section-boxed elementor-section-height-default elementor-section-height-default\" data-id=\"cefa179\" data-element_type=\"section\" data-e-type=\"section\">\n\t\t\t\t\t\t<div class=\"elementor-container elementor-column-gap-no\">\n\t\t\t\t\t<div class=\"elementor-column elementor-col-100 elementor-top-column elementor-element elementor-element-3ec6119 elementor-invisible\" data-id=\"3ec6119\" data-element_type=\"column\" data-e-type=\"column\" data-settings=\"{&quot;animation&quot;:&quot;slideInLeft&quot;}\">\n\t\t\t<div class=\"elementor-widget-wrap elementor-element-populated\">\n\t\t\t\t\t\t<div class=\"elementor-element elementor-element-e0abb72 elementor-widget elementor-widget-heading\" data-id=\"e0abb72\" data-element_type=\"widget\" data-e-type=\"widget\" data-widget_type=\"heading.default\">\n\t\t\t\t<div class=\"elementor-widget-container\">\n\t\t\t\t\t<h2 class=\"elementor-heading-title elementor-size-default\">Was bei einer Kontrolle abgekl\u00e4rt werden kann<\/h2>\t\t\t\t<\/div>\n\t\t\t\t<\/div>\n\t\t\t\t<div class=\"elementor-element elementor-element-590e519 elementor-widget elementor-widget-text-editor\" data-id=\"590e519\" data-element_type=\"widget\" data-e-type=\"widget\" data-widget_type=\"text-editor.default\">\n\t\t\t\t<div class=\"elementor-widget-container\">\n\t\t\t\t\t\t\t\t\t<p data-start=\"2500\" data-end=\"2876\">Gerade auf Mallorca m\u00f6chten viele deutschsprachige Patienten vor allem eines: schnell verstehen, was wahrscheinlich hinter den Beschwerden steckt und ob sofort etwas gemacht werden muss. In einer Kontrolle l\u00e4sst sich meist gut einsch\u00e4tzen, ob es eher um empfindliche Zahnh\u00e4lse, um Zahnfleisch, um eine alte F\u00fcllung oder um einen Zahn geht, der genauer \u00fcberpr\u00fcft werden sollte.<\/p>\t\t\t\t\t\t\t\t<\/div>\n\t\t\t\t<\/div>\n\t\t\t\t<div class=\"elementor-element elementor-element-7b1d37a elementor-widget elementor-widget-heading\" data-id=\"7b1d37a\" data-element_type=\"widget\" data-e-type=\"widget\" data-widget_type=\"heading.default\">\n\t\t\t\t<div class=\"elementor-widget-container\">\n\t\t\t\t\t<h2 class=\"elementor-heading-title elementor-size-default\">Wann du mit empfindlichen Z\u00e4hnen zum Zahnarzt gehen solltest<\/h2>\t\t\t\t<\/div>\n\t\t\t\t<\/div>\n\t\t\t\t<div class=\"elementor-element elementor-element-23d2b21 elementor-widget elementor-widget-text-editor\" data-id=\"23d2b21\" data-element_type=\"widget\" data-e-type=\"widget\" data-widget_type=\"text-editor.default\">\n\t\t\t\t<div class=\"elementor-widget-container\">\n\t\t\t\t\t\t\t\t\t<p>Eine zahn\u00e4rztliche Kontrolle ist besonders sinnvoll, wenn der Schmerz h\u00e4ufiger wird, wenn mehrere Z\u00e4hne betroffen sind, wenn das Problem pl\u00f6tzlich neu auftritt oder wenn zus\u00e4tzlich sichtbare Ver\u00e4nderungen am Zahnfleisch auffallen. Auch nach einer alten F\u00fcllung, einer Krone oder einem kleinen Bruch sollte man nicht zu lange warten.<\/p>\t\t\t\t\t\t\t\t<\/div>\n\t\t\t\t<\/div>\n\t\t\t\t<div class=\"elementor-element elementor-element-710f413 elementor-widget elementor-widget-heading\" data-id=\"710f413\" data-element_type=\"widget\" data-e-type=\"widget\" data-widget_type=\"heading.default\">\n\t\t\t\t<div class=\"elementor-widget-container\">\n\t\t\t\t\t<h2 class=\"elementor-heading-title elementor-size-default\">Die gute Nachricht: Oft l\u00e4sst sich die Ursache gut behandeln<\/h2>\t\t\t\t<\/div>\n\t\t\t\t<\/div>\n\t\t\t\t<div class=\"elementor-element elementor-element-44fc378 elementor-widget elementor-widget-text-editor\" data-id=\"44fc378\" data-element_type=\"widget\" data-e-type=\"widget\" data-widget_type=\"text-editor.default\">\n\t\t\t\t<div class=\"elementor-widget-container\">\n\t\t\t\t\t\t\t\t\t<p>Die gute Nachricht: Empfindliche Z\u00e4hne lassen sich oft gut einordnen und je nach Ursache auch gezielt behandeln. Manchmal reicht eine Anpassung der Pflege. In anderen F\u00e4llen helfen Schutzma\u00dfnahmen f\u00fcr freiliegende Bereiche oder eine Behandlung der eigentlichen Ursache. Entscheidend ist, nicht nur den Schmerz zu d\u00e4mpfen, sondern zu kl\u00e4ren, warum er \u00fcberhaupt da ist.<\/p>\t\t\t\t\t\t\t\t<\/div>\n\t\t\t\t<\/div>\n\t\t\t\t\t<\/div>\n\t\t<\/div>\n\t\t\t\t\t<\/div>\n\t\t<\/section>\n\t\t\t\t<section class=\"elementor-section elementor-top-section elementor-element elementor-element-e371c71 elementor-section-content-middle elementor-section-boxed elementor-section-height-default elementor-section-height-default\" data-id=\"e371c71\" data-element_type=\"section\" data-e-type=\"section\" data-settings=\"{&quot;background_background&quot;:&quot;classic&quot;}\">\n\t\t\t\t\t\t<div class=\"elementor-container elementor-column-gap-no\">\n\t\t\t\t\t<div class=\"elementor-column elementor-col-50 elementor-top-column elementor-element elementor-element-b11273e elementor-invisible\" data-id=\"b11273e\" data-element_type=\"column\" data-e-type=\"column\" data-settings=\"{&quot;animation&quot;:&quot;slideInLeft&quot;}\">\n\t\t\t<div class=\"elementor-widget-wrap elementor-element-populated\">\n\t\t\t\t\t\t<div class=\"elementor-element elementor-element-e33e033 elementor-widget__width-initial elementor-widget elementor-widget-heading\" data-id=\"e33e033\" data-element_type=\"widget\" data-e-type=\"widget\" data-widget_type=\"heading.default\">\n\t\t\t\t<div class=\"elementor-widget-container\">\n\t\t\t\t\t<h2 class=\"elementor-heading-title elementor-size-default\">Fazit: <\/h2>\t\t\t\t<\/div>\n\t\t\t\t<\/div>\n\t\t\t\t<div class=\"elementor-element elementor-element-1e529dd elementor-widget elementor-widget-text-editor\" data-id=\"1e529dd\" data-element_type=\"widget\" data-e-type=\"widget\" data-widget_type=\"text-editor.default\">\n\t\t\t\t<div class=\"elementor-widget-container\">\n\t\t\t\t\t\t\t\t\t<p>Wenn kalte Getr\u00e4nke bei dir immer wieder unangenehm ziehen, lohnt sich eine verst\u00e4ndliche Einsch\u00e4tzung. So wei\u00dft du schnell, ob es nur eine Reizung ist \u2013 oder ob dein Zahn eine genauere Kontrolle braucht.<\/p><p data-start=\"7447\" data-end=\"7574\"><strong data-start=\"7447\" data-end=\"7506\">Kontakt:<\/strong><br data-start=\"7506\" data-end=\"7509\" \/>Festnetz: +34 971 43 86 73<br data-start=\"7535\" data-end=\"7538\" \/>Notfall: +34 679 09 14 76 (WhatsApp)<\/p>\t\t\t\t\t\t\t\t<\/div>\n\t\t\t\t<\/div>\n\t\t\t\t\t<\/div>\n\t\t<\/div>\n\t\t\t\t<div class=\"elementor-column elementor-col-50 elementor-top-column elementor-element elementor-element-3860dd8 elementor-invisible\" data-id=\"3860dd8\" data-element_type=\"column\" data-e-type=\"column\" data-settings=\"{&quot;animation&quot;:&quot;slideInRight&quot;,&quot;background_background&quot;:&quot;classic&quot;}\">\n\t\t\t<div class=\"elementor-widget-wrap\">\n\t\t\t\t\t\t\t<\/div>\n\t\t<\/div>\n\t\t\t\t\t<\/div>\n\t\t<\/section>\n\t\t\t\t<section class=\"elementor-section elementor-top-section elementor-element elementor-element-680fbca elementor-section-content-middle elementor-reverse-mobile elementor-section-full_width elementor-section-height-default elementor-section-height-default\" data-id=\"680fbca\" data-element_type=\"section\" data-e-type=\"section\">\n\t\t\t\t\t\t\t<div class=\"elementor-background-overlay\"><\/div>\n\t\t\t\t\t\t\t<div class=\"elementor-container elementor-column-gap-no\">\n\t\t\t\t\t<div class=\"elementor-column elementor-col-50 elementor-top-column elementor-element elementor-element-2715050\" data-id=\"2715050\" data-element_type=\"column\" data-e-type=\"column\">\n\t\t\t<div class=\"elementor-widget-wrap elementor-element-populated\">\n\t\t\t\t\t\t<div class=\"elementor-element elementor-element-c18f9d1 elementor-widget elementor-widget-google_maps\" data-id=\"c18f9d1\" data-element_type=\"widget\" data-e-type=\"widget\" data-widget_type=\"google_maps.default\">\n\t\t\t\t<div class=\"elementor-widget-container\">\n\t\t\t\t\t\t\t<div class=\"elementor-custom-embed\">\n\t\t\t<iframe\n\t\t\t\t\tdata-src=\"https:\/\/maps.google.com\/maps?q=Cl%C3%ADnica%20Dental%20Son%20Sardina%2C%20Cam%C3%AD%20de%20Passatemps%2C%20123%2C%20Bajo%2C%2007120%20Son%20Sardina%2C%20Illes%20Balears&#038;t=m&#038;z=18&#038;output=embed&#038;iwloc=near\"\n\t\t\t\t\ttitle=\"Cl\u00ednica Dental Son Sardina, Cam\u00ed de Passatemps, 123, Bajo, 07120 Son Sardina, Illes Balears\"\n\t\t\t\t\taria-label=\"Cl\u00ednica Dental Son Sardina, Cam\u00ed de Passatemps, 123, Bajo, 07120 Son Sardina, Illes Balears\"\n\t\t\t src=\"data:image\/svg+xml;base64,PHN2ZyB3aWR0aD0iMSIgaGVpZ2h0PSIxIiB4bWxucz0iaHR0cDovL3d3dy53My5vcmcvMjAwMC9zdmciPjwvc3ZnPg==\" class=\"lazyload\" data-load-mode=\"1\"><\/iframe>\n\t\t<\/div>\n\t\t\t\t\t\t<\/div>\n\t\t\t\t<\/div>\n\t\t\t\t\t<\/div>\n\t\t<\/div>\n\t\t\t\t<div class=\"elementor-column elementor-col-50 elementor-top-column elementor-element elementor-element-fd38ee3\" data-id=\"fd38ee3\" data-element_type=\"column\" data-e-type=\"column\">\n\t\t\t<div class=\"elementor-widget-wrap elementor-element-populated\">\n\t\t\t\t\t\t<div class=\"elementor-element elementor-element-9f6fe54 elementor-widget__width-initial elementor-widget elementor-widget-heading\" data-id=\"9f6fe54\" data-element_type=\"widget\" data-e-type=\"widget\" data-widget_type=\"heading.default\">\n\t\t\t\t<div class=\"elementor-widget-container\">\n\t\t\t\t\t<h2 class=\"elementor-heading-title elementor-size-default\">Standort | Zahnklinik Son Sardina<\/h2>\t\t\t\t<\/div>\n\t\t\t\t<\/div>\n\t\t\t\t<section class=\"elementor-section elementor-inner-section elementor-element elementor-element-328114a elementor-section-boxed elementor-section-height-default elementor-section-height-default\" data-id=\"328114a\" data-element_type=\"section\" data-e-type=\"section\">\n\t\t\t\t\t\t<div class=\"elementor-container elementor-column-gap-default\">\n\t\t\t\t\t<div class=\"elementor-column elementor-col-100 elementor-inner-column elementor-element elementor-element-becfe42\" data-id=\"becfe42\" data-element_type=\"column\" data-e-type=\"column\">\n\t\t\t<div class=\"elementor-widget-wrap elementor-element-populated\">\n\t\t\t\t\t\t<div class=\"elementor-element elementor-element-9a3cc42 elementor-widget__width-initial elementor-widget elementor-widget-heading\" data-id=\"9a3cc42\" data-element_type=\"widget\" data-e-type=\"widget\" data-widget_type=\"heading.default\">\n\t\t\t\t<div class=\"elementor-widget-container\">\n\t\t\t\t\t<h3 class=\"elementor-heading-title elementor-size-default\">Wie k\u00f6nnen Sie uns kontaktieren?<\/h3>\t\t\t\t<\/div>\n\t\t\t\t<\/div>\n\t\t\t\t<div class=\"elementor-element elementor-element-36cd0e2 elementor-position-left elementor-vertical-align-top elementor-widget elementor-widget-image-box\" data-id=\"36cd0e2\" data-element_type=\"widget\" data-e-type=\"widget\" data-widget_type=\"image-box.default\">\n\t\t\t\t<div class=\"elementor-widget-container\">\n\t\t\t\t\t<div class=\"elementor-image-box-wrapper\"><figure class=\"elementor-image-box-img\"><img decoding=\"async\" width=\"30\" height=\"40\" data-src=\"https:\/\/dentalsonsardina.com\/de\/wp-content\/uploads\/2023\/09\/localizacion.png\" class=\"elementor-animation-grow attachment-thumbnail size-thumbnail wp-image-317 lazyload\" alt=\"\" src=\"data:image\/svg+xml;base64,PHN2ZyB3aWR0aD0iMSIgaGVpZ2h0PSIxIiB4bWxucz0iaHR0cDovL3d3dy53My5vcmcvMjAwMC9zdmciPjwvc3ZnPg==\" style=\"--smush-placeholder-width: 30px; --smush-placeholder-aspect-ratio: 30\/40;\" \/><\/figure><div class=\"elementor-image-box-content\"><h4 class=\"elementor-image-box-title\">Standort<\/h4><p class=\"elementor-image-box-description\">Cam\u00ed de Passatemps, 123, Bajo, 07120 Son Sardina, Illes Balears<\/p><\/div><\/div>\t\t\t\t<\/div>\n\t\t\t\t<\/div>\n\t\t\t\t<div class=\"elementor-element elementor-element-a5efec1 elementor-align-right elementor-mobile-align-center elementor-widget__width-initial elementor-widget elementor-widget-button\" data-id=\"a5efec1\" data-element_type=\"widget\" data-e-type=\"widget\" data-widget_type=\"button.default\">\n\t\t\t\t<div class=\"elementor-widget-container\">\n\t\t\t\t\t\t\t\t\t<div class=\"elementor-button-wrapper\">\n\t\t\t\t\t<a class=\"elementor-button elementor-button-link elementor-size-sm elementor-animation-grow\" href=\"https:\/\/maps.google.com\/maps\/dir\/\/Dentistas+en+Mallorca+Dental+Clinic+Son+Sardina+-+Urgencias+365+d%C3%ADas+Cam%C3%AD+de+Passatemps,+123,+Bajo+07120+Son+Sardina+Balearic+Islands\/@39.6230085,2.6544889,18z\/data=!4m5!4m4!1m0!1m2!1m1!1s0x1297ed2b6bdbc809:0x5308779a749f0c39\">\n\t\t\t\t\t\t<span class=\"elementor-button-content-wrapper\">\n\t\t\t\t\t\t<span class=\"elementor-button-icon\">\n\t\t\t\t<i aria-hidden=\"true\" class=\"fas fa-directions\"><\/i>\t\t\t<\/span>\n\t\t\t\t\t\t\t\t\t<span class=\"elementor-button-text\">Mit Google gehen<\/span>\n\t\t\t\t\t<\/span>\n\t\t\t\t\t<\/a>\n\t\t\t\t<\/div>\n\t\t\t\t\t\t\t\t<\/div>\n\t\t\t\t<\/div>\n\t\t\t\t\t<\/div>\n\t\t<\/div>\n\t\t\t\t\t<\/div>\n\t\t<\/section>\n\t\t\t\t<div class=\"elementor-element elementor-element-57e8398 elementor-widget-divider--view-line elementor-widget elementor-widget-divider\" data-id=\"57e8398\" data-element_type=\"widget\" data-e-type=\"widget\" data-widget_type=\"divider.default\">\n\t\t\t\t<div class=\"elementor-widget-container\">\n\t\t\t\t\t\t\t<div class=\"elementor-divider\">\n\t\t\t<span class=\"elementor-divider-separator\">\n\t\t\t\t\t\t<\/span>\n\t\t<\/div>\n\t\t\t\t\t\t<\/div>\n\t\t\t\t<\/div>\n\t\t\t\t<section class=\"elementor-section elementor-inner-section elementor-element elementor-element-a8fceab elementor-section-boxed elementor-section-height-default elementor-section-height-default\" data-id=\"a8fceab\" data-element_type=\"section\" data-e-type=\"section\">\n\t\t\t\t\t\t<div class=\"elementor-container elementor-column-gap-default\">\n\t\t\t\t\t<div class=\"elementor-column elementor-col-100 elementor-inner-column elementor-element elementor-element-84d142f\" data-id=\"84d142f\" data-element_type=\"column\" data-e-type=\"column\">\n\t\t\t<div class=\"elementor-widget-wrap elementor-element-populated\">\n\t\t\t\t\t\t<div class=\"elementor-element elementor-element-a5ec4ad elementor-position-left elementor-vertical-align-top elementor-widget elementor-widget-image-box\" data-id=\"a5ec4ad\" data-element_type=\"widget\" data-e-type=\"widget\" data-widget_type=\"image-box.default\">\n\t\t\t\t<div class=\"elementor-widget-container\">\n\t\t\t\t\t<div class=\"elementor-image-box-wrapper\"><figure class=\"elementor-image-box-img\"><img decoding=\"async\" width=\"59\" height=\"62\" data-src=\"https:\/\/dentalsonsardina.com\/de\/wp-content\/uploads\/2023\/09\/llamadas.png\" class=\"elementor-animation-grow attachment-thumbnail size-thumbnail wp-image-319 lazyload\" alt=\"\" src=\"data:image\/svg+xml;base64,PHN2ZyB3aWR0aD0iMSIgaGVpZ2h0PSIxIiB4bWxucz0iaHR0cDovL3d3dy53My5vcmcvMjAwMC9zdmciPjwvc3ZnPg==\" style=\"--smush-placeholder-width: 59px; --smush-placeholder-aspect-ratio: 59\/62;\" \/><\/figure><div class=\"elementor-image-box-content\"><h4 class=\"elementor-image-box-title\">Kontakt<\/h4><p class=\"elementor-image-box-description\"><b>Unsere Festnetznummer ist:<\/b> +34 971 43 86 73<br>\n<b>F\u00fcr Notf\u00e4lle:<\/b> +34 679 09 14 76<br>\n<b>Per WhatsApp:<\/b> +34 679 09 14 76 oder klicken Sie auf die Schaltfl\u00e4che auf der Website\n\n<\/p><\/div><\/div>\t\t\t\t<\/div>\n\t\t\t\t<\/div>\n\t\t\t\t<div class=\"elementor-element elementor-element-d23a6e0 elementor-align-right elementor-mobile-align-center elementor-widget__width-initial elementor-widget elementor-widget-button\" data-id=\"d23a6e0\" data-element_type=\"widget\" data-e-type=\"widget\" data-widget_type=\"button.default\">\n\t\t\t\t<div class=\"elementor-widget-container\">\n\t\t\t\t\t\t\t\t\t<div class=\"elementor-button-wrapper\">\n\t\t\t\t\t<a class=\"elementor-button elementor-button-link elementor-size-sm elementor-animation-grow\" href=\"https:\/\/web.whatsapp.com\/send?phone=34679091476&#038;text=Hola%20necesito%20informaci%C3%B3n%20sobre%20la%20Cl%C3%ADnica%20Son%20Sardina\">\n\t\t\t\t\t\t<span class=\"elementor-button-content-wrapper\">\n\t\t\t\t\t\t<span class=\"elementor-button-icon\">\n\t\t\t\t<i aria-hidden=\"true\" class=\"fab fa-whatsapp\"><\/i>\t\t\t<\/span>\n\t\t\t\t\t\t\t\t\t<span class=\"elementor-button-text\">Whats App<\/span>\n\t\t\t\t\t<\/span>\n\t\t\t\t\t<\/a>\n\t\t\t\t<\/div>\n\t\t\t\t\t\t\t\t<\/div>\n\t\t\t\t<\/div>\n\t\t\t\t\t<\/div>\n\t\t<\/div>\n\t\t\t\t\t<\/div>\n\t\t<\/section>\n\t\t\t\t\t<\/div>\n\t\t<\/div>\n\t\t\t\t\t<\/div>\n\t\t<\/section>\n\t\t\t\t<section class=\"elementor-section elementor-top-section elementor-element elementor-element-1eabe15 elementor-section-content-middle elementor-reverse-mobile elementor-section-boxed elementor-section-height-default elementor-section-height-default\" data-id=\"1eabe15\" data-element_type=\"section\" data-e-type=\"section\">\n\t\t\t\t\t\t<div class=\"elementor-container elementor-column-gap-no\">\n\t\t\t\t\t<div class=\"elementor-column elementor-col-100 elementor-top-column elementor-element elementor-element-999c97e\" data-id=\"999c97e\" data-element_type=\"column\" data-e-type=\"column\">\n\t\t\t<div class=\"elementor-widget-wrap elementor-element-populated\">\n\t\t\t\t\t\t<div class=\"elementor-element elementor-element-94aa1a2 elementor-widget__width-initial elementor-widget elementor-widget-heading\" data-id=\"94aa1a2\" data-element_type=\"widget\" data-e-type=\"widget\" data-widget_type=\"heading.default\">\n\t\t\t\t<div class=\"elementor-widget-container\">\n\t\t\t\t\t<h2 class=\"elementor-heading-title elementor-size-default\">Datenschutz-Zusammenfassung | Zahnklinik Son Sardina<\/h2>\t\t\t\t<\/div>\n\t\t\t\t<\/div>\n\t\t\t\t<div class=\"elementor-element elementor-element-52f978b elementor-widget elementor-widget-text-editor\" data-id=\"52f978b\" data-element_type=\"widget\" data-e-type=\"widget\" data-widget_type=\"text-editor.default\">\n\t\t\t\t<div class=\"elementor-widget-container\">\n\t\t\t\t\t\t\t\t\t<table><tbody><tr><td><strong>GRUNDLEGENDEN INFORMATIONEN ZUM DATENSCHUTZ<\/strong><\/td><\/tr><tr><td><strong>Verantwortlich f\u00fcr die Datenverarbeitung<\/strong><\/td><td>SVETLANA FOTINA<\/td><\/tr><tr><td><strong>Adresse des Verantwortlichen<\/strong><\/td><td>C\/. Passatemps,123 Bj., CP 07120, Son Sardina (Balears (Illes))<\/td><\/tr><tr><td><strong>Zweck<\/strong><\/td><td>Ihre Daten werden verwendet, um Ihre Anfragen zu bearbeiten und Ihnen unsere Dienstleistungen anzubieten.<\/td><\/tr><tr><td><strong>Werbung<\/strong><\/td><td>Wir senden Ihnen nur Werbung nach Ihrer vorherigen Zustimmung, die Sie uns durch das entsprechende daf\u00fcr vorgesehene Feld zur Verf\u00fcgung stellen k\u00f6nnen.<\/td><\/tr><tr><td><strong>Rechtm\u00e4\u00dfigkeit<\/strong><\/td><td>Wir werden Ihre Daten nur mit Ihrer vorherigen Einwilligung verarbeiten, die Sie uns durch das entsprechende daf\u00fcr vorgesehene Feld zur Verf\u00fcgung stellen k\u00f6nnen.<\/td><\/tr><tr><td><strong>Empf\u00e4nger<\/strong><\/td><td>Im Allgemeinen darf nur das Personal unserer Organisation, das ordnungsgem\u00e4\u00df autorisiert ist, Kenntnis von den Informationen haben, die wir von Ihnen anfordern.<\/td><\/tr><tr><td><strong>Rechte<\/strong><\/td><td>Sie haben das Recht zu wissen, welche Informationen wir \u00fcber Sie haben, sie zu korrigieren und zu l\u00f6schen, wie in den zus\u00e4tzlichen Informationen auf unserer Webseite erl\u00e4utert.<\/td><\/tr><tr><td><strong>Zus\u00e4tzliche Informationen<\/strong><\/td><td>Mehr Informationen im Abschnitt <strong>&#8222;DATENSCHUTZRICHTLINIE&#8220;<\/strong> auf unserer Webseite.<\/td><\/tr><\/tbody><\/table>\t\t\t\t\t\t\t\t<\/div>\n\t\t\t\t<\/div>\n\t\t\t\t\t<\/div>\n\t\t<\/div>\n\t\t\t\t\t<\/div>\n\t\t<\/section>\n\t\t\t\t<\/div>\n\t\t","protected":false},"excerpt":{"rendered":"<p>Ein kurzer Schmerz beim kalten Getr\u00e4nk \u2013 und sofort ist da Unsicherheit. Viele Patienten kennen dieses Ziehen, wenn kaltes Wasser, ein Softdrink mit Eis oder sogar frische Luft an einen Zahn kommt. Manchmal bleibt es bei einem kurzen Reiz. Manchmal wiederholt sich das Gef\u00fchl aber immer h\u00e4ufiger und beginnt, im Alltag zu st\u00f6ren. Empfindliche Z\u00e4hne [&hellip;]<\/p>\n","protected":false},"author":1,"featured_media":2772,"comment_status":"closed","ping_status":"closed","sticky":false,"template":"","format":"standard","meta":{"site-sidebar-layout":"default","site-content-layout":"","ast-site-content-layout":"default","site-content-style":"default","site-sidebar-style":"default","ast-global-header-display":"","ast-banner-title-visibility":"","ast-main-header-display":"","ast-hfb-above-header-display":"","ast-hfb-below-header-display":"","ast-hfb-mobile-header-display":"","site-post-title":"disabled","ast-breadcrumbs-content":"","ast-featured-img":"","footer-sml-layout":"","ast-disable-related-posts":"","theme-transparent-header-meta":"","adv-header-id-meta":"","stick-header-meta":"","header-above-stick-meta":"","header-main-stick-meta":"","header-below-stick-meta":"","astra-migrate-meta-layouts":"","ast-page-background-enabled":"default","ast-page-background-meta":{"desktop":{"background-color":"var(--ast-global-color-4)","background-image":"","background-repeat":"repeat","background-position":"center center","background-size":"auto","background-attachment":"scroll","background-type":"","background-media":"","overlay-type":"","overlay-color":"","overlay-opacity":"","overlay-gradient":""},"tablet":{"background-color":"","background-image":"","background-repeat":"repeat","background-position":"center center","background-size":"auto","background-attachment":"scroll","background-type":"","background-media":"","overlay-type":"","overlay-color":"","overlay-opacity":"","overlay-gradient":""},"mobile":{"background-color":"","background-image":"","background-repeat":"repeat","background-position":"center center","background-size":"auto","background-attachment":"scroll","background-type":"","background-media":"","overlay-type":"","overlay-color":"","overlay-opacity":"","overlay-gradient":""}},"ast-content-background-meta":{"desktop":{"background-color":"var(--ast-global-color-5)","background-image":"","background-repeat":"repeat","background-position":"center center","background-size":"auto","background-attachment":"scroll","background-type":"","background-media":"","overlay-type":"","overlay-color":"","overlay-opacity":"","overlay-gradient":""},"tablet":{"background-color":"var(--ast-global-color-5)","background-image":"","background-repeat":"repeat","background-position":"center center","background-size":"auto","background-attachment":"scroll","background-type":"","background-media":"","overlay-type":"","overlay-color":"","overlay-opacity":"","overlay-gradient":""},"mobile":{"background-color":"var(--ast-global-color-5)","background-image":"","background-repeat":"repeat","background-position":"center center","background-size":"auto","background-attachment":"scroll","background-type":"","background-media":"","overlay-type":"","overlay-color":"","overlay-opacity":"","overlay-gradient":""}},"_joinchat":[],"footnotes":""},"categories":[18],"tags":[32,29,30,14,31],"class_list":["post-2769","post","type-post","status-publish","format-standard","has-post-thumbnail","hentry","category-notfall","tag-entzundung-zahn","tag-notfallzahnarzt-palma","tag-schwellung-kiefer","tag-son-sardina","tag-zahnabszess-mallorca"],"yoast_head":"<!-- This site is optimized with the Yoast SEO plugin v27.3 - https:\/\/yoast.com\/product\/yoast-seo-wordpress\/ -->\n<title>Empfindliche Z\u00e4hne bei kalten Getr\u00e4nken<\/title>\n<meta name=\"description\" content=\"Schmerzen bei kalten Getr\u00e4nken? Erfahre, welche Ursachen hinter empfindlichen Z\u00e4hnen stecken k\u00f6nnen und wann eine zahn\u00e4rztliche Kontrolle in Palma sinnvoll ist.\" \/>\n<meta name=\"robots\" content=\"index, follow, max-snippet:-1, max-image-preview:large, max-video-preview:-1\" \/>\n<link rel=\"canonical\" href=\"https:\/\/dentalsonsardina.com\/de\/empfindliche-zaehne-kalte-getraenke\/\" \/>\n<meta property=\"og:locale\" content=\"de_DE\" \/>\n<meta property=\"og:type\" content=\"article\" \/>\n<meta property=\"og:title\" content=\"Empfindliche Z\u00e4hne bei kalten Getr\u00e4nken\" \/>\n<meta property=\"og:description\" content=\"Schmerzen bei kalten Getr\u00e4nken? Erfahre, welche Ursachen hinter empfindlichen Z\u00e4hnen stecken k\u00f6nnen und wann eine zahn\u00e4rztliche Kontrolle in Palma sinnvoll ist.\" \/>\n<meta property=\"og:url\" content=\"https:\/\/dentalsonsardina.com\/de\/empfindliche-zaehne-kalte-getraenke\/\" \/>\n<meta property=\"og:site_name\" content=\"Zahnklinik Son Sardina | Deutscher Zahnarzt in Palma\" \/>\n<meta property=\"article:published_time\" content=\"2026-04-20T14:51:59+00:00\" \/>\n<meta property=\"article:modified_time\" content=\"2026-04-20T18:43:20+00:00\" \/>\n<meta property=\"og:image\" content=\"https:\/\/dentalsonsardina.com\/de\/wp-content\/uploads\/2026\/04\/empfindliche-zaehne-kalte-getraenke-min.jpg\" \/>\n\t<meta property=\"og:image:width\" content=\"534\" \/>\n\t<meta property=\"og:image:height\" content=\"534\" \/>\n\t<meta property=\"og:image:type\" content=\"image\/jpeg\" \/>\n<meta name=\"author\" content=\"Dental Son Sardina\" \/>\n<meta name=\"twitter:card\" content=\"summary_large_image\" \/>\n<meta name=\"twitter:label1\" content=\"Verfasst von\" \/>\n\t<meta name=\"twitter:data1\" content=\"Dental Son Sardina\" \/>\n\t<meta name=\"twitter:label2\" content=\"Gesch\u00e4tzte Lesezeit\" \/>\n\t<meta name=\"twitter:data2\" content=\"5\u00a0Minuten\" \/>\n<script type=\"application\/ld+json\" class=\"yoast-schema-graph\">{\"@context\":\"https:\\\/\\\/schema.org\",\"@graph\":[{\"@type\":\"Article\",\"@id\":\"https:\\\/\\\/dentalsonsardina.com\\\/de\\\/empfindliche-zaehne-kalte-getraenke\\\/#article\",\"isPartOf\":{\"@id\":\"https:\\\/\\\/dentalsonsardina.com\\\/de\\\/empfindliche-zaehne-kalte-getraenke\\\/\"},\"author\":{\"name\":\"Dental Son Sardina\",\"@id\":\"https:\\\/\\\/dentalsonsardina.com\\\/de\\\/#\\\/schema\\\/person\\\/f4e4f36a00a18b659ee607de4acdb519\"},\"headline\":\"Warum tun kalte Getr\u00e4nke pl\u00f6tzlich an den Z\u00e4hnen weh?\",\"datePublished\":\"2026-04-20T14:51:59+00:00\",\"dateModified\":\"2026-04-20T18:43:20+00:00\",\"mainEntityOfPage\":{\"@id\":\"https:\\\/\\\/dentalsonsardina.com\\\/de\\\/empfindliche-zaehne-kalte-getraenke\\\/\"},\"wordCount\":810,\"publisher\":{\"@id\":\"https:\\\/\\\/dentalsonsardina.com\\\/de\\\/#organization\"},\"image\":{\"@id\":\"https:\\\/\\\/dentalsonsardina.com\\\/de\\\/empfindliche-zaehne-kalte-getraenke\\\/#primaryimage\"},\"thumbnailUrl\":\"https:\\\/\\\/dentalsonsardina.com\\\/de\\\/wp-content\\\/uploads\\\/2026\\\/04\\\/empfindliche-zaehne-kalte-getraenke-min.jpg\",\"keywords\":[\"Entz\u00fcndung Zahn\",\"Notfallzahnarzt Palma\",\"Schwellung Kiefer\",\"Son Sardina\",\"Zahnabszess Mallorca\"],\"articleSection\":[\"Notfall\"],\"inLanguage\":\"de\"},{\"@type\":\"WebPage\",\"@id\":\"https:\\\/\\\/dentalsonsardina.com\\\/de\\\/empfindliche-zaehne-kalte-getraenke\\\/\",\"url\":\"https:\\\/\\\/dentalsonsardina.com\\\/de\\\/empfindliche-zaehne-kalte-getraenke\\\/\",\"name\":\"Empfindliche Z\u00e4hne bei kalten Getr\u00e4nken\",\"isPartOf\":{\"@id\":\"https:\\\/\\\/dentalsonsardina.com\\\/de\\\/#website\"},\"primaryImageOfPage\":{\"@id\":\"https:\\\/\\\/dentalsonsardina.com\\\/de\\\/empfindliche-zaehne-kalte-getraenke\\\/#primaryimage\"},\"image\":{\"@id\":\"https:\\\/\\\/dentalsonsardina.com\\\/de\\\/empfindliche-zaehne-kalte-getraenke\\\/#primaryimage\"},\"thumbnailUrl\":\"https:\\\/\\\/dentalsonsardina.com\\\/de\\\/wp-content\\\/uploads\\\/2026\\\/04\\\/empfindliche-zaehne-kalte-getraenke-min.jpg\",\"datePublished\":\"2026-04-20T14:51:59+00:00\",\"dateModified\":\"2026-04-20T18:43:20+00:00\",\"description\":\"Schmerzen bei kalten Getr\u00e4nken? Erfahre, welche Ursachen hinter empfindlichen Z\u00e4hnen stecken k\u00f6nnen und wann eine zahn\u00e4rztliche Kontrolle in Palma sinnvoll ist.\",\"breadcrumb\":{\"@id\":\"https:\\\/\\\/dentalsonsardina.com\\\/de\\\/empfindliche-zaehne-kalte-getraenke\\\/#breadcrumb\"},\"inLanguage\":\"de\",\"potentialAction\":[{\"@type\":\"ReadAction\",\"target\":[\"https:\\\/\\\/dentalsonsardina.com\\\/de\\\/empfindliche-zaehne-kalte-getraenke\\\/\"]}]},{\"@type\":\"ImageObject\",\"inLanguage\":\"de\",\"@id\":\"https:\\\/\\\/dentalsonsardina.com\\\/de\\\/empfindliche-zaehne-kalte-getraenke\\\/#primaryimage\",\"url\":\"https:\\\/\\\/dentalsonsardina.com\\\/de\\\/wp-content\\\/uploads\\\/2026\\\/04\\\/empfindliche-zaehne-kalte-getraenke-min.jpg\",\"contentUrl\":\"https:\\\/\\\/dentalsonsardina.com\\\/de\\\/wp-content\\\/uploads\\\/2026\\\/04\\\/empfindliche-zaehne-kalte-getraenke-min.jpg\",\"width\":534,\"height\":534},{\"@type\":\"BreadcrumbList\",\"@id\":\"https:\\\/\\\/dentalsonsardina.com\\\/de\\\/empfindliche-zaehne-kalte-getraenke\\\/#breadcrumb\",\"itemListElement\":[{\"@type\":\"ListItem\",\"position\":1,\"name\":\"Portada\",\"item\":\"https:\\\/\\\/dentalsonsardina.com\\\/de\\\/\"},{\"@type\":\"ListItem\",\"position\":2,\"name\":\"Warum tun kalte Getr\u00e4nke pl\u00f6tzlich an den Z\u00e4hnen weh?\"}]},{\"@type\":\"WebSite\",\"@id\":\"https:\\\/\\\/dentalsonsardina.com\\\/de\\\/#website\",\"url\":\"https:\\\/\\\/dentalsonsardina.com\\\/de\\\/\",\"name\":\"Zahnklinik Son Sardina | Deutscher Zahnarzt in Palma\",\"description\":\"Deutscher Zahnarzt in Palma de Mallorca \u2013 alle zahn\u00e4rztlichen Leistungen. Schwerpunkt: Parodontologie, \u00e4sthetische Zahnheilkunde &amp; Notf\u00e4lle.\",\"publisher\":{\"@id\":\"https:\\\/\\\/dentalsonsardina.com\\\/de\\\/#organization\"},\"potentialAction\":[{\"@type\":\"SearchAction\",\"target\":{\"@type\":\"EntryPoint\",\"urlTemplate\":\"https:\\\/\\\/dentalsonsardina.com\\\/de\\\/?s={search_term_string}\"},\"query-input\":{\"@type\":\"PropertyValueSpecification\",\"valueRequired\":true,\"valueName\":\"search_term_string\"}}],\"inLanguage\":\"de\"},{\"@type\":\"Organization\",\"@id\":\"https:\\\/\\\/dentalsonsardina.com\\\/de\\\/#organization\",\"name\":\"Dental Klinik Son Sardina\",\"alternateName\":\"Dental Klinik Son Sardina Palma\",\"url\":\"https:\\\/\\\/dentalsonsardina.com\\\/de\\\/\",\"logo\":{\"@type\":\"ImageObject\",\"inLanguage\":\"de\",\"@id\":\"https:\\\/\\\/dentalsonsardina.com\\\/de\\\/#\\\/schema\\\/logo\\\/image\\\/\",\"url\":\"https:\\\/\\\/dentalsonsardina.com\\\/de\\\/wp-content\\\/uploads\\\/2023\\\/08\\\/cropped-logo-3.png\",\"contentUrl\":\"https:\\\/\\\/dentalsonsardina.com\\\/de\\\/wp-content\\\/uploads\\\/2023\\\/08\\\/cropped-logo-3.png\",\"width\":201,\"height\":67,\"caption\":\"Dental Klinik Son Sardina\"},\"image\":{\"@id\":\"https:\\\/\\\/dentalsonsardina.com\\\/de\\\/#\\\/schema\\\/logo\\\/image\\\/\"}},{\"@type\":\"Person\",\"@id\":\"https:\\\/\\\/dentalsonsardina.com\\\/de\\\/#\\\/schema\\\/person\\\/f4e4f36a00a18b659ee607de4acdb519\",\"name\":\"Dental Son Sardina\",\"image\":{\"@type\":\"ImageObject\",\"inLanguage\":\"de\",\"@id\":\"https:\\\/\\\/dentalsonsardina.com\\\/de\\\/wp-content\\\/litespeed\\\/avatar\\\/d0226953c89a25c5abce01bfa8c362eb.jpg?ver=1777288398\",\"url\":\"https:\\\/\\\/dentalsonsardina.com\\\/de\\\/wp-content\\\/litespeed\\\/avatar\\\/d0226953c89a25c5abce01bfa8c362eb.jpg?ver=1777288398\",\"contentUrl\":\"https:\\\/\\\/dentalsonsardina.com\\\/de\\\/wp-content\\\/litespeed\\\/avatar\\\/d0226953c89a25c5abce01bfa8c362eb.jpg?ver=1777288398\",\"caption\":\"Dental Son Sardina\"},\"sameAs\":[\"https:\\\/\\\/delorean360.com\\\/dentalsonsardina\"],\"url\":\"https:\\\/\\\/dentalsonsardina.com\\\/de\\\/author\\\/dental-son-sardina\\\/\"}]}<\/script>\n<!-- \/ Yoast SEO plugin. -->","yoast_head_json":{"title":"Empfindliche Z\u00e4hne bei kalten Getr\u00e4nken","description":"Schmerzen bei kalten Getr\u00e4nken? Erfahre, welche Ursachen hinter empfindlichen Z\u00e4hnen stecken k\u00f6nnen und wann eine zahn\u00e4rztliche Kontrolle in Palma sinnvoll ist.","robots":{"index":"index","follow":"follow","max-snippet":"max-snippet:-1","max-image-preview":"max-image-preview:large","max-video-preview":"max-video-preview:-1"},"canonical":"https:\/\/dentalsonsardina.com\/de\/empfindliche-zaehne-kalte-getraenke\/","og_locale":"de_DE","og_type":"article","og_title":"Empfindliche Z\u00e4hne bei kalten Getr\u00e4nken","og_description":"Schmerzen bei kalten Getr\u00e4nken? Erfahre, welche Ursachen hinter empfindlichen Z\u00e4hnen stecken k\u00f6nnen und wann eine zahn\u00e4rztliche Kontrolle in Palma sinnvoll ist.","og_url":"https:\/\/dentalsonsardina.com\/de\/empfindliche-zaehne-kalte-getraenke\/","og_site_name":"Zahnklinik Son Sardina | Deutscher Zahnarzt in Palma","article_published_time":"2026-04-20T14:51:59+00:00","article_modified_time":"2026-04-20T18:43:20+00:00","og_image":[{"width":534,"height":534,"url":"https:\/\/dentalsonsardina.com\/de\/wp-content\/uploads\/2026\/04\/empfindliche-zaehne-kalte-getraenke-min.jpg","type":"image\/jpeg"}],"author":"Dental Son Sardina","twitter_card":"summary_large_image","twitter_misc":{"Verfasst von":"Dental Son Sardina","Gesch\u00e4tzte Lesezeit":"5\u00a0Minuten"},"schema":{"@context":"https:\/\/schema.org","@graph":[{"@type":"Article","@id":"https:\/\/dentalsonsardina.com\/de\/empfindliche-zaehne-kalte-getraenke\/#article","isPartOf":{"@id":"https:\/\/dentalsonsardina.com\/de\/empfindliche-zaehne-kalte-getraenke\/"},"author":{"name":"Dental Son Sardina","@id":"https:\/\/dentalsonsardina.com\/de\/#\/schema\/person\/f4e4f36a00a18b659ee607de4acdb519"},"headline":"Warum tun kalte Getr\u00e4nke pl\u00f6tzlich an den Z\u00e4hnen weh?","datePublished":"2026-04-20T14:51:59+00:00","dateModified":"2026-04-20T18:43:20+00:00","mainEntityOfPage":{"@id":"https:\/\/dentalsonsardina.com\/de\/empfindliche-zaehne-kalte-getraenke\/"},"wordCount":810,"publisher":{"@id":"https:\/\/dentalsonsardina.com\/de\/#organization"},"image":{"@id":"https:\/\/dentalsonsardina.com\/de\/empfindliche-zaehne-kalte-getraenke\/#primaryimage"},"thumbnailUrl":"https:\/\/dentalsonsardina.com\/de\/wp-content\/uploads\/2026\/04\/empfindliche-zaehne-kalte-getraenke-min.jpg","keywords":["Entz\u00fcndung Zahn","Notfallzahnarzt Palma","Schwellung Kiefer","Son Sardina","Zahnabszess Mallorca"],"articleSection":["Notfall"],"inLanguage":"de"},{"@type":"WebPage","@id":"https:\/\/dentalsonsardina.com\/de\/empfindliche-zaehne-kalte-getraenke\/","url":"https:\/\/dentalsonsardina.com\/de\/empfindliche-zaehne-kalte-getraenke\/","name":"Empfindliche Z\u00e4hne bei kalten Getr\u00e4nken","isPartOf":{"@id":"https:\/\/dentalsonsardina.com\/de\/#website"},"primaryImageOfPage":{"@id":"https:\/\/dentalsonsardina.com\/de\/empfindliche-zaehne-kalte-getraenke\/#primaryimage"},"image":{"@id":"https:\/\/dentalsonsardina.com\/de\/empfindliche-zaehne-kalte-getraenke\/#primaryimage"},"thumbnailUrl":"https:\/\/dentalsonsardina.com\/de\/wp-content\/uploads\/2026\/04\/empfindliche-zaehne-kalte-getraenke-min.jpg","datePublished":"2026-04-20T14:51:59+00:00","dateModified":"2026-04-20T18:43:20+00:00","description":"Schmerzen bei kalten Getr\u00e4nken? Erfahre, welche Ursachen hinter empfindlichen Z\u00e4hnen stecken k\u00f6nnen und wann eine zahn\u00e4rztliche Kontrolle in Palma sinnvoll ist.","breadcrumb":{"@id":"https:\/\/dentalsonsardina.com\/de\/empfindliche-zaehne-kalte-getraenke\/#breadcrumb"},"inLanguage":"de","potentialAction":[{"@type":"ReadAction","target":["https:\/\/dentalsonsardina.com\/de\/empfindliche-zaehne-kalte-getraenke\/"]}]},{"@type":"ImageObject","inLanguage":"de","@id":"https:\/\/dentalsonsardina.com\/de\/empfindliche-zaehne-kalte-getraenke\/#primaryimage","url":"https:\/\/dentalsonsardina.com\/de\/wp-content\/uploads\/2026\/04\/empfindliche-zaehne-kalte-getraenke-min.jpg","contentUrl":"https:\/\/dentalsonsardina.com\/de\/wp-content\/uploads\/2026\/04\/empfindliche-zaehne-kalte-getraenke-min.jpg","width":534,"height":534},{"@type":"BreadcrumbList","@id":"https:\/\/dentalsonsardina.com\/de\/empfindliche-zaehne-kalte-getraenke\/#breadcrumb","itemListElement":[{"@type":"ListItem","position":1,"name":"Portada","item":"https:\/\/dentalsonsardina.com\/de\/"},{"@type":"ListItem","position":2,"name":"Warum tun kalte Getr\u00e4nke pl\u00f6tzlich an den Z\u00e4hnen weh?"}]},{"@type":"WebSite","@id":"https:\/\/dentalsonsardina.com\/de\/#website","url":"https:\/\/dentalsonsardina.com\/de\/","name":"Zahnklinik Son Sardina | Deutscher Zahnarzt in Palma","description":"Deutscher Zahnarzt in Palma de Mallorca \u2013 alle zahn\u00e4rztlichen Leistungen. Schwerpunkt: Parodontologie, \u00e4sthetische Zahnheilkunde &amp; Notf\u00e4lle.","publisher":{"@id":"https:\/\/dentalsonsardina.com\/de\/#organization"},"potentialAction":[{"@type":"SearchAction","target":{"@type":"EntryPoint","urlTemplate":"https:\/\/dentalsonsardina.com\/de\/?s={search_term_string}"},"query-input":{"@type":"PropertyValueSpecification","valueRequired":true,"valueName":"search_term_string"}}],"inLanguage":"de"},{"@type":"Organization","@id":"https:\/\/dentalsonsardina.com\/de\/#organization","name":"Dental Klinik Son Sardina","alternateName":"Dental Klinik Son Sardina Palma","url":"https:\/\/dentalsonsardina.com\/de\/","logo":{"@type":"ImageObject","inLanguage":"de","@id":"https:\/\/dentalsonsardina.com\/de\/#\/schema\/logo\/image\/","url":"https:\/\/dentalsonsardina.com\/de\/wp-content\/uploads\/2023\/08\/cropped-logo-3.png","contentUrl":"https:\/\/dentalsonsardina.com\/de\/wp-content\/uploads\/2023\/08\/cropped-logo-3.png","width":201,"height":67,"caption":"Dental Klinik Son Sardina"},"image":{"@id":"https:\/\/dentalsonsardina.com\/de\/#\/schema\/logo\/image\/"}},{"@type":"Person","@id":"https:\/\/dentalsonsardina.com\/de\/#\/schema\/person\/f4e4f36a00a18b659ee607de4acdb519","name":"Dental Son Sardina","image":{"@type":"ImageObject","inLanguage":"de","@id":"https:\/\/dentalsonsardina.com\/de\/wp-content\/litespeed\/avatar\/d0226953c89a25c5abce01bfa8c362eb.jpg?ver=1777288398","url":"https:\/\/dentalsonsardina.com\/de\/wp-content\/litespeed\/avatar\/d0226953c89a25c5abce01bfa8c362eb.jpg?ver=1777288398","contentUrl":"https:\/\/dentalsonsardina.com\/de\/wp-content\/litespeed\/avatar\/d0226953c89a25c5abce01bfa8c362eb.jpg?ver=1777288398","caption":"Dental Son Sardina"},"sameAs":["https:\/\/delorean360.com\/dentalsonsardina"],"url":"https:\/\/dentalsonsardina.com\/de\/author\/dental-son-sardina\/"}]}},"_links":{"self":[{"href":"https:\/\/dentalsonsardina.com\/de\/wp-json\/wp\/v2\/posts\/2769","targetHints":{"allow":["GET"]}}],"collection":[{"href":"https:\/\/dentalsonsardina.com\/de\/wp-json\/wp\/v2\/posts"}],"about":[{"href":"https:\/\/dentalsonsardina.com\/de\/wp-json\/wp\/v2\/types\/post"}],"author":[{"embeddable":true,"href":"https:\/\/dentalsonsardina.com\/de\/wp-json\/wp\/v2\/users\/1"}],"replies":[{"embeddable":true,"href":"https:\/\/dentalsonsardina.com\/de\/wp-json\/wp\/v2\/comments?post=2769"}],"version-history":[{"count":7,"href":"https:\/\/dentalsonsardina.com\/de\/wp-json\/wp\/v2\/posts\/2769\/revisions"}],"predecessor-version":[{"id":2779,"href":"https:\/\/dentalsonsardina.com\/de\/wp-json\/wp\/v2\/posts\/2769\/revisions\/2779"}],"wp:featuredmedia":[{"embeddable":true,"href":"https:\/\/dentalsonsardina.com\/de\/wp-json\/wp\/v2\/media\/2772"}],"wp:attachment":[{"href":"https:\/\/dentalsonsardina.com\/de\/wp-json\/wp\/v2\/media?parent=2769"}],"wp:term":[{"taxonomy":"category","embeddable":true,"href":"https:\/\/dentalsonsardina.com\/de\/wp-json\/wp\/v2\/categories?post=2769"},{"taxonomy":"post_tag","embeddable":true,"href":"https:\/\/dentalsonsardina.com\/de\/wp-json\/wp\/v2\/tags?post=2769"}],"curies":[{"name":"wp","href":"https:\/\/api.w.org\/{rel}","templated":true}]}}