{"id":2548,"date":"2026-02-15T10:13:44","date_gmt":"2026-02-15T09:13:44","guid":{"rendered":"https:\/\/dentalsonsardina.com\/de\/?p=2548"},"modified":"2026-02-15T10:17:25","modified_gmt":"2026-02-15T09:17:25","slug":"zahnarztrechnung-mallorca-ratenzahlung","status":"publish","type":"post","link":"https:\/\/dentalsonsardina.com\/de\/zahnarztrechnung-mallorca-ratenzahlung\/","title":{"rendered":"Zahnarztrechnung im Urlaub auf Mallorca: Kann ich in Raten zahlen?"},"content":{"rendered":"\t\t<div data-elementor-type=\"wp-post\" data-elementor-id=\"2548\" class=\"elementor elementor-2548\">\n\t\t\t\t\t\t<section class=\"elementor-section elementor-top-section elementor-element elementor-element-5174b50 elementor-section-boxed elementor-section-height-default elementor-section-height-default\" data-id=\"5174b50\" data-element_type=\"section\" data-e-type=\"section\">\n\t\t\t\t\t\t<div class=\"elementor-container elementor-column-gap-default\">\n\t\t\t\t\t<div class=\"elementor-column elementor-col-100 elementor-top-column elementor-element elementor-element-5ead5b6e\" data-id=\"5ead5b6e\" data-element_type=\"column\" data-e-type=\"column\">\n\t\t\t<div class=\"elementor-widget-wrap elementor-element-populated\">\n\t\t\t\t\t\t\t<\/div>\n\t\t<\/div>\n\t\t\t\t\t<\/div>\n\t\t<\/section>\n\t\t\t\t<section class=\"elementor-section elementor-top-section elementor-element elementor-element-1a5de27 elementor-section-content-middle elementor-section-boxed elementor-section-height-default elementor-section-height-default\" data-id=\"1a5de27\" data-element_type=\"section\" data-e-type=\"section\" data-settings=\"{&quot;background_background&quot;:&quot;classic&quot;}\">\n\t\t\t\t\t\t\t<div class=\"elementor-background-overlay\"><\/div>\n\t\t\t\t\t\t\t<div class=\"elementor-container elementor-column-gap-no\">\n\t\t\t\t\t<div class=\"elementor-column elementor-col-100 elementor-top-column elementor-element elementor-element-8fb7c05 elementor-invisible\" data-id=\"8fb7c05\" data-element_type=\"column\" data-e-type=\"column\" data-settings=\"{&quot;animation&quot;:&quot;slideInLeft&quot;}\">\n\t\t\t<div class=\"elementor-widget-wrap elementor-element-populated\">\n\t\t\t\t\t\t<div class=\"elementor-element elementor-element-c604d6a elementor-widget elementor-widget-heading\" data-id=\"c604d6a\" data-element_type=\"widget\" data-e-type=\"widget\" data-widget_type=\"heading.default\">\n\t\t\t\t<div class=\"elementor-widget-container\">\n\t\t\t\t\t<div class=\"elementor-heading-title elementor-size-default\">Kurz-Check (3 Bulletpoints):<\/div>\t\t\t\t<\/div>\n\t\t\t\t<\/div>\n\t\t\t\t<div class=\"elementor-element elementor-element-3a27fae elementor-widget elementor-widget-text-editor\" data-id=\"3a27fae\" data-element_type=\"widget\" data-e-type=\"widget\" data-widget_type=\"text-editor.default\">\n\t\t\t\t<div class=\"elementor-widget-container\">\n\t\t\t\t\t\t\t\t\t<ul><li data-start=\"2177\" data-end=\"2269\"><p data-start=\"2179\" data-end=\"2269\"><strong data-start=\"2179\" data-end=\"2217\">Ja, Ratenzahlung kann m\u00f6glich sein<\/strong> \u2013 je nach Behandlung und individueller Situation.<\/p><\/li><li data-start=\"2270\" data-end=\"2350\"><p data-start=\"2272\" data-end=\"2350\"><strong data-start=\"2272\" data-end=\"2304\">Kl\u00e4re die Kosten immer vorab<\/strong>: Behandlungsplan, Optionen und Priorit\u00e4ten.<\/p><\/li><li data-start=\"2351\" data-end=\"2458\"><p data-start=\"2353\" data-end=\"2458\"><strong data-start=\"2353\" data-end=\"2406\">Bei starken Schmerzen z\u00e4hlt zuerst Stabilisierung<\/strong> \u2013 die Finanzierung kann danach strukturiert werden.<\/p><\/li><\/ul>\t\t\t\t\t\t\t\t<\/div>\n\t\t\t\t<\/div>\n\t\t\t\t\t<\/div>\n\t\t<\/div>\n\t\t\t\t\t<\/div>\n\t\t<\/section>\n\t\t\t\t<section class=\"elementor-section elementor-top-section elementor-element elementor-element-2f6dd58 elementor-section-content-middle elementor-section-boxed elementor-section-height-default elementor-section-height-default\" data-id=\"2f6dd58\" data-element_type=\"section\" data-e-type=\"section\">\n\t\t\t\t\t\t<div class=\"elementor-container elementor-column-gap-no\">\n\t\t\t\t\t<div class=\"elementor-column elementor-col-100 elementor-top-column elementor-element elementor-element-c84d950 elementor-invisible\" data-id=\"c84d950\" data-element_type=\"column\" data-e-type=\"column\" data-settings=\"{&quot;animation&quot;:&quot;slideInLeft&quot;}\">\n\t\t\t<div class=\"elementor-widget-wrap elementor-element-populated\">\n\t\t\t\t\t\t<div class=\"elementor-element elementor-element-184ba70 elementor-widget elementor-widget-heading\" data-id=\"184ba70\" data-element_type=\"widget\" data-e-type=\"widget\" data-widget_type=\"heading.default\">\n\t\t\t\t<div class=\"elementor-widget-container\">\n\t\t\t\t\t<h2 class=\"elementor-heading-title elementor-size-default\">Warum dieses Thema im Urlaub so h\u00e4ufig ist<\/h2>\t\t\t\t<\/div>\n\t\t\t\t<\/div>\n\t\t\t\t<div class=\"elementor-element elementor-element-9d8404a elementor-widget elementor-widget-text-editor\" data-id=\"9d8404a\" data-element_type=\"widget\" data-e-type=\"widget\" data-widget_type=\"text-editor.default\">\n\t\t\t\t<div class=\"elementor-widget-container\">\n\t\t\t\t\t\t\t\t\t<p data-start=\"2516\" data-end=\"2800\">Im Urlaub passieren Zahnprobleme oft \u201caus dem Nichts\u201d: Eine alte F\u00fcllung bricht, eine Krone l\u00f6st sich, eine Entz\u00fcndung flammt auf oder du hast starke Schmerzen beim Kauen. Viele m\u00f6chten dann vor allem eines: <strong data-start=\"2724\" data-end=\"2741\">schnell Hilfe<\/strong> \u2013 und gleichzeitig <strong data-start=\"2761\" data-end=\"2776\">Planbarkeit<\/strong> bei Kosten und Zahlung.<\/p><p data-start=\"2802\" data-end=\"2957\">Gerade wenn du nur wenige Tage auf Mallorca bist, ist Klarheit wichtig: Was ist akut n\u00f6tig, was kann warten \u2013 und wie l\u00e4sst sich das organisatorisch l\u00f6sen?<\/p>\t\t\t\t\t\t\t\t<\/div>\n\t\t\t\t<\/div>\n\t\t\t\t\t<\/div>\n\t\t<\/div>\n\t\t\t\t\t<\/div>\n\t\t<\/section>\n\t\t\t\t<section class=\"elementor-section elementor-top-section elementor-element elementor-element-69be3c7 elementor-section-content-middle elementor-section-boxed elementor-section-height-default elementor-section-height-default\" data-id=\"69be3c7\" data-element_type=\"section\" data-e-type=\"section\">\n\t\t\t\t\t\t<div class=\"elementor-container elementor-column-gap-no\">\n\t\t\t\t\t<div class=\"elementor-column elementor-col-100 elementor-top-column elementor-element elementor-element-44b922c elementor-invisible\" data-id=\"44b922c\" data-element_type=\"column\" data-e-type=\"column\" data-settings=\"{&quot;animation&quot;:&quot;slideInLeft&quot;}\">\n\t\t\t<div class=\"elementor-widget-wrap elementor-element-populated\">\n\t\t\t\t\t\t<div class=\"elementor-element elementor-element-3394f83 elementor-widget elementor-widget-heading\" data-id=\"3394f83\" data-element_type=\"widget\" data-e-type=\"widget\" data-widget_type=\"heading.default\">\n\t\t\t\t<div class=\"elementor-widget-container\">\n\t\t\t\t\t<h2 class=\"elementor-heading-title elementor-size-default\">Kann ich beim Zahnarzt auf Mallorca in Raten zahlen?<\/h2>\t\t\t\t<\/div>\n\t\t\t\t<\/div>\n\t\t\t\t<div class=\"elementor-element elementor-element-cea974e elementor-widget elementor-widget-text-editor\" data-id=\"cea974e\" data-element_type=\"widget\" data-e-type=\"widget\" data-widget_type=\"text-editor.default\">\n\t\t\t\t<div class=\"elementor-widget-container\">\n\t\t\t\t\t\t\t\t\t<p data-start=\"3025\" data-end=\"3087\">Ratenzahlung <strong data-start=\"3038\" data-end=\"3046\">kann<\/strong> m\u00f6glich sein \u2013 das h\u00e4ngt meist ab von:<\/p><ul data-start=\"3088\" data-end=\"3317\"><li data-start=\"3088\" data-end=\"3162\"><p data-start=\"3090\" data-end=\"3162\"><strong data-start=\"3090\" data-end=\"3112\">Art der Behandlung<\/strong> (Notfallversorgung vs. umfangreiche Versorgung)<\/p><\/li><li data-start=\"3163\" data-end=\"3222\"><p data-start=\"3165\" data-end=\"3222\"><strong data-start=\"3165\" data-end=\"3186\">Behandlungsumfang<\/strong> (ein Termin vs. mehrere Schritte)<\/p><\/li><li data-start=\"3223\" data-end=\"3281\"><p data-start=\"3225\" data-end=\"3281\"><strong data-start=\"3225\" data-end=\"3245\">deiner Situation<\/strong> (Zeit, Dokumente, Erreichbarkeit)<\/p><\/li><li data-start=\"3282\" data-end=\"3317\"><p data-start=\"3284\" data-end=\"3317\"><strong data-start=\"3284\" data-end=\"3317\">Praxis- und Zahlungsprozessen<\/strong><\/p><\/li><\/ul><p data-start=\"3319\" data-end=\"3550\">Wichtig: Bei akuten Schmerzen liegt der Fokus zuerst auf <strong data-start=\"3376\" data-end=\"3410\">Soforthilfe und Stabilisierung<\/strong>. Danach wird oft ein klarer Plan erstellt: Was muss sofort gemacht werden \u2013 und was kann man strategisch und finanziell sinnvoll aufteilen?<\/p><p data-start=\"3552\" data-end=\"3649\"><strong data-start=\"3555\" data-end=\"3601\">Mehr Infos zur Finanzierung (Son Sardina):<\/strong><br data-start=\"3601\" data-end=\"3604\" \/><a class=\"decorated-link\" href=\"https:\/\/dentalsonsardina.com\/de\/finanzierung\/\" target=\"_new\" rel=\"noopener\" data-start=\"3604\" data-end=\"3649\">https:\/\/dentalsonsardina.com\/de\/finanzierung\/<\/a><\/p>\t\t\t\t\t\t\t\t<\/div>\n\t\t\t\t<\/div>\n\t\t\t\t\t<\/div>\n\t\t<\/div>\n\t\t\t\t\t<\/div>\n\t\t<\/section>\n\t\t\t\t<section class=\"elementor-section elementor-top-section elementor-element elementor-element-d8cff5a elementor-section-content-middle elementor-section-boxed elementor-section-height-default elementor-section-height-default\" data-id=\"d8cff5a\" data-element_type=\"section\" data-e-type=\"section\">\n\t\t\t\t\t\t<div class=\"elementor-container elementor-column-gap-no\">\n\t\t\t\t\t<div class=\"elementor-column elementor-col-100 elementor-top-column elementor-element elementor-element-686cd62 elementor-invisible\" data-id=\"686cd62\" data-element_type=\"column\" data-e-type=\"column\" data-settings=\"{&quot;animation&quot;:&quot;slideInLeft&quot;}\">\n\t\t\t<div class=\"elementor-widget-wrap elementor-element-populated\">\n\t\t\t\t\t\t<div class=\"elementor-element elementor-element-fb0b4f4 elementor-widget elementor-widget-heading\" data-id=\"fb0b4f4\" data-element_type=\"widget\" data-e-type=\"widget\" data-widget_type=\"heading.default\">\n\t\t\t\t<div class=\"elementor-widget-container\">\n\t\t\t\t\t<h2 class=\"elementor-heading-title elementor-size-default\">Welche Zahlungsarten sind im Urlaub am praktischsten?<\/h2>\t\t\t\t<\/div>\n\t\t\t\t<\/div>\n\t\t\t\t<div class=\"elementor-element elementor-element-2fa4615 elementor-widget elementor-widget-text-editor\" data-id=\"2fa4615\" data-element_type=\"widget\" data-e-type=\"widget\" data-widget_type=\"text-editor.default\">\n\t\t\t\t<div class=\"elementor-widget-container\">\n\t\t\t\t\t\t\t\t\t<p data-start=\"3718\" data-end=\"3832\">Damit du nicht unter Druck entscheiden musst, hier die h\u00e4ufigsten M\u00f6glichkeiten, die in vielen Praxen \u00fcblich sind:<\/p><ul data-start=\"3834\" data-end=\"4064\"><li data-start=\"3834\" data-end=\"3880\"><p data-start=\"3836\" data-end=\"3880\"><strong data-start=\"3836\" data-end=\"3853\">Kartenzahlung<\/strong> (schnell, unkompliziert)<\/p><\/li><li data-start=\"3881\" data-end=\"3944\"><p data-start=\"3883\" data-end=\"3944\"><strong data-start=\"3883\" data-end=\"3898\">\u00dcberweisung<\/strong> (manchmal sinnvoll bei geplanten Schritten)<\/p><\/li><li data-start=\"3945\" data-end=\"3983\"><p data-start=\"3947\" data-end=\"3983\"><strong data-start=\"3947\" data-end=\"3961\">Barzahlung<\/strong> (je nach Situation)<\/p><\/li><li data-start=\"3984\" data-end=\"4064\"><p data-start=\"3986\" data-end=\"4064\"><strong data-start=\"3986\" data-end=\"4016\">Ratenzahlung \/ Teilzahlung<\/strong> (wenn es zur Behandlung und Organisation passt)<\/p><\/li><\/ul><p data-start=\"4066\" data-end=\"4220\">Tipp: Frag direkt nach einem <strong data-start=\"4095\" data-end=\"4118\">klaren Kostenrahmen<\/strong> und bitte um eine kurze \u00dcbersicht, welche Schritte dringend sind \u2013 dann kannst du besser entscheiden.<\/p>\t\t\t\t\t\t\t\t<\/div>\n\t\t\t\t<\/div>\n\t\t\t\t<div class=\"elementor-element elementor-element-d92d778 elementor-widget elementor-widget-image\" data-id=\"d92d778\" data-element_type=\"widget\" data-e-type=\"widget\" data-widget_type=\"image.default\">\n\t\t\t\t<div class=\"elementor-widget-container\">\n\t\t\t\t\t\t\t\t\t\t\t\t\t\t\t<img fetchpriority=\"high\" decoding=\"async\" width=\"1279\" height=\"854\" src=\"https:\/\/dentalsonsardina.com\/de\/wp-content\/uploads\/2026\/02\/Kartenzahlung-beim-Zahnarzt-\u2013-praktische-Loesung-im-Urlaub.jpg\" class=\"attachment-full size-full wp-image-2572\" alt=\"Behandlungsm\u00f6glichkeiten bei abgebrochenem Zahn in Palma\" srcset=\"https:\/\/dentalsonsardina.com\/de\/wp-content\/uploads\/2026\/02\/Kartenzahlung-beim-Zahnarzt-\u2013-praktische-Loesung-im-Urlaub.jpg 1279w, https:\/\/dentalsonsardina.com\/de\/wp-content\/uploads\/2026\/02\/Kartenzahlung-beim-Zahnarzt-\u2013-praktische-Loesung-im-Urlaub-300x200.jpg 300w, https:\/\/dentalsonsardina.com\/de\/wp-content\/uploads\/2026\/02\/Kartenzahlung-beim-Zahnarzt-\u2013-praktische-Loesung-im-Urlaub-1024x684.jpg 1024w, https:\/\/dentalsonsardina.com\/de\/wp-content\/uploads\/2026\/02\/Kartenzahlung-beim-Zahnarzt-\u2013-praktische-Loesung-im-Urlaub-768x513.jpg 768w\" sizes=\"(max-width: 1279px) 100vw, 1279px\" \/>\t\t\t\t\t\t\t\t\t\t\t\t\t\t\t<\/div>\n\t\t\t\t<\/div>\n\t\t\t\t\t<\/div>\n\t\t<\/div>\n\t\t\t\t\t<\/div>\n\t\t<\/section>\n\t\t\t\t<section class=\"elementor-section elementor-top-section elementor-element elementor-element-b8807e8 elementor-section-content-middle elementor-section-boxed elementor-section-height-default elementor-section-height-default\" data-id=\"b8807e8\" data-element_type=\"section\" data-e-type=\"section\">\n\t\t\t\t\t\t<div class=\"elementor-container elementor-column-gap-no\">\n\t\t\t\t\t<div class=\"elementor-column elementor-col-100 elementor-top-column elementor-element elementor-element-44f526e elementor-invisible\" data-id=\"44f526e\" data-element_type=\"column\" data-e-type=\"column\" data-settings=\"{&quot;animation&quot;:&quot;slideInLeft&quot;}\">\n\t\t\t<div class=\"elementor-widget-wrap elementor-element-populated\">\n\t\t\t\t\t\t<div class=\"elementor-element elementor-element-c399ea7 elementor-widget elementor-widget-heading\" data-id=\"c399ea7\" data-element_type=\"widget\" data-e-type=\"widget\" data-widget_type=\"heading.default\">\n\t\t\t\t<div class=\"elementor-widget-container\">\n\t\t\t\t\t<h2 class=\"elementor-heading-title elementor-size-default\">Checkliste \u2013 diese Infos solltest du parat haben<\/h2>\t\t\t\t<\/div>\n\t\t\t\t<\/div>\n\t\t\t\t<div class=\"elementor-element elementor-element-c6bc928 elementor-widget elementor-widget-text-editor\" data-id=\"c6bc928\" data-element_type=\"widget\" data-e-type=\"widget\" data-widget_type=\"text-editor.default\">\n\t\t\t\t<div class=\"elementor-widget-container\">\n\t\t\t\t\t\t\t\t\t<p data-start=\"4284\" data-end=\"4382\">Wenn du \u00fcber Ratenzahlung oder Teilzahlung sprichst, hilft es, wenn du Folgendes griffbereit hast:<\/p><ul data-start=\"4384\" data-end=\"4668\"><li data-start=\"4384\" data-end=\"4426\"><p data-start=\"4386\" data-end=\"4426\">Ausweis\/Reisepass (zur Identifikation)<\/p><\/li><li data-start=\"4427\" data-end=\"4478\"><p data-start=\"4429\" data-end=\"4478\">Telefonnummer + E-Mail (f\u00fcr Absprachen\/Termine)<\/p><\/li><li data-start=\"4479\" data-end=\"4533\"><p data-start=\"4481\" data-end=\"4533\">Kurzinfo: <strong data-start=\"4491\" data-end=\"4531\">Wie lange bist du noch auf Mallorca?<\/strong><\/p><\/li><li data-start=\"4534\" data-end=\"4593\"><p data-start=\"4536\" data-end=\"4593\">Falls vorhanden: <strong data-start=\"4553\" data-end=\"4591\">Vorbefunde \/ R\u00f6ntgen \/ Medikamente<\/strong><\/p><\/li><li data-start=\"4594\" data-end=\"4668\"><p data-start=\"4596\" data-end=\"4668\">Zahlungsoptionen, die f\u00fcr dich realistisch sind (Karte\/\u00dcberweisung etc.)<\/p><\/li><\/ul><p data-start=\"4670\" data-end=\"4772\">Je klarer die Infos, desto einfacher l\u00e4sst sich die Behandlung <strong data-start=\"4733\" data-end=\"4743\">planen<\/strong> \u2013 auch wenn du Tourist bist.<\/p>\t\t\t\t\t\t\t\t<\/div>\n\t\t\t\t<\/div>\n\t\t\t\t<div class=\"elementor-element elementor-element-d99c532 elementor-widget elementor-widget-heading\" data-id=\"d99c532\" data-element_type=\"widget\" data-e-type=\"widget\" data-widget_type=\"heading.default\">\n\t\t\t\t<div class=\"elementor-widget-container\">\n\t\t\t\t\t<h2 class=\"elementor-heading-title elementor-size-default\">Ablauf in 4 Schritten (so beh\u00e4ltst du die Kontrolle)<\/h2>\t\t\t\t<\/div>\n\t\t\t\t<\/div>\n\t\t\t\t<div class=\"elementor-element elementor-element-ae7941f elementor-widget elementor-widget-text-editor\" data-id=\"ae7941f\" data-element_type=\"widget\" data-e-type=\"widget\" data-widget_type=\"text-editor.default\">\n\t\t\t\t<div class=\"elementor-widget-container\">\n\t\t\t\t\t\t\t\t\t<p data-start=\"4840\" data-end=\"4934\"><strong data-start=\"4840\" data-end=\"4863\">1) Ersteinsch\u00e4tzung<\/strong><br data-start=\"4863\" data-end=\"4866\" \/>Was ist akut? Was verursacht den Schmerz? Gibt es Schwellung\/Fieber?<\/p><p data-start=\"4936\" data-end=\"5032\"><strong data-start=\"4936\" data-end=\"4956\">2) Priorisierung<\/strong><br data-start=\"4956\" data-end=\"4959\" \/>Welche Ma\u00dfnahme ist <strong data-start=\"4979\" data-end=\"4989\">sofort<\/strong> n\u00f6tig, um Schmerzen\/Entz\u00fcndung zu stoppen?<\/p><p data-start=\"5034\" data-end=\"5133\"><strong data-start=\"5034\" data-end=\"5059\">3) Plan &amp; Transparenz<\/strong><br data-start=\"5059\" data-end=\"5062\" \/>Ein kurzer Plan mit den n\u00e4chsten Schritten (auch wenn du bald abreist).<\/p><p data-start=\"5135\" data-end=\"5238\"><strong data-start=\"5135\" data-end=\"5156\">4) Zahlung kl\u00e4ren<\/strong><br data-start=\"5156\" data-end=\"5159\" \/>Welche Zahlungsart passt \u2013 und ob eine Raten-\/Teilzahlung sinnvoll m\u00f6glich ist.<\/p>\t\t\t\t\t\t\t\t<\/div>\n\t\t\t\t<\/div>\n\t\t\t\t\t<\/div>\n\t\t<\/div>\n\t\t\t\t\t<\/div>\n\t\t<\/section>\n\t\t\t\t<section class=\"elementor-section elementor-top-section elementor-element elementor-element-044485f elementor-section-content-middle elementor-section-boxed elementor-section-height-default elementor-section-height-default\" data-id=\"044485f\" data-element_type=\"section\" data-e-type=\"section\">\n\t\t\t\t\t\t<div class=\"elementor-container elementor-column-gap-no\">\n\t\t\t\t\t<div class=\"elementor-column elementor-col-100 elementor-top-column elementor-element elementor-element-0d1020a elementor-invisible\" data-id=\"0d1020a\" data-element_type=\"column\" data-e-type=\"column\" data-settings=\"{&quot;animation&quot;:&quot;slideInLeft&quot;}\">\n\t\t\t<div class=\"elementor-widget-wrap elementor-element-populated\">\n\t\t\t\t\t\t<div class=\"elementor-element elementor-element-628bfed elementor-widget elementor-widget-heading\" data-id=\"628bfed\" data-element_type=\"widget\" data-e-type=\"widget\" data-widget_type=\"heading.default\">\n\t\t\t\t<div class=\"elementor-widget-container\">\n\t\t\t\t\t<h2 class=\"elementor-heading-title elementor-size-default\">Was du sofort tun kannst, bis du in der Praxis bist<\/h2>\t\t\t\t<\/div>\n\t\t\t\t<\/div>\n\t\t\t\t<div class=\"elementor-element elementor-element-432db85 elementor-widget elementor-widget-text-editor\" data-id=\"432db85\" data-element_type=\"widget\" data-e-type=\"widget\" data-widget_type=\"text-editor.default\">\n\t\t\t\t<div class=\"elementor-widget-container\">\n\t\t\t\t\t\t\t\t\t<p data-start=\"5305\" data-end=\"5379\">Wenn du Schmerzen hast, helfen oft diese Basics (ohne Selbst-Experimente):<\/p><ul data-start=\"5381\" data-end=\"5719\"><li data-start=\"5381\" data-end=\"5466\"><p data-start=\"5383\" data-end=\"5466\"><strong data-start=\"5383\" data-end=\"5409\">K\u00fchlen \u2013 aber richtig:<\/strong> 10 Minuten k\u00fchlen, 10 Minuten Pause (Tuch dazwischen).<\/p><\/li><li data-start=\"5467\" data-end=\"5545\"><p data-start=\"5469\" data-end=\"5545\"><strong data-start=\"5469\" data-end=\"5482\">Schonung:<\/strong> nicht auf der betroffenen Seite kauen, harte Speisen meiden.<\/p><\/li><li data-start=\"5546\" data-end=\"5639\"><p data-start=\"5548\" data-end=\"5639\"><strong data-start=\"5548\" data-end=\"5565\">Sanft sp\u00fclen:<\/strong> lauwarmes Wasser \u2013 keine aggressiven Mittel direkt auf das Zahnfleisch.<\/p><\/li><li data-start=\"5640\" data-end=\"5719\"><p data-start=\"5642\" data-end=\"5719\"><strong data-start=\"5642\" data-end=\"5681\">Nicht dr\u00fccken \/ nicht \u201caufstechen\u201d:<\/strong> Das kann die Situation verschlimmern.<\/p><\/li><\/ul><p data-start=\"5721\" data-end=\"5800\">Wenn Schwellung, Fieber oder starke Einschr\u00e4nkung dazukommen: <strong data-start=\"5783\" data-end=\"5799\">nicht warten<\/strong>.<\/p>\t\t\t\t\t\t\t\t<\/div>\n\t\t\t\t<\/div>\n\t\t\t\t<div class=\"elementor-element elementor-element-399dee7 elementor-widget elementor-widget-image\" data-id=\"399dee7\" data-element_type=\"widget\" data-e-type=\"widget\" data-widget_type=\"image.default\">\n\t\t\t\t<div class=\"elementor-widget-container\">\n\t\t\t\t\t\t\t\t\t\t\t\t\t\t\t<img decoding=\"async\" width=\"1280\" height=\"853\" data-src=\"https:\/\/dentalsonsardina.com\/de\/wp-content\/uploads\/2026\/02\/Zahnschmerzen-im-Urlaub-_-wann-du-handeln-solltest.jpg\" class=\"attachment-full size-full wp-image-2576 lazyload\" alt=\"Zahnschmerzen im Urlaub auf Mallorca \u2013 schnelle Hilfe und Kostenkl\u00e4rung\" data-srcset=\"https:\/\/dentalsonsardina.com\/de\/wp-content\/uploads\/2026\/02\/Zahnschmerzen-im-Urlaub-_-wann-du-handeln-solltest.jpg 1280w, https:\/\/dentalsonsardina.com\/de\/wp-content\/uploads\/2026\/02\/Zahnschmerzen-im-Urlaub-_-wann-du-handeln-solltest-300x200.jpg 300w, https:\/\/dentalsonsardina.com\/de\/wp-content\/uploads\/2026\/02\/Zahnschmerzen-im-Urlaub-_-wann-du-handeln-solltest-1024x682.jpg 1024w, https:\/\/dentalsonsardina.com\/de\/wp-content\/uploads\/2026\/02\/Zahnschmerzen-im-Urlaub-_-wann-du-handeln-solltest-768x512.jpg 768w\" data-sizes=\"(max-width: 1280px) 100vw, 1280px\" src=\"data:image\/svg+xml;base64,PHN2ZyB3aWR0aD0iMSIgaGVpZ2h0PSIxIiB4bWxucz0iaHR0cDovL3d3dy53My5vcmcvMjAwMC9zdmciPjwvc3ZnPg==\" style=\"--smush-placeholder-width: 1280px; --smush-placeholder-aspect-ratio: 1280\/853;\" \/>\t\t\t\t\t\t\t\t\t\t\t\t\t\t\t<\/div>\n\t\t\t\t<\/div>\n\t\t\t\t\t<\/div>\n\t\t<\/div>\n\t\t\t\t\t<\/div>\n\t\t<\/section>\n\t\t\t\t<section class=\"elementor-section elementor-top-section elementor-element elementor-element-2900bd6 elementor-section-content-middle elementor-section-boxed elementor-section-height-default elementor-section-height-default\" data-id=\"2900bd6\" data-element_type=\"section\" data-e-type=\"section\">\n\t\t\t\t\t\t<div class=\"elementor-container elementor-column-gap-no\">\n\t\t\t\t\t<div class=\"elementor-column elementor-col-100 elementor-top-column elementor-element elementor-element-08e604f elementor-invisible\" data-id=\"08e604f\" data-element_type=\"column\" data-e-type=\"column\" data-settings=\"{&quot;animation&quot;:&quot;slideInLeft&quot;}\">\n\t\t\t<div class=\"elementor-widget-wrap elementor-element-populated\">\n\t\t\t\t\t\t<div class=\"elementor-element elementor-element-e7dbe21 elementor-widget elementor-widget-heading\" data-id=\"e7dbe21\" data-element_type=\"widget\" data-e-type=\"widget\" data-widget_type=\"heading.default\">\n\t\t\t\t<div class=\"elementor-widget-container\">\n\t\t\t\t\t<h2 class=\"elementor-heading-title elementor-size-default\">Sofort handeln \u2013 diese Warnzeichen sind kritisch<\/h2>\t\t\t\t<\/div>\n\t\t\t\t<\/div>\n\t\t\t\t<div class=\"elementor-element elementor-element-c8861ac elementor-widget elementor-widget-text-editor\" data-id=\"c8861ac\" data-element_type=\"widget\" data-e-type=\"widget\" data-widget_type=\"text-editor.default\">\n\t\t\t\t<div class=\"elementor-widget-container\">\n\t\t\t\t\t\t\t\t\t<p data-start=\"5864\" data-end=\"5915\">Bitte z\u00f6gere nicht, wenn du eines davon bemerkst:<\/p><ul data-start=\"5916\" data-end=\"6128\"><li data-start=\"5916\" data-end=\"5947\"><p data-start=\"5918\" data-end=\"5947\">Schwellung nimmt schnell zu<\/p><\/li><li data-start=\"5948\" data-end=\"5985\"><p data-start=\"5950\" data-end=\"5985\">Fieber \/ starkes Krankheitsgef\u00fchl<\/p><\/li><li data-start=\"5986\" data-end=\"6026\"><p data-start=\"5988\" data-end=\"6026\">Schluckbeschwerden oder Atemprobleme<\/p><\/li><li data-start=\"6027\" data-end=\"6072\"><p data-start=\"6029\" data-end=\"6072\">Ausbreitung Richtung Hals\/unteres Gesicht<\/p><\/li><li data-start=\"6073\" data-end=\"6128\"><p data-start=\"6075\" data-end=\"6128\">du kannst den Mund kaum \u00f6ffnen (starke Einschr\u00e4nkung)<\/p><\/li><\/ul><p data-start=\"6130\" data-end=\"6206\">In diesen F\u00e4llen gilt: <strong data-start=\"6153\" data-end=\"6184\">sofort medizinisch abkl\u00e4ren<\/strong> \u2013 im Zweifel <strong data-start=\"6198\" data-end=\"6205\">112<\/strong>.<\/p>\t\t\t\t\t\t\t\t<\/div>\n\t\t\t\t<\/div>\n\t\t\t\t\t<\/div>\n\t\t<\/div>\n\t\t\t\t\t<\/div>\n\t\t<\/section>\n\t\t\t\t<section class=\"elementor-section elementor-top-section elementor-element elementor-element-8408204 elementor-section-content-middle elementor-section-boxed elementor-section-height-default elementor-section-height-default\" data-id=\"8408204\" data-element_type=\"section\" data-e-type=\"section\" data-settings=\"{&quot;background_background&quot;:&quot;classic&quot;}\">\n\t\t\t\t\t\t<div class=\"elementor-container elementor-column-gap-no\">\n\t\t\t\t\t<div class=\"elementor-column elementor-col-100 elementor-top-column elementor-element elementor-element-021c840\" data-id=\"021c840\" data-element_type=\"column\" data-e-type=\"column\">\n\t\t\t<div class=\"elementor-widget-wrap elementor-element-populated\">\n\t\t\t\t\t\t<div class=\"elementor-element elementor-element-a631834 elementor-widget__width-initial elementor-widget elementor-widget-heading\" data-id=\"a631834\" data-element_type=\"widget\" data-e-type=\"widget\" data-widget_type=\"heading.default\">\n\t\t\t\t<div class=\"elementor-widget-container\">\n\t\t\t\t\t<h2 class=\"elementor-heading-title elementor-size-default\">FAQ (kurz &amp; hilfreich)<\/h2>\t\t\t\t<\/div>\n\t\t\t\t<\/div>\n\t\t\t\t<div class=\"elementor-element elementor-element-afc2f41 elementor-widget__width-initial elementor-widget elementor-widget-toggle\" data-id=\"afc2f41\" data-element_type=\"widget\" data-e-type=\"widget\" data-widget_type=\"toggle.default\">\n\t\t\t\t<div class=\"elementor-widget-container\">\n\t\t\t\t\t\t\t<div class=\"elementor-toggle\">\n\t\t\t\t\t\t\t<div class=\"elementor-toggle-item\">\n\t\t\t\t\t<h3 id=\"elementor-tab-title-1841\" class=\"elementor-tab-title\" data-tab=\"1\" role=\"button\" aria-controls=\"elementor-tab-content-1841\" aria-expanded=\"false\">\n\t\t\t\t\t\t\t\t\t\t\t\t<span class=\"elementor-toggle-icon elementor-toggle-icon-right\" aria-hidden=\"true\">\n\t\t\t\t\t\t\t\t\t\t\t\t\t\t\t<span class=\"elementor-toggle-icon-closed\"><i class=\"fas fa-caret-right\"><\/i><\/span>\n\t\t\t\t\t\t\t\t<span class=\"elementor-toggle-icon-opened\"><i class=\"elementor-toggle-icon-opened fas fa-caret-up\"><\/i><\/span>\n\t\t\t\t\t\t\t\t\t\t\t\t\t<\/span>\n\t\t\t\t\t\t\t\t\t\t\t\t<a class=\"elementor-toggle-title\" tabindex=\"0\">Frage 1: Geht Ratenzahlung auch bei einem Notfalltermin?<\/a>\n\t\t\t\t\t<\/h3>\n\n\t\t\t\t\t<div id=\"elementor-tab-content-1841\" class=\"elementor-tab-content elementor-clearfix\" data-tab=\"1\" role=\"region\" aria-labelledby=\"elementor-tab-title-1841\"><p>Manchmal ja \u2013 oft wird aber zuerst die akute Versorgung gemacht und danach der weitere Plan inkl. Zahlung gekl\u00e4rt.<\/p><\/div>\n\t\t\t\t<\/div>\n\t\t\t\t\t\t\t<div class=\"elementor-toggle-item\">\n\t\t\t\t\t<h3 id=\"elementor-tab-title-1842\" class=\"elementor-tab-title\" data-tab=\"2\" role=\"button\" aria-controls=\"elementor-tab-content-1842\" aria-expanded=\"false\">\n\t\t\t\t\t\t\t\t\t\t\t\t<span class=\"elementor-toggle-icon elementor-toggle-icon-right\" aria-hidden=\"true\">\n\t\t\t\t\t\t\t\t\t\t\t\t\t\t\t<span class=\"elementor-toggle-icon-closed\"><i class=\"fas fa-caret-right\"><\/i><\/span>\n\t\t\t\t\t\t\t\t<span class=\"elementor-toggle-icon-opened\"><i class=\"elementor-toggle-icon-opened fas fa-caret-up\"><\/i><\/span>\n\t\t\t\t\t\t\t\t\t\t\t\t\t<\/span>\n\t\t\t\t\t\t\t\t\t\t\t\t<a class=\"elementor-toggle-title\" tabindex=\"0\">Frage 2: Muss ich im Urlaub immer alles sofort vollst\u00e4ndig bezahlen?<\/a>\n\t\t\t\t\t<\/h3>\n\n\t\t\t\t\t<div id=\"elementor-tab-content-1842\" class=\"elementor-tab-content elementor-clearfix\" data-tab=\"2\" role=\"region\" aria-labelledby=\"elementor-tab-title-1842\"><p>Nicht zwingend. Entscheidend ist, dass du die Situation offen ansprichst und um eine klare Aufteilung (dringend vs. planbar) bittest.<\/p><\/div>\n\t\t\t\t<\/div>\n\t\t\t\t\t\t\t<div class=\"elementor-toggle-item\">\n\t\t\t\t\t<h3 id=\"elementor-tab-title-1843\" class=\"elementor-tab-title\" data-tab=\"3\" role=\"button\" aria-controls=\"elementor-tab-content-1843\" aria-expanded=\"false\">\n\t\t\t\t\t\t\t\t\t\t\t\t<span class=\"elementor-toggle-icon elementor-toggle-icon-right\" aria-hidden=\"true\">\n\t\t\t\t\t\t\t\t\t\t\t\t\t\t\t<span class=\"elementor-toggle-icon-closed\"><i class=\"fas fa-caret-right\"><\/i><\/span>\n\t\t\t\t\t\t\t\t<span class=\"elementor-toggle-icon-opened\"><i class=\"elementor-toggle-icon-opened fas fa-caret-up\"><\/i><\/span>\n\t\t\t\t\t\t\t\t\t\t\t\t\t<\/span>\n\t\t\t\t\t\t\t\t\t\t\t\t<a class=\"elementor-toggle-title\" tabindex=\"0\">Frage 3: Was ist, wenn ich nur noch 2\u20133 Tage auf Mallorca bin?<\/a>\n\t\t\t\t\t<\/h3>\n\n\t\t\t\t\t<div id=\"elementor-tab-content-1843\" class=\"elementor-tab-content elementor-clearfix\" data-tab=\"3\" role=\"region\" aria-labelledby=\"elementor-tab-title-1843\"><p>Dann ist ein Plan wichtig: Soforthilfe jetzt, Folgeschritte strukturiert (ggf. zu Hause) \u2013 plus Dokumentation\/Empfehlung.<\/p><\/div>\n\t\t\t\t<\/div>\n\t\t\t\t\t\t\t<div class=\"elementor-toggle-item\">\n\t\t\t\t\t<h3 id=\"elementor-tab-title-1844\" class=\"elementor-tab-title\" data-tab=\"4\" role=\"button\" aria-controls=\"elementor-tab-content-1844\" aria-expanded=\"false\">\n\t\t\t\t\t\t\t\t\t\t\t\t<span class=\"elementor-toggle-icon elementor-toggle-icon-right\" aria-hidden=\"true\">\n\t\t\t\t\t\t\t\t\t\t\t\t\t\t\t<span class=\"elementor-toggle-icon-closed\"><i class=\"fas fa-caret-right\"><\/i><\/span>\n\t\t\t\t\t\t\t\t<span class=\"elementor-toggle-icon-opened\"><i class=\"elementor-toggle-icon-opened fas fa-caret-up\"><\/i><\/span>\n\t\t\t\t\t\t\t\t\t\t\t\t\t<\/span>\n\t\t\t\t\t\t\t\t\t\t\t\t<a class=\"elementor-toggle-title\" tabindex=\"0\">Frage 4: Was sollte ich bei der Kostenkl\u00e4rung fragen?<\/a>\n\t\t\t\t\t<\/h3>\n\n\t\t\t\t\t<div id=\"elementor-tab-content-1844\" class=\"elementor-tab-content elementor-clearfix\" data-tab=\"4\" role=\"region\" aria-labelledby=\"elementor-tab-title-1844\"><p>Bitte um: Kostenrahmen, Priorit\u00e4ten (sofort\/optional), Alternativen und den n\u00e4chsten Schritt.<\/p><\/div>\n\t\t\t\t<\/div>\n\t\t\t\t\t\t\t<div class=\"elementor-toggle-item\">\n\t\t\t\t\t<h3 id=\"elementor-tab-title-1845\" class=\"elementor-tab-title\" data-tab=\"5\" role=\"button\" aria-controls=\"elementor-tab-content-1845\" aria-expanded=\"false\">\n\t\t\t\t\t\t\t\t\t\t\t\t<span class=\"elementor-toggle-icon elementor-toggle-icon-right\" aria-hidden=\"true\">\n\t\t\t\t\t\t\t\t\t\t\t\t\t\t\t<span class=\"elementor-toggle-icon-closed\"><i class=\"fas fa-caret-right\"><\/i><\/span>\n\t\t\t\t\t\t\t\t<span class=\"elementor-toggle-icon-opened\"><i class=\"elementor-toggle-icon-opened fas fa-caret-up\"><\/i><\/span>\n\t\t\t\t\t\t\t\t\t\t\t\t\t<\/span>\n\t\t\t\t\t\t\t\t\t\t\t\t<a class=\"elementor-toggle-title\" tabindex=\"0\">Frage 5: Wo finde ich eure Finanzierungsinfos?<\/a>\n\t\t\t\t\t<\/h3>\n\n\t\t\t\t\t<div id=\"elementor-tab-content-1845\" class=\"elementor-tab-content elementor-clearfix\" data-tab=\"5\" role=\"region\" aria-labelledby=\"elementor-tab-title-1845\"><p>Hier: <a class=\"decorated-link\" href=\"https:\/\/dentalsonsardina.com\/de\/finanzierung\/\" target=\"_new\" rel=\"noopener\" data-start=\"7039\" data-end=\"7084\">https:\/\/dentalsonsardina.com\/de\/finanzierung\/<\/a><\/p><\/div>\n\t\t\t\t<\/div>\n\t\t\t\t\t\t\t\t<\/div>\n\t\t\t\t\t\t<\/div>\n\t\t\t\t<\/div>\n\t\t\t\t\t<\/div>\n\t\t<\/div>\n\t\t\t\t\t<\/div>\n\t\t<\/section>\n\t\t\t\t<section class=\"elementor-section elementor-top-section elementor-element elementor-element-e371c71 elementor-section-content-middle elementor-section-boxed elementor-section-height-default elementor-section-height-default\" data-id=\"e371c71\" data-element_type=\"section\" data-e-type=\"section\" data-settings=\"{&quot;background_background&quot;:&quot;classic&quot;}\">\n\t\t\t\t\t\t<div class=\"elementor-container elementor-column-gap-no\">\n\t\t\t\t\t<div class=\"elementor-column elementor-col-50 elementor-top-column elementor-element elementor-element-b11273e elementor-invisible\" data-id=\"b11273e\" data-element_type=\"column\" data-e-type=\"column\" data-settings=\"{&quot;animation&quot;:&quot;slideInLeft&quot;}\">\n\t\t\t<div class=\"elementor-widget-wrap elementor-element-populated\">\n\t\t\t\t\t\t<div class=\"elementor-element elementor-element-e33e033 elementor-widget__width-initial elementor-widget elementor-widget-heading\" data-id=\"e33e033\" data-element_type=\"widget\" data-e-type=\"widget\" data-widget_type=\"heading.default\">\n\t\t\t\t<div class=\"elementor-widget-container\">\n\t\t\t\t\t<h2 class=\"elementor-heading-title elementor-size-default\">Fazit<\/h2>\t\t\t\t<\/div>\n\t\t\t\t<\/div>\n\t\t\t\t<div class=\"elementor-element elementor-element-1e529dd elementor-widget elementor-widget-text-editor\" data-id=\"1e529dd\" data-element_type=\"widget\" data-e-type=\"widget\" data-widget_type=\"text-editor.default\">\n\t\t\t\t<div class=\"elementor-widget-container\">\n\t\t\t\t\t\t\t\t\t<p data-start=\"7105\" data-end=\"7346\">Eine Zahnarztrechnung im Urlaub ist unangenehm \u2013 aber mit dem richtigen Ablauf bekommst du schnell Kontrolle zur\u00fcck: Erst Stabilisierung, dann Plan, dann Zahlungsart. Wenn du unsicher bist, frag fr\u00fchzeitig nach Transparenz und M\u00f6glichkeiten.<\/p><p data-start=\"7348\" data-end=\"7445\"><strong data-start=\"7351\" data-end=\"7397\">Finanzierung &amp; Ratenzahlung (Son Sardina):<\/strong><br data-start=\"7397\" data-end=\"7400\" \/><a class=\"decorated-link\" href=\"https:\/\/dentalsonsardina.com\/de\/finanzierung\/\" target=\"_new\" rel=\"noopener\" data-start=\"7400\" data-end=\"7445\">&gt;&gt;&gt;Finanzierung&gt;&gt;&gt;<\/a><\/p><p data-start=\"7447\" data-end=\"7574\"><strong data-start=\"7447\" data-end=\"7506\">Kontakt (falls du es im Post nennen willst, ohne Link):<\/strong><br data-start=\"7506\" data-end=\"7509\" \/>Festnetz: +34 971 43 86 73<br data-start=\"7535\" data-end=\"7538\" \/>Notfall: +34 679 09 14 76 (WhatsApp)<\/p>\t\t\t\t\t\t\t\t<\/div>\n\t\t\t\t<\/div>\n\t\t\t\t\t<\/div>\n\t\t<\/div>\n\t\t\t\t<div class=\"elementor-column elementor-col-50 elementor-top-column elementor-element elementor-element-3860dd8 elementor-invisible\" data-id=\"3860dd8\" data-element_type=\"column\" data-e-type=\"column\" data-settings=\"{&quot;animation&quot;:&quot;slideInRight&quot;,&quot;background_background&quot;:&quot;classic&quot;}\">\n\t\t\t<div class=\"elementor-widget-wrap\">\n\t\t\t\t\t\t\t<\/div>\n\t\t<\/div>\n\t\t\t\t\t<\/div>\n\t\t<\/section>\n\t\t\t\t<section class=\"elementor-section elementor-top-section elementor-element elementor-element-680fbca elementor-section-content-middle elementor-reverse-mobile elementor-section-full_width elementor-section-height-default elementor-section-height-default\" data-id=\"680fbca\" data-element_type=\"section\" data-e-type=\"section\">\n\t\t\t\t\t\t\t<div class=\"elementor-background-overlay\"><\/div>\n\t\t\t\t\t\t\t<div class=\"elementor-container elementor-column-gap-no\">\n\t\t\t\t\t<div class=\"elementor-column elementor-col-50 elementor-top-column elementor-element elementor-element-2715050\" data-id=\"2715050\" data-element_type=\"column\" data-e-type=\"column\">\n\t\t\t<div class=\"elementor-widget-wrap elementor-element-populated\">\n\t\t\t\t\t\t<div class=\"elementor-element elementor-element-c18f9d1 elementor-widget elementor-widget-google_maps\" data-id=\"c18f9d1\" data-element_type=\"widget\" data-e-type=\"widget\" data-widget_type=\"google_maps.default\">\n\t\t\t\t<div class=\"elementor-widget-container\">\n\t\t\t\t\t\t\t<div class=\"elementor-custom-embed\">\n\t\t\t<iframe\n\t\t\t\t\tdata-src=\"https:\/\/maps.google.com\/maps?q=Cl%C3%ADnica%20Dental%20Son%20Sardina%2C%20Cam%C3%AD%20de%20Passatemps%2C%20123%2C%20Bajo%2C%2007120%20Son%20Sardina%2C%20Illes%20Balears&#038;t=m&#038;z=18&#038;output=embed&#038;iwloc=near\"\n\t\t\t\t\ttitle=\"Cl\u00ednica Dental Son Sardina, Cam\u00ed de Passatemps, 123, Bajo, 07120 Son Sardina, Illes Balears\"\n\t\t\t\t\taria-label=\"Cl\u00ednica Dental Son Sardina, Cam\u00ed de Passatemps, 123, Bajo, 07120 Son Sardina, Illes Balears\"\n\t\t\t src=\"data:image\/svg+xml;base64,PHN2ZyB3aWR0aD0iMSIgaGVpZ2h0PSIxIiB4bWxucz0iaHR0cDovL3d3dy53My5vcmcvMjAwMC9zdmciPjwvc3ZnPg==\" class=\"lazyload\" data-load-mode=\"1\"><\/iframe>\n\t\t<\/div>\n\t\t\t\t\t\t<\/div>\n\t\t\t\t<\/div>\n\t\t\t\t\t<\/div>\n\t\t<\/div>\n\t\t\t\t<div class=\"elementor-column elementor-col-50 elementor-top-column elementor-element elementor-element-fd38ee3\" data-id=\"fd38ee3\" data-element_type=\"column\" data-e-type=\"column\">\n\t\t\t<div class=\"elementor-widget-wrap elementor-element-populated\">\n\t\t\t\t\t\t<div class=\"elementor-element elementor-element-9f6fe54 elementor-widget__width-initial elementor-widget elementor-widget-heading\" data-id=\"9f6fe54\" data-element_type=\"widget\" data-e-type=\"widget\" data-widget_type=\"heading.default\">\n\t\t\t\t<div class=\"elementor-widget-container\">\n\t\t\t\t\t<h2 class=\"elementor-heading-title elementor-size-default\">Standort | Zahnklinik Son Sardina<\/h2>\t\t\t\t<\/div>\n\t\t\t\t<\/div>\n\t\t\t\t<section class=\"elementor-section elementor-inner-section elementor-element elementor-element-328114a elementor-section-boxed elementor-section-height-default elementor-section-height-default\" data-id=\"328114a\" data-element_type=\"section\" data-e-type=\"section\">\n\t\t\t\t\t\t<div class=\"elementor-container elementor-column-gap-default\">\n\t\t\t\t\t<div class=\"elementor-column elementor-col-100 elementor-inner-column elementor-element elementor-element-becfe42\" data-id=\"becfe42\" data-element_type=\"column\" data-e-type=\"column\">\n\t\t\t<div class=\"elementor-widget-wrap elementor-element-populated\">\n\t\t\t\t\t\t<div class=\"elementor-element elementor-element-9a3cc42 elementor-widget__width-initial elementor-widget elementor-widget-heading\" data-id=\"9a3cc42\" data-element_type=\"widget\" data-e-type=\"widget\" data-widget_type=\"heading.default\">\n\t\t\t\t<div class=\"elementor-widget-container\">\n\t\t\t\t\t<h3 class=\"elementor-heading-title elementor-size-default\">Wie k\u00f6nnen Sie uns kontaktieren?<\/h3>\t\t\t\t<\/div>\n\t\t\t\t<\/div>\n\t\t\t\t<div class=\"elementor-element elementor-element-36cd0e2 elementor-position-left elementor-vertical-align-top elementor-widget elementor-widget-image-box\" data-id=\"36cd0e2\" data-element_type=\"widget\" data-e-type=\"widget\" data-widget_type=\"image-box.default\">\n\t\t\t\t<div class=\"elementor-widget-container\">\n\t\t\t\t\t<div class=\"elementor-image-box-wrapper\"><figure class=\"elementor-image-box-img\"><img decoding=\"async\" width=\"30\" height=\"40\" data-src=\"https:\/\/dentalsonsardina.com\/de\/wp-content\/uploads\/2023\/09\/localizacion.png\" class=\"elementor-animation-grow attachment-thumbnail size-thumbnail wp-image-317 lazyload\" alt=\"\" src=\"data:image\/svg+xml;base64,PHN2ZyB3aWR0aD0iMSIgaGVpZ2h0PSIxIiB4bWxucz0iaHR0cDovL3d3dy53My5vcmcvMjAwMC9zdmciPjwvc3ZnPg==\" style=\"--smush-placeholder-width: 30px; --smush-placeholder-aspect-ratio: 30\/40;\" \/><\/figure><div class=\"elementor-image-box-content\"><h4 class=\"elementor-image-box-title\">Standort<\/h4><p class=\"elementor-image-box-description\">Cam\u00ed de Passatemps, 123, Bajo, 07120 Son Sardina, Illes Balears<\/p><\/div><\/div>\t\t\t\t<\/div>\n\t\t\t\t<\/div>\n\t\t\t\t<div class=\"elementor-element elementor-element-a5efec1 elementor-align-right elementor-mobile-align-center elementor-widget__width-initial elementor-widget elementor-widget-button\" data-id=\"a5efec1\" data-element_type=\"widget\" data-e-type=\"widget\" data-widget_type=\"button.default\">\n\t\t\t\t<div class=\"elementor-widget-container\">\n\t\t\t\t\t\t\t\t\t<div class=\"elementor-button-wrapper\">\n\t\t\t\t\t<a class=\"elementor-button elementor-button-link elementor-size-sm elementor-animation-grow\" href=\"https:\/\/maps.google.com\/maps\/dir\/\/Dentistas+en+Mallorca+Dental+Clinic+Son+Sardina+-+Urgencias+365+d%C3%ADas+Cam%C3%AD+de+Passatemps,+123,+Bajo+07120+Son+Sardina+Balearic+Islands\/@39.6230085,2.6544889,18z\/data=!4m5!4m4!1m0!1m2!1m1!1s0x1297ed2b6bdbc809:0x5308779a749f0c39\">\n\t\t\t\t\t\t<span class=\"elementor-button-content-wrapper\">\n\t\t\t\t\t\t<span class=\"elementor-button-icon\">\n\t\t\t\t<i aria-hidden=\"true\" class=\"fas fa-directions\"><\/i>\t\t\t<\/span>\n\t\t\t\t\t\t\t\t\t<span class=\"elementor-button-text\">Mit Google gehen<\/span>\n\t\t\t\t\t<\/span>\n\t\t\t\t\t<\/a>\n\t\t\t\t<\/div>\n\t\t\t\t\t\t\t\t<\/div>\n\t\t\t\t<\/div>\n\t\t\t\t\t<\/div>\n\t\t<\/div>\n\t\t\t\t\t<\/div>\n\t\t<\/section>\n\t\t\t\t<div class=\"elementor-element elementor-element-57e8398 elementor-widget-divider--view-line elementor-widget elementor-widget-divider\" data-id=\"57e8398\" data-element_type=\"widget\" data-e-type=\"widget\" data-widget_type=\"divider.default\">\n\t\t\t\t<div class=\"elementor-widget-container\">\n\t\t\t\t\t\t\t<div class=\"elementor-divider\">\n\t\t\t<span class=\"elementor-divider-separator\">\n\t\t\t\t\t\t<\/span>\n\t\t<\/div>\n\t\t\t\t\t\t<\/div>\n\t\t\t\t<\/div>\n\t\t\t\t<section class=\"elementor-section elementor-inner-section elementor-element elementor-element-a8fceab elementor-section-boxed elementor-section-height-default elementor-section-height-default\" data-id=\"a8fceab\" data-element_type=\"section\" data-e-type=\"section\">\n\t\t\t\t\t\t<div class=\"elementor-container elementor-column-gap-default\">\n\t\t\t\t\t<div class=\"elementor-column elementor-col-100 elementor-inner-column elementor-element elementor-element-84d142f\" data-id=\"84d142f\" data-element_type=\"column\" data-e-type=\"column\">\n\t\t\t<div class=\"elementor-widget-wrap elementor-element-populated\">\n\t\t\t\t\t\t<div class=\"elementor-element elementor-element-a5ec4ad elementor-position-left elementor-vertical-align-top elementor-widget elementor-widget-image-box\" data-id=\"a5ec4ad\" data-element_type=\"widget\" data-e-type=\"widget\" data-widget_type=\"image-box.default\">\n\t\t\t\t<div class=\"elementor-widget-container\">\n\t\t\t\t\t<div class=\"elementor-image-box-wrapper\"><figure class=\"elementor-image-box-img\"><img decoding=\"async\" width=\"59\" height=\"62\" data-src=\"https:\/\/dentalsonsardina.com\/de\/wp-content\/uploads\/2023\/09\/llamadas.png\" class=\"elementor-animation-grow attachment-thumbnail size-thumbnail wp-image-319 lazyload\" alt=\"\" src=\"data:image\/svg+xml;base64,PHN2ZyB3aWR0aD0iMSIgaGVpZ2h0PSIxIiB4bWxucz0iaHR0cDovL3d3dy53My5vcmcvMjAwMC9zdmciPjwvc3ZnPg==\" style=\"--smush-placeholder-width: 59px; --smush-placeholder-aspect-ratio: 59\/62;\" \/><\/figure><div class=\"elementor-image-box-content\"><h4 class=\"elementor-image-box-title\">Kontakt<\/h4><p class=\"elementor-image-box-description\"><b>Unsere Festnetznummer ist:<\/b> +34 971 43 86 73<br>\n<b>F\u00fcr Notf\u00e4lle:<\/b> +34 679 09 14 76<br>\n<b>Per WhatsApp:<\/b> +34 679 09 14 76 oder klicken Sie auf die Schaltfl\u00e4che auf der Website\n\n<\/p><\/div><\/div>\t\t\t\t<\/div>\n\t\t\t\t<\/div>\n\t\t\t\t<div class=\"elementor-element elementor-element-d23a6e0 elementor-align-right elementor-mobile-align-center elementor-widget__width-initial elementor-widget elementor-widget-button\" data-id=\"d23a6e0\" data-element_type=\"widget\" data-e-type=\"widget\" data-widget_type=\"button.default\">\n\t\t\t\t<div class=\"elementor-widget-container\">\n\t\t\t\t\t\t\t\t\t<div class=\"elementor-button-wrapper\">\n\t\t\t\t\t<a class=\"elementor-button elementor-button-link elementor-size-sm elementor-animation-grow\" href=\"https:\/\/web.whatsapp.com\/send?phone=34679091476&#038;text=Hola%20necesito%20informaci%C3%B3n%20sobre%20la%20Cl%C3%ADnica%20Son%20Sardina\">\n\t\t\t\t\t\t<span class=\"elementor-button-content-wrapper\">\n\t\t\t\t\t\t<span class=\"elementor-button-icon\">\n\t\t\t\t<i aria-hidden=\"true\" class=\"fab fa-whatsapp\"><\/i>\t\t\t<\/span>\n\t\t\t\t\t\t\t\t\t<span class=\"elementor-button-text\">Whats App<\/span>\n\t\t\t\t\t<\/span>\n\t\t\t\t\t<\/a>\n\t\t\t\t<\/div>\n\t\t\t\t\t\t\t\t<\/div>\n\t\t\t\t<\/div>\n\t\t\t\t\t<\/div>\n\t\t<\/div>\n\t\t\t\t\t<\/div>\n\t\t<\/section>\n\t\t\t\t\t<\/div>\n\t\t<\/div>\n\t\t\t\t\t<\/div>\n\t\t<\/section>\n\t\t\t\t<section class=\"elementor-section elementor-top-section elementor-element elementor-element-1eabe15 elementor-section-content-middle elementor-reverse-mobile elementor-section-boxed elementor-section-height-default elementor-section-height-default\" data-id=\"1eabe15\" data-element_type=\"section\" data-e-type=\"section\">\n\t\t\t\t\t\t<div class=\"elementor-container elementor-column-gap-no\">\n\t\t\t\t\t<div class=\"elementor-column elementor-col-100 elementor-top-column elementor-element elementor-element-999c97e\" data-id=\"999c97e\" data-element_type=\"column\" data-e-type=\"column\">\n\t\t\t<div class=\"elementor-widget-wrap elementor-element-populated\">\n\t\t\t\t\t\t<div class=\"elementor-element elementor-element-94aa1a2 elementor-widget__width-initial elementor-widget elementor-widget-heading\" data-id=\"94aa1a2\" data-element_type=\"widget\" data-e-type=\"widget\" data-widget_type=\"heading.default\">\n\t\t\t\t<div class=\"elementor-widget-container\">\n\t\t\t\t\t<h2 class=\"elementor-heading-title elementor-size-default\">Datenschutz-Zusammenfassung | Zahnklinik Son Sardina<\/h2>\t\t\t\t<\/div>\n\t\t\t\t<\/div>\n\t\t\t\t<div class=\"elementor-element elementor-element-52f978b elementor-widget elementor-widget-text-editor\" data-id=\"52f978b\" data-element_type=\"widget\" data-e-type=\"widget\" data-widget_type=\"text-editor.default\">\n\t\t\t\t<div class=\"elementor-widget-container\">\n\t\t\t\t\t\t\t\t\t<table><tbody><tr><td><strong>GRUNDLEGENDEN INFORMATIONEN ZUM DATENSCHUTZ<\/strong><\/td><\/tr><tr><td><strong>Verantwortlich f\u00fcr die Datenverarbeitung<\/strong><\/td><td>SVETLANA FOTINA<\/td><\/tr><tr><td><strong>Adresse des Verantwortlichen<\/strong><\/td><td>C\/. Passatemps,123 Bj., CP 07120, Son Sardina (Balears (Illes))<\/td><\/tr><tr><td><strong>Zweck<\/strong><\/td><td>Ihre Daten werden verwendet, um Ihre Anfragen zu bearbeiten und Ihnen unsere Dienstleistungen anzubieten.<\/td><\/tr><tr><td><strong>Werbung<\/strong><\/td><td>Wir senden Ihnen nur Werbung nach Ihrer vorherigen Zustimmung, die Sie uns durch das entsprechende daf\u00fcr vorgesehene Feld zur Verf\u00fcgung stellen k\u00f6nnen.<\/td><\/tr><tr><td><strong>Rechtm\u00e4\u00dfigkeit<\/strong><\/td><td>Wir werden Ihre Daten nur mit Ihrer vorherigen Einwilligung verarbeiten, die Sie uns durch das entsprechende daf\u00fcr vorgesehene Feld zur Verf\u00fcgung stellen k\u00f6nnen.<\/td><\/tr><tr><td><strong>Empf\u00e4nger<\/strong><\/td><td>Im Allgemeinen darf nur das Personal unserer Organisation, das ordnungsgem\u00e4\u00df autorisiert ist, Kenntnis von den Informationen haben, die wir von Ihnen anfordern.<\/td><\/tr><tr><td><strong>Rechte<\/strong><\/td><td>Sie haben das Recht zu wissen, welche Informationen wir \u00fcber Sie haben, sie zu korrigieren und zu l\u00f6schen, wie in den zus\u00e4tzlichen Informationen auf unserer Webseite erl\u00e4utert.<\/td><\/tr><tr><td><strong>Zus\u00e4tzliche Informationen<\/strong><\/td><td>Mehr Informationen im Abschnitt <strong>&#8222;DATENSCHUTZRICHTLINIE&#8220;<\/strong> auf unserer Webseite.<\/td><\/tr><\/tbody><\/table>\t\t\t\t\t\t\t\t<\/div>\n\t\t\t\t<\/div>\n\t\t\t\t\t<\/div>\n\t\t<\/div>\n\t\t\t\t\t<\/div>\n\t\t<\/section>\n\t\t\t\t<\/div>\n\t\t","protected":false},"excerpt":{"rendered":"<p>Kurz-Check (3 Bulletpoints): Ja, Ratenzahlung kann m\u00f6glich sein \u2013 je nach Behandlung und individueller Situation. Kl\u00e4re die Kosten immer vorab: Behandlungsplan, Optionen und Priorit\u00e4ten. Bei starken Schmerzen z\u00e4hlt zuerst Stabilisierung \u2013 die Finanzierung kann danach strukturiert werden. Warum dieses Thema im Urlaub so h\u00e4ufig ist Im Urlaub passieren Zahnprobleme oft \u201caus dem Nichts\u201d: Eine alte [&hellip;]<\/p>\n","protected":false},"author":1,"featured_media":2550,"comment_status":"closed","ping_status":"closed","sticky":false,"template":"","format":"standard","meta":{"site-sidebar-layout":"default","site-content-layout":"","ast-site-content-layout":"default","site-content-style":"default","site-sidebar-style":"default","ast-global-header-display":"","ast-banner-title-visibility":"","ast-main-header-display":"","ast-hfb-above-header-display":"","ast-hfb-below-header-display":"","ast-hfb-mobile-header-display":"","site-post-title":"disabled","ast-breadcrumbs-content":"","ast-featured-img":"","footer-sml-layout":"","ast-disable-related-posts":"","theme-transparent-header-meta":"","adv-header-id-meta":"","stick-header-meta":"","header-above-stick-meta":"","header-main-stick-meta":"","header-below-stick-meta":"","astra-migrate-meta-layouts":"","ast-page-background-enabled":"default","ast-page-background-meta":{"desktop":{"background-color":"var(--ast-global-color-4)","background-image":"","background-repeat":"repeat","background-position":"center center","background-size":"auto","background-attachment":"scroll","background-type":"","background-media":"","overlay-type":"","overlay-color":"","overlay-opacity":"","overlay-gradient":""},"tablet":{"background-color":"","background-image":"","background-repeat":"repeat","background-position":"center center","background-size":"auto","background-attachment":"scroll","background-type":"","background-media":"","overlay-type":"","overlay-color":"","overlay-opacity":"","overlay-gradient":""},"mobile":{"background-color":"","background-image":"","background-repeat":"repeat","background-position":"center center","background-size":"auto","background-attachment":"scroll","background-type":"","background-media":"","overlay-type":"","overlay-color":"","overlay-opacity":"","overlay-gradient":""}},"ast-content-background-meta":{"desktop":{"background-color":"var(--ast-global-color-5)","background-image":"","background-repeat":"repeat","background-position":"center center","background-size":"auto","background-attachment":"scroll","background-type":"","background-media":"","overlay-type":"","overlay-color":"","overlay-opacity":"","overlay-gradient":""},"tablet":{"background-color":"var(--ast-global-color-5)","background-image":"","background-repeat":"repeat","background-position":"center center","background-size":"auto","background-attachment":"scroll","background-type":"","background-media":"","overlay-type":"","overlay-color":"","overlay-opacity":"","overlay-gradient":""},"mobile":{"background-color":"var(--ast-global-color-5)","background-image":"","background-repeat":"repeat","background-position":"center center","background-size":"auto","background-attachment":"scroll","background-type":"","background-media":"","overlay-type":"","overlay-color":"","overlay-opacity":"","overlay-gradient":""}},"_joinchat":[],"footnotes":""},"categories":[18],"tags":[32,29,30,14,31],"class_list":["post-2548","post","type-post","status-publish","format-standard","has-post-thumbnail","hentry","category-notfall","tag-entzundung-zahn","tag-notfallzahnarzt-palma","tag-schwellung-kiefer","tag-son-sardina","tag-zahnabszess-mallorca"],"yoast_head":"<!-- This site is optimized with the Yoast SEO plugin v27.3 - https:\/\/yoast.com\/product\/yoast-seo-wordpress\/ -->\n<title>Zahnarztrechnung im Urlaub auf Mallorca: Ratenzahlung?<\/title>\n<meta name=\"description\" content=\"Was tun, wenn im Urlaub pl\u00f6tzlich eine Zahnarztrechnung ansteht? Hier findest du eine klare Checkliste zu Kosten, Zahlungsarten und Ratenzahlung beim Zahnarzt in Palma.\" \/>\n<meta name=\"robots\" content=\"index, follow, max-snippet:-1, max-image-preview:large, max-video-preview:-1\" \/>\n<link rel=\"canonical\" href=\"https:\/\/dentalsonsardina.com\/de\/zahnarztrechnung-mallorca-ratenzahlung\/\" \/>\n<meta property=\"og:locale\" content=\"de_DE\" \/>\n<meta property=\"og:type\" content=\"article\" \/>\n<meta property=\"og:title\" content=\"Zahnarztrechnung im Urlaub auf Mallorca: Ratenzahlung?\" \/>\n<meta property=\"og:description\" content=\"Was tun, wenn im Urlaub pl\u00f6tzlich eine Zahnarztrechnung ansteht? Hier findest du eine klare Checkliste zu Kosten, Zahlungsarten und Ratenzahlung beim Zahnarzt in Palma.\" \/>\n<meta property=\"og:url\" content=\"https:\/\/dentalsonsardina.com\/de\/zahnarztrechnung-mallorca-ratenzahlung\/\" \/>\n<meta property=\"og:site_name\" content=\"Zahnklinik Son Sardina | Deutscher Zahnarzt in Palma\" \/>\n<meta property=\"article:published_time\" content=\"2026-02-15T09:13:44+00:00\" \/>\n<meta property=\"article:modified_time\" content=\"2026-02-15T09:17:25+00:00\" \/>\n<meta property=\"og:image\" content=\"https:\/\/dentalsonsardina.com\/de\/wp-content\/uploads\/2026\/02\/WhatsApp-Image-2026-01-17-at-18.26.02-1.jpeg\" \/>\n\t<meta property=\"og:image:width\" content=\"1600\" \/>\n\t<meta property=\"og:image:height\" content=\"1066\" \/>\n\t<meta property=\"og:image:type\" content=\"image\/jpeg\" \/>\n<meta name=\"author\" content=\"Dental Son Sardina\" \/>\n<meta name=\"twitter:card\" content=\"summary_large_image\" \/>\n<meta name=\"twitter:label1\" content=\"Verfasst von\" \/>\n\t<meta name=\"twitter:data1\" content=\"Dental Son Sardina\" \/>\n\t<meta name=\"twitter:label2\" content=\"Gesch\u00e4tzte Lesezeit\" \/>\n\t<meta name=\"twitter:data2\" content=\"6\u00a0Minuten\" \/>\n<script type=\"application\/ld+json\" class=\"yoast-schema-graph\">{\"@context\":\"https:\\\/\\\/schema.org\",\"@graph\":[{\"@type\":\"Article\",\"@id\":\"https:\\\/\\\/dentalsonsardina.com\\\/de\\\/zahnarztrechnung-mallorca-ratenzahlung\\\/#article\",\"isPartOf\":{\"@id\":\"https:\\\/\\\/dentalsonsardina.com\\\/de\\\/zahnarztrechnung-mallorca-ratenzahlung\\\/\"},\"author\":{\"name\":\"Dental Son Sardina\",\"@id\":\"https:\\\/\\\/dentalsonsardina.com\\\/de\\\/#\\\/schema\\\/person\\\/f4e4f36a00a18b659ee607de4acdb519\"},\"headline\":\"Zahnarztrechnung im Urlaub auf Mallorca: Kann ich in Raten zahlen?\",\"datePublished\":\"2026-02-15T09:13:44+00:00\",\"dateModified\":\"2026-02-15T09:17:25+00:00\",\"mainEntityOfPage\":{\"@id\":\"https:\\\/\\\/dentalsonsardina.com\\\/de\\\/zahnarztrechnung-mallorca-ratenzahlung\\\/\"},\"wordCount\":937,\"publisher\":{\"@id\":\"https:\\\/\\\/dentalsonsardina.com\\\/de\\\/#organization\"},\"image\":{\"@id\":\"https:\\\/\\\/dentalsonsardina.com\\\/de\\\/zahnarztrechnung-mallorca-ratenzahlung\\\/#primaryimage\"},\"thumbnailUrl\":\"https:\\\/\\\/dentalsonsardina.com\\\/de\\\/wp-content\\\/uploads\\\/2026\\\/02\\\/WhatsApp-Image-2026-01-17-at-18.26.02-1.jpeg\",\"keywords\":[\"Entz\u00fcndung Zahn\",\"Notfallzahnarzt Palma\",\"Schwellung Kiefer\",\"Son Sardina\",\"Zahnabszess Mallorca\"],\"articleSection\":[\"Notfall\"],\"inLanguage\":\"de\"},{\"@type\":\"WebPage\",\"@id\":\"https:\\\/\\\/dentalsonsardina.com\\\/de\\\/zahnarztrechnung-mallorca-ratenzahlung\\\/\",\"url\":\"https:\\\/\\\/dentalsonsardina.com\\\/de\\\/zahnarztrechnung-mallorca-ratenzahlung\\\/\",\"name\":\"Zahnarztrechnung im Urlaub auf Mallorca: Ratenzahlung?\",\"isPartOf\":{\"@id\":\"https:\\\/\\\/dentalsonsardina.com\\\/de\\\/#website\"},\"primaryImageOfPage\":{\"@id\":\"https:\\\/\\\/dentalsonsardina.com\\\/de\\\/zahnarztrechnung-mallorca-ratenzahlung\\\/#primaryimage\"},\"image\":{\"@id\":\"https:\\\/\\\/dentalsonsardina.com\\\/de\\\/zahnarztrechnung-mallorca-ratenzahlung\\\/#primaryimage\"},\"thumbnailUrl\":\"https:\\\/\\\/dentalsonsardina.com\\\/de\\\/wp-content\\\/uploads\\\/2026\\\/02\\\/WhatsApp-Image-2026-01-17-at-18.26.02-1.jpeg\",\"datePublished\":\"2026-02-15T09:13:44+00:00\",\"dateModified\":\"2026-02-15T09:17:25+00:00\",\"description\":\"Was tun, wenn im Urlaub pl\u00f6tzlich eine Zahnarztrechnung ansteht? Hier findest du eine klare Checkliste zu Kosten, Zahlungsarten und Ratenzahlung beim Zahnarzt in Palma.\",\"breadcrumb\":{\"@id\":\"https:\\\/\\\/dentalsonsardina.com\\\/de\\\/zahnarztrechnung-mallorca-ratenzahlung\\\/#breadcrumb\"},\"inLanguage\":\"de\",\"potentialAction\":[{\"@type\":\"ReadAction\",\"target\":[\"https:\\\/\\\/dentalsonsardina.com\\\/de\\\/zahnarztrechnung-mallorca-ratenzahlung\\\/\"]}]},{\"@type\":\"ImageObject\",\"inLanguage\":\"de\",\"@id\":\"https:\\\/\\\/dentalsonsardina.com\\\/de\\\/zahnarztrechnung-mallorca-ratenzahlung\\\/#primaryimage\",\"url\":\"https:\\\/\\\/dentalsonsardina.com\\\/de\\\/wp-content\\\/uploads\\\/2026\\\/02\\\/WhatsApp-Image-2026-01-17-at-18.26.02-1.jpeg\",\"contentUrl\":\"https:\\\/\\\/dentalsonsardina.com\\\/de\\\/wp-content\\\/uploads\\\/2026\\\/02\\\/WhatsApp-Image-2026-01-17-at-18.26.02-1.jpeg\",\"width\":1600,\"height\":1066,\"caption\":\"Klare Beratung zu Behandlung, Kosten und Zahlungsm\u00f6glichkeiten.\"},{\"@type\":\"BreadcrumbList\",\"@id\":\"https:\\\/\\\/dentalsonsardina.com\\\/de\\\/zahnarztrechnung-mallorca-ratenzahlung\\\/#breadcrumb\",\"itemListElement\":[{\"@type\":\"ListItem\",\"position\":1,\"name\":\"Portada\",\"item\":\"https:\\\/\\\/dentalsonsardina.com\\\/de\\\/\"},{\"@type\":\"ListItem\",\"position\":2,\"name\":\"Zahnarztrechnung im Urlaub auf Mallorca: Kann ich in Raten zahlen?\"}]},{\"@type\":\"WebSite\",\"@id\":\"https:\\\/\\\/dentalsonsardina.com\\\/de\\\/#website\",\"url\":\"https:\\\/\\\/dentalsonsardina.com\\\/de\\\/\",\"name\":\"Zahnklinik Son Sardina | Deutscher Zahnarzt in Palma\",\"description\":\"Deutscher Zahnarzt in Palma de Mallorca \u2013 alle zahn\u00e4rztlichen Leistungen. Schwerpunkt: Parodontologie, \u00e4sthetische Zahnheilkunde &amp; Notf\u00e4lle.\",\"publisher\":{\"@id\":\"https:\\\/\\\/dentalsonsardina.com\\\/de\\\/#organization\"},\"potentialAction\":[{\"@type\":\"SearchAction\",\"target\":{\"@type\":\"EntryPoint\",\"urlTemplate\":\"https:\\\/\\\/dentalsonsardina.com\\\/de\\\/?s={search_term_string}\"},\"query-input\":{\"@type\":\"PropertyValueSpecification\",\"valueRequired\":true,\"valueName\":\"search_term_string\"}}],\"inLanguage\":\"de\"},{\"@type\":\"Organization\",\"@id\":\"https:\\\/\\\/dentalsonsardina.com\\\/de\\\/#organization\",\"name\":\"Dental Klinik Son Sardina\",\"alternateName\":\"Dental Klinik Son Sardina Palma\",\"url\":\"https:\\\/\\\/dentalsonsardina.com\\\/de\\\/\",\"logo\":{\"@type\":\"ImageObject\",\"inLanguage\":\"de\",\"@id\":\"https:\\\/\\\/dentalsonsardina.com\\\/de\\\/#\\\/schema\\\/logo\\\/image\\\/\",\"url\":\"https:\\\/\\\/dentalsonsardina.com\\\/de\\\/wp-content\\\/uploads\\\/2023\\\/08\\\/cropped-logo-3.png\",\"contentUrl\":\"https:\\\/\\\/dentalsonsardina.com\\\/de\\\/wp-content\\\/uploads\\\/2023\\\/08\\\/cropped-logo-3.png\",\"width\":201,\"height\":67,\"caption\":\"Dental Klinik Son Sardina\"},\"image\":{\"@id\":\"https:\\\/\\\/dentalsonsardina.com\\\/de\\\/#\\\/schema\\\/logo\\\/image\\\/\"}},{\"@type\":\"Person\",\"@id\":\"https:\\\/\\\/dentalsonsardina.com\\\/de\\\/#\\\/schema\\\/person\\\/f4e4f36a00a18b659ee607de4acdb519\",\"name\":\"Dental Son Sardina\",\"image\":{\"@type\":\"ImageObject\",\"inLanguage\":\"de\",\"@id\":\"https:\\\/\\\/dentalsonsardina.com\\\/de\\\/wp-content\\\/litespeed\\\/avatar\\\/d0226953c89a25c5abce01bfa8c362eb.jpg?ver=1777288398\",\"url\":\"https:\\\/\\\/dentalsonsardina.com\\\/de\\\/wp-content\\\/litespeed\\\/avatar\\\/d0226953c89a25c5abce01bfa8c362eb.jpg?ver=1777288398\",\"contentUrl\":\"https:\\\/\\\/dentalsonsardina.com\\\/de\\\/wp-content\\\/litespeed\\\/avatar\\\/d0226953c89a25c5abce01bfa8c362eb.jpg?ver=1777288398\",\"caption\":\"Dental Son Sardina\"},\"sameAs\":[\"https:\\\/\\\/delorean360.com\\\/dentalsonsardina\"],\"url\":\"https:\\\/\\\/dentalsonsardina.com\\\/de\\\/author\\\/dental-son-sardina\\\/\"}]}<\/script>\n<!-- \/ Yoast SEO plugin. -->","yoast_head_json":{"title":"Zahnarztrechnung im Urlaub auf Mallorca: Ratenzahlung?","description":"Was tun, wenn im Urlaub pl\u00f6tzlich eine Zahnarztrechnung ansteht? Hier findest du eine klare Checkliste zu Kosten, Zahlungsarten und Ratenzahlung beim Zahnarzt in Palma.","robots":{"index":"index","follow":"follow","max-snippet":"max-snippet:-1","max-image-preview":"max-image-preview:large","max-video-preview":"max-video-preview:-1"},"canonical":"https:\/\/dentalsonsardina.com\/de\/zahnarztrechnung-mallorca-ratenzahlung\/","og_locale":"de_DE","og_type":"article","og_title":"Zahnarztrechnung im Urlaub auf Mallorca: Ratenzahlung?","og_description":"Was tun, wenn im Urlaub pl\u00f6tzlich eine Zahnarztrechnung ansteht? Hier findest du eine klare Checkliste zu Kosten, Zahlungsarten und Ratenzahlung beim Zahnarzt in Palma.","og_url":"https:\/\/dentalsonsardina.com\/de\/zahnarztrechnung-mallorca-ratenzahlung\/","og_site_name":"Zahnklinik Son Sardina | Deutscher Zahnarzt in Palma","article_published_time":"2026-02-15T09:13:44+00:00","article_modified_time":"2026-02-15T09:17:25+00:00","og_image":[{"width":1600,"height":1066,"url":"https:\/\/dentalsonsardina.com\/de\/wp-content\/uploads\/2026\/02\/WhatsApp-Image-2026-01-17-at-18.26.02-1.jpeg","type":"image\/jpeg"}],"author":"Dental Son Sardina","twitter_card":"summary_large_image","twitter_misc":{"Verfasst von":"Dental Son Sardina","Gesch\u00e4tzte Lesezeit":"6\u00a0Minuten"},"schema":{"@context":"https:\/\/schema.org","@graph":[{"@type":"Article","@id":"https:\/\/dentalsonsardina.com\/de\/zahnarztrechnung-mallorca-ratenzahlung\/#article","isPartOf":{"@id":"https:\/\/dentalsonsardina.com\/de\/zahnarztrechnung-mallorca-ratenzahlung\/"},"author":{"name":"Dental Son Sardina","@id":"https:\/\/dentalsonsardina.com\/de\/#\/schema\/person\/f4e4f36a00a18b659ee607de4acdb519"},"headline":"Zahnarztrechnung im Urlaub auf Mallorca: Kann ich in Raten zahlen?","datePublished":"2026-02-15T09:13:44+00:00","dateModified":"2026-02-15T09:17:25+00:00","mainEntityOfPage":{"@id":"https:\/\/dentalsonsardina.com\/de\/zahnarztrechnung-mallorca-ratenzahlung\/"},"wordCount":937,"publisher":{"@id":"https:\/\/dentalsonsardina.com\/de\/#organization"},"image":{"@id":"https:\/\/dentalsonsardina.com\/de\/zahnarztrechnung-mallorca-ratenzahlung\/#primaryimage"},"thumbnailUrl":"https:\/\/dentalsonsardina.com\/de\/wp-content\/uploads\/2026\/02\/WhatsApp-Image-2026-01-17-at-18.26.02-1.jpeg","keywords":["Entz\u00fcndung Zahn","Notfallzahnarzt Palma","Schwellung Kiefer","Son Sardina","Zahnabszess Mallorca"],"articleSection":["Notfall"],"inLanguage":"de"},{"@type":"WebPage","@id":"https:\/\/dentalsonsardina.com\/de\/zahnarztrechnung-mallorca-ratenzahlung\/","url":"https:\/\/dentalsonsardina.com\/de\/zahnarztrechnung-mallorca-ratenzahlung\/","name":"Zahnarztrechnung im Urlaub auf Mallorca: Ratenzahlung?","isPartOf":{"@id":"https:\/\/dentalsonsardina.com\/de\/#website"},"primaryImageOfPage":{"@id":"https:\/\/dentalsonsardina.com\/de\/zahnarztrechnung-mallorca-ratenzahlung\/#primaryimage"},"image":{"@id":"https:\/\/dentalsonsardina.com\/de\/zahnarztrechnung-mallorca-ratenzahlung\/#primaryimage"},"thumbnailUrl":"https:\/\/dentalsonsardina.com\/de\/wp-content\/uploads\/2026\/02\/WhatsApp-Image-2026-01-17-at-18.26.02-1.jpeg","datePublished":"2026-02-15T09:13:44+00:00","dateModified":"2026-02-15T09:17:25+00:00","description":"Was tun, wenn im Urlaub pl\u00f6tzlich eine Zahnarztrechnung ansteht? Hier findest du eine klare Checkliste zu Kosten, Zahlungsarten und Ratenzahlung beim Zahnarzt in Palma.","breadcrumb":{"@id":"https:\/\/dentalsonsardina.com\/de\/zahnarztrechnung-mallorca-ratenzahlung\/#breadcrumb"},"inLanguage":"de","potentialAction":[{"@type":"ReadAction","target":["https:\/\/dentalsonsardina.com\/de\/zahnarztrechnung-mallorca-ratenzahlung\/"]}]},{"@type":"ImageObject","inLanguage":"de","@id":"https:\/\/dentalsonsardina.com\/de\/zahnarztrechnung-mallorca-ratenzahlung\/#primaryimage","url":"https:\/\/dentalsonsardina.com\/de\/wp-content\/uploads\/2026\/02\/WhatsApp-Image-2026-01-17-at-18.26.02-1.jpeg","contentUrl":"https:\/\/dentalsonsardina.com\/de\/wp-content\/uploads\/2026\/02\/WhatsApp-Image-2026-01-17-at-18.26.02-1.jpeg","width":1600,"height":1066,"caption":"Klare Beratung zu Behandlung, Kosten und Zahlungsm\u00f6glichkeiten."},{"@type":"BreadcrumbList","@id":"https:\/\/dentalsonsardina.com\/de\/zahnarztrechnung-mallorca-ratenzahlung\/#breadcrumb","itemListElement":[{"@type":"ListItem","position":1,"name":"Portada","item":"https:\/\/dentalsonsardina.com\/de\/"},{"@type":"ListItem","position":2,"name":"Zahnarztrechnung im Urlaub auf Mallorca: Kann ich in Raten zahlen?"}]},{"@type":"WebSite","@id":"https:\/\/dentalsonsardina.com\/de\/#website","url":"https:\/\/dentalsonsardina.com\/de\/","name":"Zahnklinik Son Sardina | Deutscher Zahnarzt in Palma","description":"Deutscher Zahnarzt in Palma de Mallorca \u2013 alle zahn\u00e4rztlichen Leistungen. Schwerpunkt: Parodontologie, \u00e4sthetische Zahnheilkunde &amp; Notf\u00e4lle.","publisher":{"@id":"https:\/\/dentalsonsardina.com\/de\/#organization"},"potentialAction":[{"@type":"SearchAction","target":{"@type":"EntryPoint","urlTemplate":"https:\/\/dentalsonsardina.com\/de\/?s={search_term_string}"},"query-input":{"@type":"PropertyValueSpecification","valueRequired":true,"valueName":"search_term_string"}}],"inLanguage":"de"},{"@type":"Organization","@id":"https:\/\/dentalsonsardina.com\/de\/#organization","name":"Dental Klinik Son Sardina","alternateName":"Dental Klinik Son Sardina Palma","url":"https:\/\/dentalsonsardina.com\/de\/","logo":{"@type":"ImageObject","inLanguage":"de","@id":"https:\/\/dentalsonsardina.com\/de\/#\/schema\/logo\/image\/","url":"https:\/\/dentalsonsardina.com\/de\/wp-content\/uploads\/2023\/08\/cropped-logo-3.png","contentUrl":"https:\/\/dentalsonsardina.com\/de\/wp-content\/uploads\/2023\/08\/cropped-logo-3.png","width":201,"height":67,"caption":"Dental Klinik Son Sardina"},"image":{"@id":"https:\/\/dentalsonsardina.com\/de\/#\/schema\/logo\/image\/"}},{"@type":"Person","@id":"https:\/\/dentalsonsardina.com\/de\/#\/schema\/person\/f4e4f36a00a18b659ee607de4acdb519","name":"Dental Son Sardina","image":{"@type":"ImageObject","inLanguage":"de","@id":"https:\/\/dentalsonsardina.com\/de\/wp-content\/litespeed\/avatar\/d0226953c89a25c5abce01bfa8c362eb.jpg?ver=1777288398","url":"https:\/\/dentalsonsardina.com\/de\/wp-content\/litespeed\/avatar\/d0226953c89a25c5abce01bfa8c362eb.jpg?ver=1777288398","contentUrl":"https:\/\/dentalsonsardina.com\/de\/wp-content\/litespeed\/avatar\/d0226953c89a25c5abce01bfa8c362eb.jpg?ver=1777288398","caption":"Dental Son Sardina"},"sameAs":["https:\/\/delorean360.com\/dentalsonsardina"],"url":"https:\/\/dentalsonsardina.com\/de\/author\/dental-son-sardina\/"}]}},"_links":{"self":[{"href":"https:\/\/dentalsonsardina.com\/de\/wp-json\/wp\/v2\/posts\/2548","targetHints":{"allow":["GET"]}}],"collection":[{"href":"https:\/\/dentalsonsardina.com\/de\/wp-json\/wp\/v2\/posts"}],"about":[{"href":"https:\/\/dentalsonsardina.com\/de\/wp-json\/wp\/v2\/types\/post"}],"author":[{"embeddable":true,"href":"https:\/\/dentalsonsardina.com\/de\/wp-json\/wp\/v2\/users\/1"}],"replies":[{"embeddable":true,"href":"https:\/\/dentalsonsardina.com\/de\/wp-json\/wp\/v2\/comments?post=2548"}],"version-history":[{"count":31,"href":"https:\/\/dentalsonsardina.com\/de\/wp-json\/wp\/v2\/posts\/2548\/revisions"}],"predecessor-version":[{"id":2584,"href":"https:\/\/dentalsonsardina.com\/de\/wp-json\/wp\/v2\/posts\/2548\/revisions\/2584"}],"wp:featuredmedia":[{"embeddable":true,"href":"https:\/\/dentalsonsardina.com\/de\/wp-json\/wp\/v2\/media\/2550"}],"wp:attachment":[{"href":"https:\/\/dentalsonsardina.com\/de\/wp-json\/wp\/v2\/media?parent=2548"}],"wp:term":[{"taxonomy":"category","embeddable":true,"href":"https:\/\/dentalsonsardina.com\/de\/wp-json\/wp\/v2\/categories?post=2548"},{"taxonomy":"post_tag","embeddable":true,"href":"https:\/\/dentalsonsardina.com\/de\/wp-json\/wp\/v2\/tags?post=2548"}],"curies":[{"name":"wp","href":"https:\/\/api.w.org\/{rel}","templated":true}]}}