{"id":2409,"date":"2026-02-01T12:12:37","date_gmt":"2026-02-01T11:12:37","guid":{"rendered":"https:\/\/dentalsonsardina.com\/de\/?p=2409"},"modified":"2026-02-02T09:42:04","modified_gmt":"2026-02-02T08:42:04","slug":"fuellung-krone-verloren-mallorca","status":"publish","type":"post","link":"https:\/\/dentalsonsardina.com\/de\/fuellung-krone-verloren-mallorca\/","title":{"rendered":"F\u00fcllung oder Krone verloren auf Mallorca? Schnelle Hilfe in Palma"},"content":{"rendered":"\t\t<div data-elementor-type=\"wp-post\" data-elementor-id=\"2409\" class=\"elementor elementor-2409\">\n\t\t\t\t\t\t<section class=\"elementor-section elementor-top-section elementor-element elementor-element-5174b50 elementor-section-boxed elementor-section-height-default elementor-section-height-default\" data-id=\"5174b50\" data-element_type=\"section\" data-e-type=\"section\">\n\t\t\t\t\t\t<div class=\"elementor-container elementor-column-gap-default\">\n\t\t\t\t\t<div class=\"elementor-column elementor-col-100 elementor-top-column elementor-element elementor-element-5ead5b6e\" data-id=\"5ead5b6e\" data-element_type=\"column\" data-e-type=\"column\">\n\t\t\t<div class=\"elementor-widget-wrap elementor-element-populated\">\n\t\t\t\t\t\t\t<\/div>\n\t\t<\/div>\n\t\t\t\t\t<\/div>\n\t\t<\/section>\n\t\t\t\t<section class=\"elementor-section elementor-top-section elementor-element elementor-element-1a5de27 elementor-section-content-middle elementor-section-boxed elementor-section-height-default elementor-section-height-default\" data-id=\"1a5de27\" data-element_type=\"section\" data-e-type=\"section\">\n\t\t\t\t\t\t<div class=\"elementor-container elementor-column-gap-no\">\n\t\t\t\t\t<div class=\"elementor-column elementor-col-100 elementor-top-column elementor-element elementor-element-8fb7c05 elementor-invisible\" data-id=\"8fb7c05\" data-element_type=\"column\" data-e-type=\"column\" data-settings=\"{&quot;animation&quot;:&quot;slideInLeft&quot;}\">\n\t\t\t<div class=\"elementor-widget-wrap elementor-element-populated\">\n\t\t\t\t\t\t<div class=\"elementor-element elementor-element-c604d6a elementor-widget elementor-widget-heading\" data-id=\"c604d6a\" data-element_type=\"widget\" data-e-type=\"widget\" data-widget_type=\"heading.default\">\n\t\t\t\t<div class=\"elementor-widget-container\">\n\t\t\t\t\t<h2 class=\"elementor-heading-title elementor-size-default\">Warum das im Urlaub h\u00e4ufig passiert<\/h2>\t\t\t\t<\/div>\n\t\t\t\t<\/div>\n\t\t\t\t<div class=\"elementor-element elementor-element-3a27fae elementor-widget elementor-widget-text-editor\" data-id=\"3a27fae\" data-element_type=\"widget\" data-e-type=\"widget\" data-widget_type=\"text-editor.default\">\n\t\t\t\t<div class=\"elementor-widget-container\">\n\t\t\t\t\t\t\t\t\t<p data-start=\"3447\" data-end=\"3686\">Im Urlaub \u00e4ndern sich oft Gewohnheiten: anderes Essen, harte Snacks, mehr K\u00e4lte\/W\u00e4rme (Getr\u00e4nke), manchmal auch Stress oder Z\u00e4hneknirschen. Dazu kommt: Viele F\u00fcllungen oder Kronen halten lange \u2013 k\u00f6nnen aber nach Jahren pl\u00f6tzlich nachgeben.<\/p><p data-start=\"3688\" data-end=\"3814\">Wichtig ist nicht nur \u201edass etwas fehlt\u201c, sondern <strong data-start=\"3738\" data-end=\"3775\">wie empfindlich der Zahn reagiert<\/strong> und ob zus\u00e4tzliche Symptome auftreten.<\/p>\t\t\t\t\t\t\t\t<\/div>\n\t\t\t\t<\/div>\n\t\t\t\t\t<\/div>\n\t\t<\/div>\n\t\t\t\t\t<\/div>\n\t\t<\/section>\n\t\t\t\t<section class=\"elementor-section elementor-top-section elementor-element elementor-element-69be3c7 elementor-section-content-middle elementor-section-boxed elementor-section-height-default elementor-section-height-default\" data-id=\"69be3c7\" data-element_type=\"section\" data-e-type=\"section\">\n\t\t\t\t\t\t<div class=\"elementor-container elementor-column-gap-no\">\n\t\t\t\t\t<div class=\"elementor-column elementor-col-100 elementor-top-column elementor-element elementor-element-44b922c elementor-invisible\" data-id=\"44b922c\" data-element_type=\"column\" data-e-type=\"column\" data-settings=\"{&quot;animation&quot;:&quot;slideInLeft&quot;}\">\n\t\t\t<div class=\"elementor-widget-wrap elementor-element-populated\">\n\t\t\t\t\t\t<div class=\"elementor-element elementor-element-3394f83 elementor-widget elementor-widget-heading\" data-id=\"3394f83\" data-element_type=\"widget\" data-e-type=\"widget\" data-widget_type=\"heading.default\">\n\t\t\t\t<div class=\"elementor-widget-container\">\n\t\t\t\t\t<h2 class=\"elementor-heading-title elementor-size-default\">Sofortma\u00dfnahmen: Das hilft bis zum Termin<\/h2>\t\t\t\t<\/div>\n\t\t\t\t<\/div>\n\t\t\t\t<div class=\"elementor-element elementor-element-4b60e67 elementor-widget elementor-widget-text-editor\" data-id=\"4b60e67\" data-element_type=\"widget\" data-e-type=\"widget\" data-widget_type=\"text-editor.default\">\n\t\t\t\t<div class=\"elementor-widget-container\">\n\t\t\t\t\t\t\t\t\t<h3 data-start=\"3867\" data-end=\"4035\"><strong data-start=\"3867\" data-end=\"3920\">1) Ruhe bewahren und die Stelle sauber halten<\/strong><\/h3><p data-start=\"3867\" data-end=\"4035\">Sp\u00fcle den Mund vorsichtig mit lauwarmem Wasser. Nicht aggressiv schrubben oder starkes Mundwasser \u201ereinbrennen\u201c.<\/p><h3 data-start=\"4037\" data-end=\"4153\"><strong data-start=\"4037\" data-end=\"4085\">2) Nicht auf der betroffenen Seite kauen<\/strong><\/h3><p data-start=\"4037\" data-end=\"4153\">Weiche Kost ist oft die beste L\u00f6sung, bis der Zahn gesch\u00fctzt ist.<\/p><h3 data-start=\"4155\" data-end=\"4307\"><strong data-start=\"4155\" data-end=\"4206\">3) Krone\/Teil aufbewahren (falls vorhanden)<\/strong><\/h3><p data-start=\"4155\" data-end=\"4307\">Wenn die Krone ganz rausgefallen ist, bewahre sie sauber und trocken auf. Das kann hilfreich sein.<\/p><h3 data-start=\"4309\" data-end=\"4440\"><strong data-start=\"4309\" data-end=\"4353\">4) K\u00e4lte\/W\u00e4rme meiden, wenn es zieht<\/strong><\/h3><p data-start=\"4309\" data-end=\"4440\">Wenn der Zahn empfindlich ist, vermeide sehr kalte oder sehr hei\u00dfe Speisen\/Getr\u00e4nke.<\/p><h3 data-start=\"4442\" data-end=\"4633\"><strong data-start=\"4442\" data-end=\"4507\">5) Wenn Schmerzen da sind: nicht warten<\/strong><\/h3><p data-start=\"4442\" data-end=\"4633\">Wenn der Schmerz st\u00e4rker wird oder du unsicher bist, ob es ein Notfall ist, orientiere dich an diesem Guide:<br \/><a href=\"https:\/\/dentalsonsardina.com\/de\/notfallzahnarzt-mallorca-zahnschmerzen-urlaub\/\">Notfallzahnarzt Mallorca \u2013 Symptome, Soforthilfe und n\u00e4chster Schritt<\/a><\/p>\t\t\t\t\t\t\t\t<\/div>\n\t\t\t\t<\/div>\n\t\t\t\t\t<\/div>\n\t\t<\/div>\n\t\t\t\t\t<\/div>\n\t\t<\/section>\n\t\t\t\t<section class=\"elementor-section elementor-top-section elementor-element elementor-element-cdf4e51 elementor-section-content-middle elementor-section-boxed elementor-section-height-default elementor-section-height-default\" data-id=\"cdf4e51\" data-element_type=\"section\" data-e-type=\"section\">\n\t\t\t\t\t\t<div class=\"elementor-container elementor-column-gap-no\">\n\t\t\t\t\t<div class=\"elementor-column elementor-col-100 elementor-top-column elementor-element elementor-element-619be15 elementor-invisible\" data-id=\"619be15\" data-element_type=\"column\" data-e-type=\"column\" data-settings=\"{&quot;animation&quot;:&quot;slideInLeft&quot;}\">\n\t\t\t<div class=\"elementor-widget-wrap elementor-element-populated\">\n\t\t\t\t\t\t<div class=\"elementor-element elementor-element-d92d778 elementor-widget elementor-widget-image\" data-id=\"d92d778\" data-element_type=\"widget\" data-e-type=\"widget\" data-widget_type=\"image.default\">\n\t\t\t\t<div class=\"elementor-widget-container\">\n\t\t\t\t\t\t\t\t\t\t\t\t\t\t\t<img fetchpriority=\"high\" decoding=\"async\" width=\"1280\" height=\"853\" src=\"https:\/\/dentalsonsardina.com\/de\/wp-content\/uploads\/2026\/02\/Krone-verloren-Sofortmasnahmen.jpg\" class=\"attachment-full size-full wp-image-2416\" alt=\"Krone verloren \u2013 was du sofort tun kannst\" srcset=\"https:\/\/dentalsonsardina.com\/de\/wp-content\/uploads\/2026\/02\/Krone-verloren-Sofortmasnahmen.jpg 1280w, https:\/\/dentalsonsardina.com\/de\/wp-content\/uploads\/2026\/02\/Krone-verloren-Sofortmasnahmen-300x200.jpg 300w, https:\/\/dentalsonsardina.com\/de\/wp-content\/uploads\/2026\/02\/Krone-verloren-Sofortmasnahmen-1024x682.jpg 1024w, https:\/\/dentalsonsardina.com\/de\/wp-content\/uploads\/2026\/02\/Krone-verloren-Sofortmasnahmen-768x512.jpg 768w\" sizes=\"(max-width: 1280px) 100vw, 1280px\" \/>\t\t\t\t\t\t\t\t\t\t\t\t\t\t\t<\/div>\n\t\t\t\t<\/div>\n\t\t\t\t\t<\/div>\n\t\t<\/div>\n\t\t\t\t\t<\/div>\n\t\t<\/section>\n\t\t\t\t<section class=\"elementor-section elementor-top-section elementor-element elementor-element-b8807e8 elementor-section-content-middle elementor-section-boxed elementor-section-height-default elementor-section-height-default\" data-id=\"b8807e8\" data-element_type=\"section\" data-e-type=\"section\">\n\t\t\t\t\t\t<div class=\"elementor-container elementor-column-gap-no\">\n\t\t\t\t\t<div class=\"elementor-column elementor-col-100 elementor-top-column elementor-element elementor-element-44f526e elementor-invisible\" data-id=\"44f526e\" data-element_type=\"column\" data-e-type=\"column\" data-settings=\"{&quot;animation&quot;:&quot;slideInLeft&quot;}\">\n\t\t\t<div class=\"elementor-widget-wrap elementor-element-populated\">\n\t\t\t\t\t\t<div class=\"elementor-element elementor-element-c399ea7 elementor-widget elementor-widget-heading\" data-id=\"c399ea7\" data-element_type=\"widget\" data-e-type=\"widget\" data-widget_type=\"heading.default\">\n\t\t\t\t<div class=\"elementor-widget-container\">\n\t\t\t\t\t<h2 class=\"elementor-heading-title elementor-size-default\">Was du unbedingt vermeiden solltest<\/h2>\t\t\t\t<\/div>\n\t\t\t\t<\/div>\n\t\t\t\t<div class=\"elementor-element elementor-element-c6bc928 elementor-widget elementor-widget-text-editor\" data-id=\"c6bc928\" data-element_type=\"widget\" data-e-type=\"widget\" data-widget_type=\"text-editor.default\">\n\t\t\t\t<div class=\"elementor-widget-container\">\n\t\t\t\t\t\t\t\t\t<ul><li data-start=\"4710\" data-end=\"4781\"><p data-start=\"4712\" data-end=\"4781\"><strong data-start=\"4712\" data-end=\"4751\">Kein Sekundenkleber\/Haushaltskleber<\/strong> \u2013 das kann gef\u00e4hrlich sein.<\/p><\/li><li data-start=\"4782\" data-end=\"4870\"><p data-start=\"4784\" data-end=\"4870\">Nicht mit spitzen Gegenst\u00e4nden in die L\u00fccke gehen (Verletzungs- und Reizungsgefahr).<\/p><\/li><li data-start=\"4871\" data-end=\"4944\"><p data-start=\"4873\" data-end=\"4944\">Nicht ignorieren, wenn es pl\u00f6tzlich st\u00e4rker schmerzt oder anschwillt.<\/p><\/li><li data-start=\"4945\" data-end=\"5016\"><p data-start=\"4947\" data-end=\"5016\">Nicht \u201eeinfach weiterkauen\u201c, wenn es sticht oder beim Bei\u00dfen weh tut.<\/p><\/li><\/ul>\t\t\t\t\t\t\t\t<\/div>\n\t\t\t\t<\/div>\n\t\t\t\t<div class=\"elementor-element elementor-element-d99c532 elementor-widget elementor-widget-heading\" data-id=\"d99c532\" data-element_type=\"widget\" data-e-type=\"widget\" data-widget_type=\"heading.default\">\n\t\t\t\t<div class=\"elementor-widget-container\">\n\t\t\t\t\t<h2 class=\"elementor-heading-title elementor-size-default\">Wann ist es dringend?<\/h2>\t\t\t\t<\/div>\n\t\t\t\t<\/div>\n\t\t\t\t<div class=\"elementor-element elementor-element-ae7941f elementor-widget elementor-widget-text-editor\" data-id=\"ae7941f\" data-element_type=\"widget\" data-e-type=\"widget\" data-widget_type=\"text-editor.default\">\n\t\t\t\t<div class=\"elementor-widget-container\">\n\t\t\t\t\t\t\t\t\t<p data-start=\"5049\" data-end=\"5106\">Bitte <strong data-start=\"5055\" data-end=\"5075\">zeitnah abkl\u00e4ren<\/strong>, wenn du eines davon bemerkst:<\/p><ul data-start=\"5107\" data-end=\"5351\"><li data-start=\"5107\" data-end=\"5141\"><p data-start=\"5109\" data-end=\"5141\">starke Schmerzen, die zunehmen<\/p><\/li><li data-start=\"5142\" data-end=\"5196\"><p data-start=\"5144\" data-end=\"5196\"><strong data-start=\"5144\" data-end=\"5158\">Schwellung<\/strong> am Zahnfleisch, Kiefer oder Gesicht<\/p><\/li><li data-start=\"5197\" data-end=\"5232\"><p data-start=\"5199\" data-end=\"5232\">pochender Schmerz \/ Druckgef\u00fchl<\/p><\/li><li data-start=\"5233\" data-end=\"5276\"><p data-start=\"5235\" data-end=\"5276\">Fieber oder deutliches Krankheitsgef\u00fchl<\/p><\/li><li data-start=\"5277\" data-end=\"5319\"><p data-start=\"5279\" data-end=\"5319\">Schmerzen beim Aufbei\u00dfen, die neu sind<\/p><\/li><li data-start=\"5320\" data-end=\"5351\"><p data-start=\"5322\" data-end=\"5351\">sichtbarer Riss\/Bruch am Zahn<\/p><\/li><\/ul>\t\t\t\t\t\t\t\t<\/div>\n\t\t\t\t<\/div>\n\t\t\t\t<div class=\"elementor-element elementor-element-399dee7 elementor-widget elementor-widget-image\" data-id=\"399dee7\" data-element_type=\"widget\" data-e-type=\"widget\" data-widget_type=\"image.default\">\n\t\t\t\t<div class=\"elementor-widget-container\">\n\t\t\t\t\t\t\t\t\t\t\t\t\t\t\t<img decoding=\"async\" width=\"1200\" height=\"600\" data-src=\"https:\/\/dentalsonsardina.com\/de\/wp-content\/uploads\/2026\/02\/imagen-coronas.jpg\" class=\"attachment-full size-full wp-image-2436 lazyload\" alt=\"Schneller Termin beim Zahnarzt in Palma\" data-srcset=\"https:\/\/dentalsonsardina.com\/de\/wp-content\/uploads\/2026\/02\/imagen-coronas.jpg 1200w, https:\/\/dentalsonsardina.com\/de\/wp-content\/uploads\/2026\/02\/imagen-coronas-300x150.jpg 300w, https:\/\/dentalsonsardina.com\/de\/wp-content\/uploads\/2026\/02\/imagen-coronas-1024x512.jpg 1024w, https:\/\/dentalsonsardina.com\/de\/wp-content\/uploads\/2026\/02\/imagen-coronas-768x384.jpg 768w\" data-sizes=\"(max-width: 1200px) 100vw, 1200px\" src=\"data:image\/svg+xml;base64,PHN2ZyB3aWR0aD0iMSIgaGVpZ2h0PSIxIiB4bWxucz0iaHR0cDovL3d3dy53My5vcmcvMjAwMC9zdmciPjwvc3ZnPg==\" style=\"--smush-placeholder-width: 1200px; --smush-placeholder-aspect-ratio: 1200\/600;\" \/>\t\t\t\t\t\t\t\t\t\t\t\t\t\t\t<\/div>\n\t\t\t\t<\/div>\n\t\t\t\t\t<\/div>\n\t\t<\/div>\n\t\t\t\t\t<\/div>\n\t\t<\/section>\n\t\t\t\t<section class=\"elementor-section elementor-top-section elementor-element elementor-element-044485f elementor-section-content-middle elementor-section-boxed elementor-section-height-default elementor-section-height-default\" data-id=\"044485f\" data-element_type=\"section\" data-e-type=\"section\">\n\t\t\t\t\t\t<div class=\"elementor-container elementor-column-gap-no\">\n\t\t\t\t\t<div class=\"elementor-column elementor-col-100 elementor-top-column elementor-element elementor-element-0d1020a elementor-invisible\" data-id=\"0d1020a\" data-element_type=\"column\" data-e-type=\"column\" data-settings=\"{&quot;animation&quot;:&quot;slideInLeft&quot;}\">\n\t\t\t<div class=\"elementor-widget-wrap elementor-element-populated\">\n\t\t\t\t\t\t<div class=\"elementor-element elementor-element-628bfed elementor-widget elementor-widget-heading\" data-id=\"628bfed\" data-element_type=\"widget\" data-e-type=\"widget\" data-widget_type=\"heading.default\">\n\t\t\t\t<div class=\"elementor-widget-container\">\n\t\t\t\t\t<h2 class=\"elementor-heading-title elementor-size-default\">Was der Zahnarzt typischerweise macht<\/h2>\t\t\t\t<\/div>\n\t\t\t\t<\/div>\n\t\t\t\t<div class=\"elementor-element elementor-element-432db85 elementor-widget elementor-widget-text-editor\" data-id=\"432db85\" data-element_type=\"widget\" data-e-type=\"widget\" data-widget_type=\"text-editor.default\">\n\t\t\t\t<div class=\"elementor-widget-container\">\n\t\t\t\t\t\t\t\t\t<p data-start=\"5430\" data-end=\"5464\">Je nach Situation kann die Praxis:<\/p><ul data-start=\"5465\" data-end=\"5766\"><li data-start=\"5465\" data-end=\"5514\"><p data-start=\"5467\" data-end=\"5514\">die Stelle untersuchen und die Ursache kl\u00e4ren<\/p><\/li><li data-start=\"5515\" data-end=\"5585\"><p data-start=\"5517\" data-end=\"5585\">den Zahn <strong data-start=\"5526\" data-end=\"5551\">provisorisch sch\u00fctzen<\/strong>, damit er nicht weiter reagiert<\/p><\/li><li data-start=\"5586\" data-end=\"5660\"><p data-start=\"5588\" data-end=\"5660\">eine F\u00fcllung erneuern oder eine Krone wieder befestigen (wenn m\u00f6glich)<\/p><\/li><li data-start=\"5661\" data-end=\"5726\"><p data-start=\"5663\" data-end=\"5726\">bei Entz\u00fcndung\/Schmerz eine passende Sofortma\u00dfnahme einleiten<\/p><\/li><li data-start=\"5727\" data-end=\"5766\"><p data-start=\"5729\" data-end=\"5766\">einen klaren Plan f\u00fcr Nachsorge geben<\/p><\/li><\/ul><p data-start=\"5768\" data-end=\"5855\">Das Ziel ist immer: <strong data-start=\"5788\" data-end=\"5855\">Schmerz reduzieren, Zahn stabilisieren, Folgesch\u00e4den vermeiden.<\/strong><\/p>\t\t\t\t\t\t\t\t<\/div>\n\t\t\t\t<\/div>\n\t\t\t\t\t<\/div>\n\t\t<\/div>\n\t\t\t\t\t<\/div>\n\t\t<\/section>\n\t\t\t\t<section class=\"elementor-section elementor-top-section elementor-element elementor-element-e9e0aa9 elementor-section-content-middle elementor-section-boxed elementor-section-height-default elementor-section-height-default\" data-id=\"e9e0aa9\" data-element_type=\"section\" data-e-type=\"section\">\n\t\t\t\t\t\t<div class=\"elementor-container elementor-column-gap-no\">\n\t\t\t\t\t<div class=\"elementor-column elementor-col-100 elementor-top-column elementor-element elementor-element-a878aec elementor-invisible\" data-id=\"a878aec\" data-element_type=\"column\" data-e-type=\"column\" data-settings=\"{&quot;animation&quot;:&quot;slideInLeft&quot;}\">\n\t\t\t<div class=\"elementor-widget-wrap elementor-element-populated\">\n\t\t\t\t\t\t<div class=\"elementor-element elementor-element-bc9e83f elementor-widget elementor-widget-heading\" data-id=\"bc9e83f\" data-element_type=\"widget\" data-e-type=\"widget\" data-widget_type=\"heading.default\">\n\t\t\t\t<div class=\"elementor-widget-container\">\n\t\t\t\t\t<h2 class=\"elementor-heading-title elementor-size-default\">Wenn du bald zur\u00fcckfliegst: Touristen-Plan<\/h2>\t\t\t\t<\/div>\n\t\t\t\t<\/div>\n\t\t\t\t<div class=\"elementor-element elementor-element-2543786 elementor-widget elementor-widget-text-editor\" data-id=\"2543786\" data-element_type=\"widget\" data-e-type=\"widget\" data-widget_type=\"text-editor.default\">\n\t\t\t\t<div class=\"elementor-widget-container\">\n\t\t\t\t\t\t\t\t\t<p data-start=\"5909\" data-end=\"5962\">Wenn du nur kurz auf Mallorca bist, ist oft sinnvoll:<\/p><ul><li><strong>Stabilisierung vor Or<\/strong>t, damit du wieder essen und schlafen kannst<\/li><li>klare Empfehlung, was du bis zur R\u00fcckreise vermeiden solltest<\/li><li>bei Bedarf: deutschsprachige Orientierung zur Praxiswahl hier:<br \/><a href=\"https:\/\/dentalsonsardina.com\/de\/deutscher-zahnarzt-palma-de-mallorca\/\">Deutscher Zahnarzt in Palma de Mallorca \u2013 so findest du eine deutschsprachige Praxis<\/a><\/li><\/ul>\t\t\t\t\t\t\t\t<\/div>\n\t\t\t\t<\/div>\n\t\t\t\t\t<\/div>\n\t\t<\/div>\n\t\t\t\t\t<\/div>\n\t\t<\/section>\n\t\t\t\t<section class=\"elementor-section elementor-top-section elementor-element elementor-element-8408204 elementor-section-content-middle elementor-section-boxed elementor-section-height-default elementor-section-height-default\" data-id=\"8408204\" data-element_type=\"section\" data-e-type=\"section\" data-settings=\"{&quot;background_background&quot;:&quot;classic&quot;}\">\n\t\t\t\t\t\t<div class=\"elementor-container elementor-column-gap-no\">\n\t\t\t\t\t<div class=\"elementor-column elementor-col-100 elementor-top-column elementor-element elementor-element-021c840\" data-id=\"021c840\" data-element_type=\"column\" data-e-type=\"column\">\n\t\t\t<div class=\"elementor-widget-wrap elementor-element-populated\">\n\t\t\t\t\t\t<div class=\"elementor-element elementor-element-a631834 elementor-widget__width-initial elementor-widget elementor-widget-heading\" data-id=\"a631834\" data-element_type=\"widget\" data-e-type=\"widget\" data-widget_type=\"heading.default\">\n\t\t\t\t<div class=\"elementor-widget-container\">\n\t\t\t\t\t<h2 class=\"elementor-heading-title elementor-size-default\">FAQ (kurz &amp; hilfreich)<\/h2>\t\t\t\t<\/div>\n\t\t\t\t<\/div>\n\t\t\t\t<div class=\"elementor-element elementor-element-afc2f41 elementor-widget__width-initial elementor-widget elementor-widget-toggle\" data-id=\"afc2f41\" data-element_type=\"widget\" data-e-type=\"widget\" data-widget_type=\"toggle.default\">\n\t\t\t\t<div class=\"elementor-widget-container\">\n\t\t\t\t\t\t\t<div class=\"elementor-toggle\">\n\t\t\t\t\t\t\t<div class=\"elementor-toggle-item\">\n\t\t\t\t\t<h3 id=\"elementor-tab-title-1841\" class=\"elementor-tab-title\" data-tab=\"1\" role=\"button\" aria-controls=\"elementor-tab-content-1841\" aria-expanded=\"false\">\n\t\t\t\t\t\t\t\t\t\t\t\t<span class=\"elementor-toggle-icon elementor-toggle-icon-right\" aria-hidden=\"true\">\n\t\t\t\t\t\t\t\t\t\t\t\t\t\t\t<span class=\"elementor-toggle-icon-closed\"><i class=\"fas fa-caret-right\"><\/i><\/span>\n\t\t\t\t\t\t\t\t<span class=\"elementor-toggle-icon-opened\"><i class=\"elementor-toggle-icon-opened fas fa-caret-up\"><\/i><\/span>\n\t\t\t\t\t\t\t\t\t\t\t\t\t<\/span>\n\t\t\t\t\t\t\t\t\t\t\t\t<a class=\"elementor-toggle-title\" tabindex=\"0\">Kann ich damit ein paar Tage warten?<\/a>\n\t\t\t\t\t<\/h3>\n\n\t\t\t\t\t<div id=\"elementor-tab-content-1841\" class=\"elementor-tab-content elementor-clearfix\" data-tab=\"1\" role=\"region\" aria-labelledby=\"elementor-tab-title-1841\"><p>Wenn es komplett schmerzfrei ist, manchmal kurz. Sobald Empfindlichkeit, Druck oder Schmerzen dazukommen: lieber fr\u00fch versorgen lassen.<\/p><\/div>\n\t\t\t\t<\/div>\n\t\t\t\t\t\t\t<div class=\"elementor-toggle-item\">\n\t\t\t\t\t<h3 id=\"elementor-tab-title-1842\" class=\"elementor-tab-title\" data-tab=\"2\" role=\"button\" aria-controls=\"elementor-tab-content-1842\" aria-expanded=\"false\">\n\t\t\t\t\t\t\t\t\t\t\t\t<span class=\"elementor-toggle-icon elementor-toggle-icon-right\" aria-hidden=\"true\">\n\t\t\t\t\t\t\t\t\t\t\t\t\t\t\t<span class=\"elementor-toggle-icon-closed\"><i class=\"fas fa-caret-right\"><\/i><\/span>\n\t\t\t\t\t\t\t\t<span class=\"elementor-toggle-icon-opened\"><i class=\"elementor-toggle-icon-opened fas fa-caret-up\"><\/i><\/span>\n\t\t\t\t\t\t\t\t\t\t\t\t\t<\/span>\n\t\t\t\t\t\t\t\t\t\t\t\t<a class=\"elementor-toggle-title\" tabindex=\"0\">Was ist, wenn ich bald zur\u00fcckfliege?<\/a>\n\t\t\t\t\t<\/h3>\n\n\t\t\t\t\t<div id=\"elementor-tab-content-1842\" class=\"elementor-tab-content elementor-clearfix\" data-tab=\"2\" role=\"region\" aria-labelledby=\"elementor-tab-title-1842\"><p>Dann ist eine provisorische Stabilisierung oft die beste L\u00f6sung, plus Plan f\u00fcr zuhause.<\/p><\/div>\n\t\t\t\t<\/div>\n\t\t\t\t\t\t\t<div class=\"elementor-toggle-item\">\n\t\t\t\t\t<h3 id=\"elementor-tab-title-1843\" class=\"elementor-tab-title\" data-tab=\"3\" role=\"button\" aria-controls=\"elementor-tab-content-1843\" aria-expanded=\"false\">\n\t\t\t\t\t\t\t\t\t\t\t\t<span class=\"elementor-toggle-icon elementor-toggle-icon-right\" aria-hidden=\"true\">\n\t\t\t\t\t\t\t\t\t\t\t\t\t\t\t<span class=\"elementor-toggle-icon-closed\"><i class=\"fas fa-caret-right\"><\/i><\/span>\n\t\t\t\t\t\t\t\t<span class=\"elementor-toggle-icon-opened\"><i class=\"elementor-toggle-icon-opened fas fa-caret-up\"><\/i><\/span>\n\t\t\t\t\t\t\t\t\t\t\t\t\t<\/span>\n\t\t\t\t\t\t\t\t\t\t\t\t<a class=\"elementor-toggle-title\" tabindex=\"0\">Ist das ein Notfall am Wochenende?<\/a>\n\t\t\t\t\t<\/h3>\n\n\t\t\t\t\t<div id=\"elementor-tab-content-1843\" class=\"elementor-tab-content elementor-clearfix\" data-tab=\"3\" role=\"region\" aria-labelledby=\"elementor-tab-title-1843\"><p>Wenn du starke Schmerzen oder Schwellung hast: ja, dann sollte es zeitnah beurteilt werden.<\/p><\/div>\n\t\t\t\t<\/div>\n\t\t\t\t\t\t\t\t<\/div>\n\t\t\t\t\t\t<\/div>\n\t\t\t\t<\/div>\n\t\t\t\t\t<\/div>\n\t\t<\/div>\n\t\t\t\t\t<\/div>\n\t\t<\/section>\n\t\t\t\t<section class=\"elementor-section elementor-top-section elementor-element elementor-element-e371c71 elementor-section-content-middle elementor-section-boxed elementor-section-height-default elementor-section-height-default\" data-id=\"e371c71\" data-element_type=\"section\" data-e-type=\"section\" data-settings=\"{&quot;background_background&quot;:&quot;classic&quot;}\">\n\t\t\t\t\t\t<div class=\"elementor-container elementor-column-gap-no\">\n\t\t\t\t\t<div class=\"elementor-column elementor-col-100 elementor-top-column elementor-element elementor-element-b11273e elementor-invisible\" data-id=\"b11273e\" data-element_type=\"column\" data-e-type=\"column\" data-settings=\"{&quot;animation&quot;:&quot;slideInLeft&quot;}\">\n\t\t\t<div class=\"elementor-widget-wrap elementor-element-populated\">\n\t\t\t\t\t\t<div class=\"elementor-element elementor-element-e33e033 elementor-widget__width-initial elementor-widget elementor-widget-heading\" data-id=\"e33e033\" data-element_type=\"widget\" data-e-type=\"widget\" data-widget_type=\"heading.default\">\n\t\t\t\t<div class=\"elementor-widget-container\">\n\t\t\t\t\t<h2 class=\"elementor-heading-title elementor-size-default\">Fazit<\/h2>\t\t\t\t<\/div>\n\t\t\t\t<\/div>\n\t\t\t\t<div class=\"elementor-element elementor-element-1e529dd elementor-widget elementor-widget-text-editor\" data-id=\"1e529dd\" data-element_type=\"widget\" data-e-type=\"widget\" data-widget_type=\"text-editor.default\">\n\t\t\t\t<div class=\"elementor-widget-container\">\n\t\t\t\t\t\t\t\t\t<p>F\u00fcllung oder Krone verloren ist h\u00e4ufig gut l\u00f6sbar \u2013 aber je schneller du reagierst, desto geringer ist das Risiko, dass der Urlaub durch Schmerzen oder Entz\u00fcndung komplett kippt.<\/p><p>Mehr Tipps und Ratgeber findest du hier:<a href=\"https:\/\/dentalsonsardina.com\/de\/blog\/\"> Zum Blog (Deutsch)<\/a><\/p>\t\t\t\t\t\t\t\t<\/div>\n\t\t\t\t<\/div>\n\t\t\t\t\t<\/div>\n\t\t<\/div>\n\t\t\t\t\t<\/div>\n\t\t<\/section>\n\t\t\t\t<section class=\"elementor-section elementor-top-section elementor-element elementor-element-680fbca elementor-section-content-middle elementor-reverse-mobile elementor-section-full_width elementor-section-height-default elementor-section-height-default\" data-id=\"680fbca\" data-element_type=\"section\" data-e-type=\"section\">\n\t\t\t\t\t\t\t<div class=\"elementor-background-overlay\"><\/div>\n\t\t\t\t\t\t\t<div class=\"elementor-container elementor-column-gap-no\">\n\t\t\t\t\t<div class=\"elementor-column elementor-col-50 elementor-top-column elementor-element elementor-element-2715050\" data-id=\"2715050\" data-element_type=\"column\" data-e-type=\"column\">\n\t\t\t<div class=\"elementor-widget-wrap elementor-element-populated\">\n\t\t\t\t\t\t<div class=\"elementor-element elementor-element-c18f9d1 elementor-widget elementor-widget-google_maps\" data-id=\"c18f9d1\" data-element_type=\"widget\" data-e-type=\"widget\" data-widget_type=\"google_maps.default\">\n\t\t\t\t<div class=\"elementor-widget-container\">\n\t\t\t\t\t\t\t<div class=\"elementor-custom-embed\">\n\t\t\t<iframe\n\t\t\t\t\tdata-src=\"https:\/\/maps.google.com\/maps?q=Cl%C3%ADnica%20Dental%20Son%20Sardina%2C%20Cam%C3%AD%20de%20Passatemps%2C%20123%2C%20Bajo%2C%2007120%20Son%20Sardina%2C%20Illes%20Balears&#038;t=m&#038;z=18&#038;output=embed&#038;iwloc=near\"\n\t\t\t\t\ttitle=\"Cl\u00ednica Dental Son Sardina, Cam\u00ed de Passatemps, 123, Bajo, 07120 Son Sardina, Illes Balears\"\n\t\t\t\t\taria-label=\"Cl\u00ednica Dental Son Sardina, Cam\u00ed de Passatemps, 123, Bajo, 07120 Son Sardina, Illes Balears\"\n\t\t\t src=\"data:image\/svg+xml;base64,PHN2ZyB3aWR0aD0iMSIgaGVpZ2h0PSIxIiB4bWxucz0iaHR0cDovL3d3dy53My5vcmcvMjAwMC9zdmciPjwvc3ZnPg==\" class=\"lazyload\" data-load-mode=\"1\"><\/iframe>\n\t\t<\/div>\n\t\t\t\t\t\t<\/div>\n\t\t\t\t<\/div>\n\t\t\t\t\t<\/div>\n\t\t<\/div>\n\t\t\t\t<div class=\"elementor-column elementor-col-50 elementor-top-column elementor-element elementor-element-fd38ee3\" data-id=\"fd38ee3\" data-element_type=\"column\" data-e-type=\"column\">\n\t\t\t<div class=\"elementor-widget-wrap elementor-element-populated\">\n\t\t\t\t\t\t<div class=\"elementor-element elementor-element-9f6fe54 elementor-widget__width-initial elementor-widget elementor-widget-heading\" data-id=\"9f6fe54\" data-element_type=\"widget\" data-e-type=\"widget\" data-widget_type=\"heading.default\">\n\t\t\t\t<div class=\"elementor-widget-container\">\n\t\t\t\t\t<h2 class=\"elementor-heading-title elementor-size-default\">Standort | Zahnklinik Son Sardina<\/h2>\t\t\t\t<\/div>\n\t\t\t\t<\/div>\n\t\t\t\t<section class=\"elementor-section elementor-inner-section elementor-element elementor-element-328114a elementor-section-boxed elementor-section-height-default elementor-section-height-default\" data-id=\"328114a\" data-element_type=\"section\" data-e-type=\"section\">\n\t\t\t\t\t\t<div class=\"elementor-container elementor-column-gap-default\">\n\t\t\t\t\t<div class=\"elementor-column elementor-col-100 elementor-inner-column elementor-element elementor-element-becfe42\" data-id=\"becfe42\" data-element_type=\"column\" data-e-type=\"column\">\n\t\t\t<div class=\"elementor-widget-wrap elementor-element-populated\">\n\t\t\t\t\t\t<div class=\"elementor-element elementor-element-9a3cc42 elementor-widget__width-initial elementor-widget elementor-widget-heading\" data-id=\"9a3cc42\" data-element_type=\"widget\" data-e-type=\"widget\" data-widget_type=\"heading.default\">\n\t\t\t\t<div class=\"elementor-widget-container\">\n\t\t\t\t\t<h3 class=\"elementor-heading-title elementor-size-default\">Wie k\u00f6nnen Sie uns kontaktieren?<\/h3>\t\t\t\t<\/div>\n\t\t\t\t<\/div>\n\t\t\t\t<div class=\"elementor-element elementor-element-36cd0e2 elementor-position-left elementor-vertical-align-top elementor-widget elementor-widget-image-box\" data-id=\"36cd0e2\" data-element_type=\"widget\" data-e-type=\"widget\" data-widget_type=\"image-box.default\">\n\t\t\t\t<div class=\"elementor-widget-container\">\n\t\t\t\t\t<div class=\"elementor-image-box-wrapper\"><figure class=\"elementor-image-box-img\"><img decoding=\"async\" width=\"30\" height=\"40\" data-src=\"https:\/\/dentalsonsardina.com\/de\/wp-content\/uploads\/2023\/09\/localizacion.png\" class=\"elementor-animation-grow attachment-thumbnail size-thumbnail wp-image-317 lazyload\" alt=\"\" src=\"data:image\/svg+xml;base64,PHN2ZyB3aWR0aD0iMSIgaGVpZ2h0PSIxIiB4bWxucz0iaHR0cDovL3d3dy53My5vcmcvMjAwMC9zdmciPjwvc3ZnPg==\" style=\"--smush-placeholder-width: 30px; --smush-placeholder-aspect-ratio: 30\/40;\" \/><\/figure><div class=\"elementor-image-box-content\"><h4 class=\"elementor-image-box-title\">Standort<\/h4><p class=\"elementor-image-box-description\">Cam\u00ed de Passatemps, 123, Bajo, 07120 Son Sardina, Illes Balears<\/p><\/div><\/div>\t\t\t\t<\/div>\n\t\t\t\t<\/div>\n\t\t\t\t<div class=\"elementor-element elementor-element-a5efec1 elementor-align-right elementor-mobile-align-center elementor-widget__width-initial elementor-widget elementor-widget-button\" data-id=\"a5efec1\" data-element_type=\"widget\" data-e-type=\"widget\" data-widget_type=\"button.default\">\n\t\t\t\t<div class=\"elementor-widget-container\">\n\t\t\t\t\t\t\t\t\t<div class=\"elementor-button-wrapper\">\n\t\t\t\t\t<a class=\"elementor-button elementor-button-link elementor-size-sm elementor-animation-grow\" href=\"https:\/\/maps.google.com\/maps\/dir\/\/Dentistas+en+Mallorca+Dental+Clinic+Son+Sardina+-+Urgencias+365+d%C3%ADas+Cam%C3%AD+de+Passatemps,+123,+Bajo+07120+Son+Sardina+Balearic+Islands\/@39.6230085,2.6544889,18z\/data=!4m5!4m4!1m0!1m2!1m1!1s0x1297ed2b6bdbc809:0x5308779a749f0c39\">\n\t\t\t\t\t\t<span class=\"elementor-button-content-wrapper\">\n\t\t\t\t\t\t<span class=\"elementor-button-icon\">\n\t\t\t\t<i aria-hidden=\"true\" class=\"fas fa-directions\"><\/i>\t\t\t<\/span>\n\t\t\t\t\t\t\t\t\t<span class=\"elementor-button-text\">Mit Google gehen<\/span>\n\t\t\t\t\t<\/span>\n\t\t\t\t\t<\/a>\n\t\t\t\t<\/div>\n\t\t\t\t\t\t\t\t<\/div>\n\t\t\t\t<\/div>\n\t\t\t\t\t<\/div>\n\t\t<\/div>\n\t\t\t\t\t<\/div>\n\t\t<\/section>\n\t\t\t\t<div class=\"elementor-element elementor-element-57e8398 elementor-widget-divider--view-line elementor-widget elementor-widget-divider\" data-id=\"57e8398\" data-element_type=\"widget\" data-e-type=\"widget\" data-widget_type=\"divider.default\">\n\t\t\t\t<div class=\"elementor-widget-container\">\n\t\t\t\t\t\t\t<div class=\"elementor-divider\">\n\t\t\t<span class=\"elementor-divider-separator\">\n\t\t\t\t\t\t<\/span>\n\t\t<\/div>\n\t\t\t\t\t\t<\/div>\n\t\t\t\t<\/div>\n\t\t\t\t<section class=\"elementor-section elementor-inner-section elementor-element elementor-element-a8fceab elementor-section-boxed elementor-section-height-default elementor-section-height-default\" data-id=\"a8fceab\" data-element_type=\"section\" data-e-type=\"section\">\n\t\t\t\t\t\t<div class=\"elementor-container elementor-column-gap-default\">\n\t\t\t\t\t<div class=\"elementor-column elementor-col-100 elementor-inner-column elementor-element elementor-element-84d142f\" data-id=\"84d142f\" data-element_type=\"column\" data-e-type=\"column\">\n\t\t\t<div class=\"elementor-widget-wrap elementor-element-populated\">\n\t\t\t\t\t\t<div class=\"elementor-element elementor-element-a5ec4ad elementor-position-left elementor-vertical-align-top elementor-widget elementor-widget-image-box\" data-id=\"a5ec4ad\" data-element_type=\"widget\" data-e-type=\"widget\" data-widget_type=\"image-box.default\">\n\t\t\t\t<div class=\"elementor-widget-container\">\n\t\t\t\t\t<div class=\"elementor-image-box-wrapper\"><figure class=\"elementor-image-box-img\"><img decoding=\"async\" width=\"59\" height=\"62\" data-src=\"https:\/\/dentalsonsardina.com\/de\/wp-content\/uploads\/2023\/09\/llamadas.png\" class=\"elementor-animation-grow attachment-thumbnail size-thumbnail wp-image-319 lazyload\" alt=\"\" src=\"data:image\/svg+xml;base64,PHN2ZyB3aWR0aD0iMSIgaGVpZ2h0PSIxIiB4bWxucz0iaHR0cDovL3d3dy53My5vcmcvMjAwMC9zdmciPjwvc3ZnPg==\" style=\"--smush-placeholder-width: 59px; --smush-placeholder-aspect-ratio: 59\/62;\" \/><\/figure><div class=\"elementor-image-box-content\"><h4 class=\"elementor-image-box-title\">Kontakt<\/h4><p class=\"elementor-image-box-description\"><b>Unsere Festnetznummer ist:<\/b> +34 971 43 86 73<br>\n<b>F\u00fcr Notf\u00e4lle:<\/b> +34 679 09 14 76<br>\n<b>Per WhatsApp:<\/b> +34 679 09 14 76 oder klicken Sie auf die Schaltfl\u00e4che auf der Website\n\n<\/p><\/div><\/div>\t\t\t\t<\/div>\n\t\t\t\t<\/div>\n\t\t\t\t<div class=\"elementor-element elementor-element-d23a6e0 elementor-align-right elementor-mobile-align-center elementor-widget__width-initial elementor-widget elementor-widget-button\" data-id=\"d23a6e0\" data-element_type=\"widget\" data-e-type=\"widget\" data-widget_type=\"button.default\">\n\t\t\t\t<div class=\"elementor-widget-container\">\n\t\t\t\t\t\t\t\t\t<div class=\"elementor-button-wrapper\">\n\t\t\t\t\t<a class=\"elementor-button elementor-button-link elementor-size-sm elementor-animation-grow\" href=\"https:\/\/web.whatsapp.com\/send?phone=34679091476&#038;text=Hola%20necesito%20informaci%C3%B3n%20sobre%20la%20Cl%C3%ADnica%20Son%20Sardina\">\n\t\t\t\t\t\t<span class=\"elementor-button-content-wrapper\">\n\t\t\t\t\t\t<span class=\"elementor-button-icon\">\n\t\t\t\t<i aria-hidden=\"true\" class=\"fab fa-whatsapp\"><\/i>\t\t\t<\/span>\n\t\t\t\t\t\t\t\t\t<span class=\"elementor-button-text\">Whats App<\/span>\n\t\t\t\t\t<\/span>\n\t\t\t\t\t<\/a>\n\t\t\t\t<\/div>\n\t\t\t\t\t\t\t\t<\/div>\n\t\t\t\t<\/div>\n\t\t\t\t\t<\/div>\n\t\t<\/div>\n\t\t\t\t\t<\/div>\n\t\t<\/section>\n\t\t\t\t\t<\/div>\n\t\t<\/div>\n\t\t\t\t\t<\/div>\n\t\t<\/section>\n\t\t\t\t<section class=\"elementor-section elementor-top-section elementor-element elementor-element-1eabe15 elementor-section-content-middle elementor-reverse-mobile elementor-section-boxed elementor-section-height-default elementor-section-height-default\" data-id=\"1eabe15\" data-element_type=\"section\" data-e-type=\"section\">\n\t\t\t\t\t\t<div class=\"elementor-container elementor-column-gap-no\">\n\t\t\t\t\t<div class=\"elementor-column elementor-col-100 elementor-top-column elementor-element elementor-element-999c97e\" data-id=\"999c97e\" data-element_type=\"column\" data-e-type=\"column\">\n\t\t\t<div class=\"elementor-widget-wrap elementor-element-populated\">\n\t\t\t\t\t\t<div class=\"elementor-element elementor-element-94aa1a2 elementor-widget__width-initial elementor-widget elementor-widget-heading\" data-id=\"94aa1a2\" data-element_type=\"widget\" data-e-type=\"widget\" data-widget_type=\"heading.default\">\n\t\t\t\t<div class=\"elementor-widget-container\">\n\t\t\t\t\t<h2 class=\"elementor-heading-title elementor-size-default\">Datenschutz-Zusammenfassung | Zahnklinik Son Sardina<\/h2>\t\t\t\t<\/div>\n\t\t\t\t<\/div>\n\t\t\t\t<div class=\"elementor-element elementor-element-52f978b elementor-widget elementor-widget-text-editor\" data-id=\"52f978b\" data-element_type=\"widget\" data-e-type=\"widget\" data-widget_type=\"text-editor.default\">\n\t\t\t\t<div class=\"elementor-widget-container\">\n\t\t\t\t\t\t\t\t\t<table><tbody><tr><td><strong>GRUNDLEGENDEN INFORMATIONEN ZUM DATENSCHUTZ<\/strong><\/td><\/tr><tr><td><strong>Verantwortlich f\u00fcr die Datenverarbeitung<\/strong><\/td><td>SVETLANA FOTINA<\/td><\/tr><tr><td><strong>Adresse des Verantwortlichen<\/strong><\/td><td>C\/. Passatemps,123 Bj., CP 07120, Son Sardina (Balears (Illes))<\/td><\/tr><tr><td><strong>Zweck<\/strong><\/td><td>Ihre Daten werden verwendet, um Ihre Anfragen zu bearbeiten und Ihnen unsere Dienstleistungen anzubieten.<\/td><\/tr><tr><td><strong>Werbung<\/strong><\/td><td>Wir senden Ihnen nur Werbung nach Ihrer vorherigen Zustimmung, die Sie uns durch das entsprechende daf\u00fcr vorgesehene Feld zur Verf\u00fcgung stellen k\u00f6nnen.<\/td><\/tr><tr><td><strong>Rechtm\u00e4\u00dfigkeit<\/strong><\/td><td>Wir werden Ihre Daten nur mit Ihrer vorherigen Einwilligung verarbeiten, die Sie uns durch das entsprechende daf\u00fcr vorgesehene Feld zur Verf\u00fcgung stellen k\u00f6nnen.<\/td><\/tr><tr><td><strong>Empf\u00e4nger<\/strong><\/td><td>Im Allgemeinen darf nur das Personal unserer Organisation, das ordnungsgem\u00e4\u00df autorisiert ist, Kenntnis von den Informationen haben, die wir von Ihnen anfordern.<\/td><\/tr><tr><td><strong>Rechte<\/strong><\/td><td>Sie haben das Recht zu wissen, welche Informationen wir \u00fcber Sie haben, sie zu korrigieren und zu l\u00f6schen, wie in den zus\u00e4tzlichen Informationen auf unserer Webseite erl\u00e4utert.<\/td><\/tr><tr><td><strong>Zus\u00e4tzliche Informationen<\/strong><\/td><td>Mehr Informationen im Abschnitt <strong>&#8222;DATENSCHUTZRICHTLINIE&#8220;<\/strong> auf unserer Webseite.<\/td><\/tr><\/tbody><\/table>\t\t\t\t\t\t\t\t<\/div>\n\t\t\t\t<\/div>\n\t\t\t\t\t<\/div>\n\t\t<\/div>\n\t\t\t\t\t<\/div>\n\t\t<\/section>\n\t\t\t\t<\/div>\n\t\t","protected":false},"excerpt":{"rendered":"<p>Warum das im Urlaub h\u00e4ufig passiert Im Urlaub \u00e4ndern sich oft Gewohnheiten: anderes Essen, harte Snacks, mehr K\u00e4lte\/W\u00e4rme (Getr\u00e4nke), manchmal auch Stress oder Z\u00e4hneknirschen. Dazu kommt: Viele F\u00fcllungen oder Kronen halten lange \u2013 k\u00f6nnen aber nach Jahren pl\u00f6tzlich nachgeben. Wichtig ist nicht nur \u201edass etwas fehlt\u201c, sondern wie empfindlich der Zahn reagiert und ob zus\u00e4tzliche [&hellip;]<\/p>\n","protected":false},"author":1,"featured_media":2410,"comment_status":"closed","ping_status":"closed","sticky":false,"template":"","format":"standard","meta":{"site-sidebar-layout":"default","site-content-layout":"","ast-site-content-layout":"default","site-content-style":"default","site-sidebar-style":"default","ast-global-header-display":"","ast-banner-title-visibility":"","ast-main-header-display":"","ast-hfb-above-header-display":"","ast-hfb-below-header-display":"","ast-hfb-mobile-header-display":"","site-post-title":"disabled","ast-breadcrumbs-content":"","ast-featured-img":"","footer-sml-layout":"","ast-disable-related-posts":"","theme-transparent-header-meta":"","adv-header-id-meta":"","stick-header-meta":"","header-above-stick-meta":"","header-main-stick-meta":"","header-below-stick-meta":"","astra-migrate-meta-layouts":"","ast-page-background-enabled":"default","ast-page-background-meta":{"desktop":{"background-color":"var(--ast-global-color-4)","background-image":"","background-repeat":"repeat","background-position":"center center","background-size":"auto","background-attachment":"scroll","background-type":"","background-media":"","overlay-type":"","overlay-color":"","overlay-opacity":"","overlay-gradient":""},"tablet":{"background-color":"","background-image":"","background-repeat":"repeat","background-position":"center center","background-size":"auto","background-attachment":"scroll","background-type":"","background-media":"","overlay-type":"","overlay-color":"","overlay-opacity":"","overlay-gradient":""},"mobile":{"background-color":"","background-image":"","background-repeat":"repeat","background-position":"center center","background-size":"auto","background-attachment":"scroll","background-type":"","background-media":"","overlay-type":"","overlay-color":"","overlay-opacity":"","overlay-gradient":""}},"ast-content-background-meta":{"desktop":{"background-color":"var(--ast-global-color-5)","background-image":"","background-repeat":"repeat","background-position":"center center","background-size":"auto","background-attachment":"scroll","background-type":"","background-media":"","overlay-type":"","overlay-color":"","overlay-opacity":"","overlay-gradient":""},"tablet":{"background-color":"var(--ast-global-color-5)","background-image":"","background-repeat":"repeat","background-position":"center center","background-size":"auto","background-attachment":"scroll","background-type":"","background-media":"","overlay-type":"","overlay-color":"","overlay-opacity":"","overlay-gradient":""},"mobile":{"background-color":"var(--ast-global-color-5)","background-image":"","background-repeat":"repeat","background-position":"center center","background-size":"auto","background-attachment":"scroll","background-type":"","background-media":"","overlay-type":"","overlay-color":"","overlay-opacity":"","overlay-gradient":""}},"_joinchat":[],"footnotes":""},"categories":[18],"tags":[25,27,26,24,28],"class_list":["post-2409","post","type-post","status-publish","format-standard","has-post-thumbnail","hentry","category-notfall","tag-fullung-verloren-mallorca","tag-krone-verloren-palma","tag-urlaub-zahnarzt","tag-zahnarzt-notfall","tag-zahnschmerzen-mallorca"],"yoast_head":"<!-- This site is optimized with the Yoast SEO plugin v27.3 - https:\/\/yoast.com\/product\/yoast-seo-wordpress\/ -->\n<title>F\u00fcllung\/Krone verloren: Soforthilfe &amp; schneller Termin in Palma<\/title>\n<meta name=\"description\" content=\"F\u00fcllung oder Krone rausgefallen im Urlaub auf Mallorca? Sofortma\u00dfnahmen, Warnzeichen und wie du schnell einen Termin in Palma (Son Sardina) bekommst.\" \/>\n<meta name=\"robots\" content=\"index, follow, max-snippet:-1, max-image-preview:large, max-video-preview:-1\" \/>\n<link rel=\"canonical\" href=\"https:\/\/dentalsonsardina.com\/de\/fuellung-krone-verloren-mallorca\/\" \/>\n<meta property=\"og:locale\" content=\"de_DE\" \/>\n<meta property=\"og:type\" content=\"article\" \/>\n<meta property=\"og:title\" content=\"F\u00fcllung\/Krone verloren: Soforthilfe &amp; schneller Termin in Palma\" \/>\n<meta property=\"og:description\" content=\"F\u00fcllung oder Krone rausgefallen im Urlaub auf Mallorca? Sofortma\u00dfnahmen, Warnzeichen und wie du schnell einen Termin in Palma (Son Sardina) bekommst.\" \/>\n<meta property=\"og:url\" content=\"https:\/\/dentalsonsardina.com\/de\/fuellung-krone-verloren-mallorca\/\" \/>\n<meta property=\"og:site_name\" content=\"Zahnklinik Son Sardina | Deutscher Zahnarzt in Palma\" \/>\n<meta property=\"article:published_time\" content=\"2026-02-01T11:12:37+00:00\" \/>\n<meta property=\"article:modified_time\" content=\"2026-02-02T08:42:04+00:00\" \/>\n<meta property=\"og:image\" content=\"https:\/\/dentalsonsardina.com\/de\/wp-content\/uploads\/2026\/02\/Krone-verloren-Mallorca-min.jpg\" \/>\n\t<meta property=\"og:image:width\" content=\"640\" \/>\n\t<meta property=\"og:image:height\" content=\"640\" \/>\n\t<meta property=\"og:image:type\" content=\"image\/jpeg\" \/>\n<meta name=\"author\" content=\"Dental Son Sardina\" \/>\n<meta name=\"twitter:card\" content=\"summary_large_image\" \/>\n<meta name=\"twitter:label1\" content=\"Verfasst von\" \/>\n\t<meta name=\"twitter:data1\" content=\"Dental Son Sardina\" \/>\n\t<meta name=\"twitter:label2\" content=\"Gesch\u00e4tzte Lesezeit\" \/>\n\t<meta name=\"twitter:data2\" content=\"4\u00a0Minuten\" \/>\n<script type=\"application\/ld+json\" class=\"yoast-schema-graph\">{\"@context\":\"https:\\\/\\\/schema.org\",\"@graph\":[{\"@type\":\"Article\",\"@id\":\"https:\\\/\\\/dentalsonsardina.com\\\/de\\\/fuellung-krone-verloren-mallorca\\\/#article\",\"isPartOf\":{\"@id\":\"https:\\\/\\\/dentalsonsardina.com\\\/de\\\/fuellung-krone-verloren-mallorca\\\/\"},\"author\":{\"name\":\"Dental Son Sardina\",\"@id\":\"https:\\\/\\\/dentalsonsardina.com\\\/de\\\/#\\\/schema\\\/person\\\/f4e4f36a00a18b659ee607de4acdb519\"},\"headline\":\"F\u00fcllung oder Krone verloren auf Mallorca? Schnelle Hilfe in Palma\",\"datePublished\":\"2026-02-01T11:12:37+00:00\",\"dateModified\":\"2026-02-02T08:42:04+00:00\",\"mainEntityOfPage\":{\"@id\":\"https:\\\/\\\/dentalsonsardina.com\\\/de\\\/fuellung-krone-verloren-mallorca\\\/\"},\"wordCount\":738,\"publisher\":{\"@id\":\"https:\\\/\\\/dentalsonsardina.com\\\/de\\\/#organization\"},\"image\":{\"@id\":\"https:\\\/\\\/dentalsonsardina.com\\\/de\\\/fuellung-krone-verloren-mallorca\\\/#primaryimage\"},\"thumbnailUrl\":\"https:\\\/\\\/dentalsonsardina.com\\\/de\\\/wp-content\\\/uploads\\\/2026\\\/02\\\/Krone-verloren-Mallorca-min.jpg\",\"keywords\":[\"F\u00fcllung verloren Mallorca\",\"Krone verloren Palma\",\"Urlaub Zahnarzt\",\"Zahnarzt Notfall\",\"Zahnschmerzen Mallorca\"],\"articleSection\":[\"Notfall\"],\"inLanguage\":\"de\"},{\"@type\":\"WebPage\",\"@id\":\"https:\\\/\\\/dentalsonsardina.com\\\/de\\\/fuellung-krone-verloren-mallorca\\\/\",\"url\":\"https:\\\/\\\/dentalsonsardina.com\\\/de\\\/fuellung-krone-verloren-mallorca\\\/\",\"name\":\"F\u00fcllung\\\/Krone verloren: Soforthilfe & schneller Termin in Palma\",\"isPartOf\":{\"@id\":\"https:\\\/\\\/dentalsonsardina.com\\\/de\\\/#website\"},\"primaryImageOfPage\":{\"@id\":\"https:\\\/\\\/dentalsonsardina.com\\\/de\\\/fuellung-krone-verloren-mallorca\\\/#primaryimage\"},\"image\":{\"@id\":\"https:\\\/\\\/dentalsonsardina.com\\\/de\\\/fuellung-krone-verloren-mallorca\\\/#primaryimage\"},\"thumbnailUrl\":\"https:\\\/\\\/dentalsonsardina.com\\\/de\\\/wp-content\\\/uploads\\\/2026\\\/02\\\/Krone-verloren-Mallorca-min.jpg\",\"datePublished\":\"2026-02-01T11:12:37+00:00\",\"dateModified\":\"2026-02-02T08:42:04+00:00\",\"description\":\"F\u00fcllung oder Krone rausgefallen im Urlaub auf Mallorca? Sofortma\u00dfnahmen, Warnzeichen und wie du schnell einen Termin in Palma (Son Sardina) bekommst.\",\"breadcrumb\":{\"@id\":\"https:\\\/\\\/dentalsonsardina.com\\\/de\\\/fuellung-krone-verloren-mallorca\\\/#breadcrumb\"},\"inLanguage\":\"de\",\"potentialAction\":[{\"@type\":\"ReadAction\",\"target\":[\"https:\\\/\\\/dentalsonsardina.com\\\/de\\\/fuellung-krone-verloren-mallorca\\\/\"]}]},{\"@type\":\"ImageObject\",\"inLanguage\":\"de\",\"@id\":\"https:\\\/\\\/dentalsonsardina.com\\\/de\\\/fuellung-krone-verloren-mallorca\\\/#primaryimage\",\"url\":\"https:\\\/\\\/dentalsonsardina.com\\\/de\\\/wp-content\\\/uploads\\\/2026\\\/02\\\/Krone-verloren-Mallorca-min.jpg\",\"contentUrl\":\"https:\\\/\\\/dentalsonsardina.com\\\/de\\\/wp-content\\\/uploads\\\/2026\\\/02\\\/Krone-verloren-Mallorca-min.jpg\",\"width\":640,\"height\":640,\"caption\":\"Schnelle provisorische Versorgung sch\u00fctzt den Zahn\"},{\"@type\":\"BreadcrumbList\",\"@id\":\"https:\\\/\\\/dentalsonsardina.com\\\/de\\\/fuellung-krone-verloren-mallorca\\\/#breadcrumb\",\"itemListElement\":[{\"@type\":\"ListItem\",\"position\":1,\"name\":\"Portada\",\"item\":\"https:\\\/\\\/dentalsonsardina.com\\\/de\\\/\"},{\"@type\":\"ListItem\",\"position\":2,\"name\":\"F\u00fcllung oder Krone verloren auf Mallorca? Schnelle Hilfe in Palma\"}]},{\"@type\":\"WebSite\",\"@id\":\"https:\\\/\\\/dentalsonsardina.com\\\/de\\\/#website\",\"url\":\"https:\\\/\\\/dentalsonsardina.com\\\/de\\\/\",\"name\":\"Zahnklinik Son Sardina | Deutscher Zahnarzt in Palma\",\"description\":\"Deutscher Zahnarzt in Palma de Mallorca \u2013 alle zahn\u00e4rztlichen Leistungen. Schwerpunkt: Parodontologie, \u00e4sthetische Zahnheilkunde &amp; Notf\u00e4lle.\",\"publisher\":{\"@id\":\"https:\\\/\\\/dentalsonsardina.com\\\/de\\\/#organization\"},\"potentialAction\":[{\"@type\":\"SearchAction\",\"target\":{\"@type\":\"EntryPoint\",\"urlTemplate\":\"https:\\\/\\\/dentalsonsardina.com\\\/de\\\/?s={search_term_string}\"},\"query-input\":{\"@type\":\"PropertyValueSpecification\",\"valueRequired\":true,\"valueName\":\"search_term_string\"}}],\"inLanguage\":\"de\"},{\"@type\":\"Organization\",\"@id\":\"https:\\\/\\\/dentalsonsardina.com\\\/de\\\/#organization\",\"name\":\"Dental Klinik Son Sardina\",\"alternateName\":\"Dental Klinik Son Sardina Palma\",\"url\":\"https:\\\/\\\/dentalsonsardina.com\\\/de\\\/\",\"logo\":{\"@type\":\"ImageObject\",\"inLanguage\":\"de\",\"@id\":\"https:\\\/\\\/dentalsonsardina.com\\\/de\\\/#\\\/schema\\\/logo\\\/image\\\/\",\"url\":\"https:\\\/\\\/dentalsonsardina.com\\\/de\\\/wp-content\\\/uploads\\\/2023\\\/08\\\/cropped-logo-3.png\",\"contentUrl\":\"https:\\\/\\\/dentalsonsardina.com\\\/de\\\/wp-content\\\/uploads\\\/2023\\\/08\\\/cropped-logo-3.png\",\"width\":201,\"height\":67,\"caption\":\"Dental Klinik Son Sardina\"},\"image\":{\"@id\":\"https:\\\/\\\/dentalsonsardina.com\\\/de\\\/#\\\/schema\\\/logo\\\/image\\\/\"}},{\"@type\":\"Person\",\"@id\":\"https:\\\/\\\/dentalsonsardina.com\\\/de\\\/#\\\/schema\\\/person\\\/f4e4f36a00a18b659ee607de4acdb519\",\"name\":\"Dental Son Sardina\",\"image\":{\"@type\":\"ImageObject\",\"inLanguage\":\"de\",\"@id\":\"https:\\\/\\\/dentalsonsardina.com\\\/de\\\/wp-content\\\/litespeed\\\/avatar\\\/d0226953c89a25c5abce01bfa8c362eb.jpg?ver=1777288398\",\"url\":\"https:\\\/\\\/dentalsonsardina.com\\\/de\\\/wp-content\\\/litespeed\\\/avatar\\\/d0226953c89a25c5abce01bfa8c362eb.jpg?ver=1777288398\",\"contentUrl\":\"https:\\\/\\\/dentalsonsardina.com\\\/de\\\/wp-content\\\/litespeed\\\/avatar\\\/d0226953c89a25c5abce01bfa8c362eb.jpg?ver=1777288398\",\"caption\":\"Dental Son Sardina\"},\"sameAs\":[\"https:\\\/\\\/delorean360.com\\\/dentalsonsardina\"],\"url\":\"https:\\\/\\\/dentalsonsardina.com\\\/de\\\/author\\\/dental-son-sardina\\\/\"}]}<\/script>\n<!-- \/ Yoast SEO plugin. -->","yoast_head_json":{"title":"F\u00fcllung\/Krone verloren: Soforthilfe & schneller Termin in Palma","description":"F\u00fcllung oder Krone rausgefallen im Urlaub auf Mallorca? Sofortma\u00dfnahmen, Warnzeichen und wie du schnell einen Termin in Palma (Son Sardina) bekommst.","robots":{"index":"index","follow":"follow","max-snippet":"max-snippet:-1","max-image-preview":"max-image-preview:large","max-video-preview":"max-video-preview:-1"},"canonical":"https:\/\/dentalsonsardina.com\/de\/fuellung-krone-verloren-mallorca\/","og_locale":"de_DE","og_type":"article","og_title":"F\u00fcllung\/Krone verloren: Soforthilfe & schneller Termin in Palma","og_description":"F\u00fcllung oder Krone rausgefallen im Urlaub auf Mallorca? Sofortma\u00dfnahmen, Warnzeichen und wie du schnell einen Termin in Palma (Son Sardina) bekommst.","og_url":"https:\/\/dentalsonsardina.com\/de\/fuellung-krone-verloren-mallorca\/","og_site_name":"Zahnklinik Son Sardina | Deutscher Zahnarzt in Palma","article_published_time":"2026-02-01T11:12:37+00:00","article_modified_time":"2026-02-02T08:42:04+00:00","og_image":[{"width":640,"height":640,"url":"https:\/\/dentalsonsardina.com\/de\/wp-content\/uploads\/2026\/02\/Krone-verloren-Mallorca-min.jpg","type":"image\/jpeg"}],"author":"Dental Son Sardina","twitter_card":"summary_large_image","twitter_misc":{"Verfasst von":"Dental Son Sardina","Gesch\u00e4tzte Lesezeit":"4\u00a0Minuten"},"schema":{"@context":"https:\/\/schema.org","@graph":[{"@type":"Article","@id":"https:\/\/dentalsonsardina.com\/de\/fuellung-krone-verloren-mallorca\/#article","isPartOf":{"@id":"https:\/\/dentalsonsardina.com\/de\/fuellung-krone-verloren-mallorca\/"},"author":{"name":"Dental Son Sardina","@id":"https:\/\/dentalsonsardina.com\/de\/#\/schema\/person\/f4e4f36a00a18b659ee607de4acdb519"},"headline":"F\u00fcllung oder Krone verloren auf Mallorca? Schnelle Hilfe in Palma","datePublished":"2026-02-01T11:12:37+00:00","dateModified":"2026-02-02T08:42:04+00:00","mainEntityOfPage":{"@id":"https:\/\/dentalsonsardina.com\/de\/fuellung-krone-verloren-mallorca\/"},"wordCount":738,"publisher":{"@id":"https:\/\/dentalsonsardina.com\/de\/#organization"},"image":{"@id":"https:\/\/dentalsonsardina.com\/de\/fuellung-krone-verloren-mallorca\/#primaryimage"},"thumbnailUrl":"https:\/\/dentalsonsardina.com\/de\/wp-content\/uploads\/2026\/02\/Krone-verloren-Mallorca-min.jpg","keywords":["F\u00fcllung verloren Mallorca","Krone verloren Palma","Urlaub Zahnarzt","Zahnarzt Notfall","Zahnschmerzen Mallorca"],"articleSection":["Notfall"],"inLanguage":"de"},{"@type":"WebPage","@id":"https:\/\/dentalsonsardina.com\/de\/fuellung-krone-verloren-mallorca\/","url":"https:\/\/dentalsonsardina.com\/de\/fuellung-krone-verloren-mallorca\/","name":"F\u00fcllung\/Krone verloren: Soforthilfe & schneller Termin in Palma","isPartOf":{"@id":"https:\/\/dentalsonsardina.com\/de\/#website"},"primaryImageOfPage":{"@id":"https:\/\/dentalsonsardina.com\/de\/fuellung-krone-verloren-mallorca\/#primaryimage"},"image":{"@id":"https:\/\/dentalsonsardina.com\/de\/fuellung-krone-verloren-mallorca\/#primaryimage"},"thumbnailUrl":"https:\/\/dentalsonsardina.com\/de\/wp-content\/uploads\/2026\/02\/Krone-verloren-Mallorca-min.jpg","datePublished":"2026-02-01T11:12:37+00:00","dateModified":"2026-02-02T08:42:04+00:00","description":"F\u00fcllung oder Krone rausgefallen im Urlaub auf Mallorca? Sofortma\u00dfnahmen, Warnzeichen und wie du schnell einen Termin in Palma (Son Sardina) bekommst.","breadcrumb":{"@id":"https:\/\/dentalsonsardina.com\/de\/fuellung-krone-verloren-mallorca\/#breadcrumb"},"inLanguage":"de","potentialAction":[{"@type":"ReadAction","target":["https:\/\/dentalsonsardina.com\/de\/fuellung-krone-verloren-mallorca\/"]}]},{"@type":"ImageObject","inLanguage":"de","@id":"https:\/\/dentalsonsardina.com\/de\/fuellung-krone-verloren-mallorca\/#primaryimage","url":"https:\/\/dentalsonsardina.com\/de\/wp-content\/uploads\/2026\/02\/Krone-verloren-Mallorca-min.jpg","contentUrl":"https:\/\/dentalsonsardina.com\/de\/wp-content\/uploads\/2026\/02\/Krone-verloren-Mallorca-min.jpg","width":640,"height":640,"caption":"Schnelle provisorische Versorgung sch\u00fctzt den Zahn"},{"@type":"BreadcrumbList","@id":"https:\/\/dentalsonsardina.com\/de\/fuellung-krone-verloren-mallorca\/#breadcrumb","itemListElement":[{"@type":"ListItem","position":1,"name":"Portada","item":"https:\/\/dentalsonsardina.com\/de\/"},{"@type":"ListItem","position":2,"name":"F\u00fcllung oder Krone verloren auf Mallorca? Schnelle Hilfe in Palma"}]},{"@type":"WebSite","@id":"https:\/\/dentalsonsardina.com\/de\/#website","url":"https:\/\/dentalsonsardina.com\/de\/","name":"Zahnklinik Son Sardina | Deutscher Zahnarzt in Palma","description":"Deutscher Zahnarzt in Palma de Mallorca \u2013 alle zahn\u00e4rztlichen Leistungen. Schwerpunkt: Parodontologie, \u00e4sthetische Zahnheilkunde &amp; Notf\u00e4lle.","publisher":{"@id":"https:\/\/dentalsonsardina.com\/de\/#organization"},"potentialAction":[{"@type":"SearchAction","target":{"@type":"EntryPoint","urlTemplate":"https:\/\/dentalsonsardina.com\/de\/?s={search_term_string}"},"query-input":{"@type":"PropertyValueSpecification","valueRequired":true,"valueName":"search_term_string"}}],"inLanguage":"de"},{"@type":"Organization","@id":"https:\/\/dentalsonsardina.com\/de\/#organization","name":"Dental Klinik Son Sardina","alternateName":"Dental Klinik Son Sardina Palma","url":"https:\/\/dentalsonsardina.com\/de\/","logo":{"@type":"ImageObject","inLanguage":"de","@id":"https:\/\/dentalsonsardina.com\/de\/#\/schema\/logo\/image\/","url":"https:\/\/dentalsonsardina.com\/de\/wp-content\/uploads\/2023\/08\/cropped-logo-3.png","contentUrl":"https:\/\/dentalsonsardina.com\/de\/wp-content\/uploads\/2023\/08\/cropped-logo-3.png","width":201,"height":67,"caption":"Dental Klinik Son Sardina"},"image":{"@id":"https:\/\/dentalsonsardina.com\/de\/#\/schema\/logo\/image\/"}},{"@type":"Person","@id":"https:\/\/dentalsonsardina.com\/de\/#\/schema\/person\/f4e4f36a00a18b659ee607de4acdb519","name":"Dental Son Sardina","image":{"@type":"ImageObject","inLanguage":"de","@id":"https:\/\/dentalsonsardina.com\/de\/wp-content\/litespeed\/avatar\/d0226953c89a25c5abce01bfa8c362eb.jpg?ver=1777288398","url":"https:\/\/dentalsonsardina.com\/de\/wp-content\/litespeed\/avatar\/d0226953c89a25c5abce01bfa8c362eb.jpg?ver=1777288398","contentUrl":"https:\/\/dentalsonsardina.com\/de\/wp-content\/litespeed\/avatar\/d0226953c89a25c5abce01bfa8c362eb.jpg?ver=1777288398","caption":"Dental Son Sardina"},"sameAs":["https:\/\/delorean360.com\/dentalsonsardina"],"url":"https:\/\/dentalsonsardina.com\/de\/author\/dental-son-sardina\/"}]}},"_links":{"self":[{"href":"https:\/\/dentalsonsardina.com\/de\/wp-json\/wp\/v2\/posts\/2409","targetHints":{"allow":["GET"]}}],"collection":[{"href":"https:\/\/dentalsonsardina.com\/de\/wp-json\/wp\/v2\/posts"}],"about":[{"href":"https:\/\/dentalsonsardina.com\/de\/wp-json\/wp\/v2\/types\/post"}],"author":[{"embeddable":true,"href":"https:\/\/dentalsonsardina.com\/de\/wp-json\/wp\/v2\/users\/1"}],"replies":[{"embeddable":true,"href":"https:\/\/dentalsonsardina.com\/de\/wp-json\/wp\/v2\/comments?post=2409"}],"version-history":[{"count":25,"href":"https:\/\/dentalsonsardina.com\/de\/wp-json\/wp\/v2\/posts\/2409\/revisions"}],"predecessor-version":[{"id":2439,"href":"https:\/\/dentalsonsardina.com\/de\/wp-json\/wp\/v2\/posts\/2409\/revisions\/2439"}],"wp:featuredmedia":[{"embeddable":true,"href":"https:\/\/dentalsonsardina.com\/de\/wp-json\/wp\/v2\/media\/2410"}],"wp:attachment":[{"href":"https:\/\/dentalsonsardina.com\/de\/wp-json\/wp\/v2\/media?parent=2409"}],"wp:term":[{"taxonomy":"category","embeddable":true,"href":"https:\/\/dentalsonsardina.com\/de\/wp-json\/wp\/v2\/categories?post=2409"},{"taxonomy":"post_tag","embeddable":true,"href":"https:\/\/dentalsonsardina.com\/de\/wp-json\/wp\/v2\/tags?post=2409"}],"curies":[{"name":"wp","href":"https:\/\/api.w.org\/{rel}","templated":true}]}}