{"id":2350,"date":"2026-01-17T11:23:03","date_gmt":"2026-01-17T10:23:03","guid":{"rendered":"https:\/\/dentalsonsardina.com\/de\/?p=2350"},"modified":"2026-03-29T22:38:36","modified_gmt":"2026-03-29T20:38:36","slug":"deutscher-zahnarzt-palma-de-mallorca","status":"publish","type":"post","link":"https:\/\/dentalsonsardina.com\/de\/deutscher-zahnarzt-palma-de-mallorca\/","title":{"rendered":"Deutscher Zahnarzt auf Mallorca: deutschsprachige Behandlung in Palma"},"content":{"rendered":"\t\t<div data-elementor-type=\"wp-post\" data-elementor-id=\"2350\" class=\"elementor elementor-2350\">\n\t\t\t\t\t\t<section class=\"elementor-section elementor-top-section elementor-element elementor-element-5174b50 elementor-section-boxed elementor-section-height-default elementor-section-height-default\" data-id=\"5174b50\" data-element_type=\"section\" data-e-type=\"section\">\n\t\t\t\t\t\t<div class=\"elementor-container elementor-column-gap-default\">\n\t\t\t\t\t<div class=\"elementor-column elementor-col-100 elementor-top-column elementor-element elementor-element-5ead5b6e\" data-id=\"5ead5b6e\" data-element_type=\"column\" data-e-type=\"column\">\n\t\t\t<div class=\"elementor-widget-wrap elementor-element-populated\">\n\t\t\t\t\t\t\t<\/div>\n\t\t<\/div>\n\t\t\t\t\t<\/div>\n\t\t<\/section>\n\t\t\t\t<section class=\"elementor-section elementor-top-section elementor-element elementor-element-1a5de27 elementor-section-content-middle elementor-section-boxed elementor-section-height-default elementor-section-height-default\" data-id=\"1a5de27\" data-element_type=\"section\" data-e-type=\"section\">\n\t\t\t\t\t\t<div class=\"elementor-container elementor-column-gap-no\">\n\t\t\t\t\t<div class=\"elementor-column elementor-col-100 elementor-top-column elementor-element elementor-element-8fb7c05 elementor-invisible\" data-id=\"8fb7c05\" data-element_type=\"column\" data-e-type=\"column\" data-settings=\"{&quot;animation&quot;:&quot;slideInLeft&quot;}\">\n\t\t\t<div class=\"elementor-widget-wrap elementor-element-populated\">\n\t\t\t\t\t\t<div class=\"elementor-element elementor-element-c604d6a elementor-widget elementor-widget-heading\" data-id=\"c604d6a\" data-element_type=\"widget\" data-e-type=\"widget\" data-widget_type=\"heading.default\">\n\t\t\t\t<div class=\"elementor-widget-container\">\n\t\t\t\t\t<h2 class=\"elementor-heading-title elementor-size-default\">Warum ein deutscher Zahnarzt auf Mallorca f\u00fcr viele Patienten wichtig ist<\/h2>\t\t\t\t<\/div>\n\t\t\t\t<\/div>\n\t\t\t\t<div class=\"elementor-element elementor-element-3a27fae elementor-widget elementor-widget-text-editor\" data-id=\"3a27fae\" data-element_type=\"widget\" data-e-type=\"widget\" data-widget_type=\"text-editor.default\">\n\t\t\t\t<div class=\"elementor-widget-container\">\n\t\t\t\t\t\t\t\t\t<p data-start=\"3824\" data-end=\"3887\">Eine Behandlung ist nicht nur \u201eZahn auf \u2013 Zahn zu\u201c. Es geht um:<\/p><ul data-start=\"3888\" data-end=\"4270\"><li data-start=\"3888\" data-end=\"3966\"><p data-start=\"3890\" data-end=\"3966\"><strong data-start=\"3890\" data-end=\"3922\">Symptome richtig beschreiben<\/strong> (z. B. pochend, stechend, nur beim Kauen)<\/p><\/li><li data-start=\"3967\" data-end=\"4045\"><p data-start=\"3969\" data-end=\"4045\"><strong data-start=\"3969\" data-end=\"3986\">Vorgeschichte<\/strong> erkl\u00e4ren (alte F\u00fcllung, Krone, Wurzelbehandlung, Unfall)<\/p><\/li><li data-start=\"4046\" data-end=\"4128\"><p data-start=\"4048\" data-end=\"4128\"><strong data-start=\"4048\" data-end=\"4069\">Risiken\/Allergien<\/strong> nennen (Medikamente, Blutverd\u00fcnner, Unvertr\u00e4glichkeiten)<\/p><\/li><li data-start=\"4129\" data-end=\"4207\"><p data-start=\"4131\" data-end=\"4207\"><strong data-start=\"4131\" data-end=\"4154\">Behandlungsoptionen<\/strong> verstehen (Was ist sofort n\u00f6tig? Was kann warten?)<\/p><\/li><li data-start=\"4208\" data-end=\"4270\"><p data-start=\"4210\" data-end=\"4270\"><strong data-start=\"4210\" data-end=\"4231\">Kostentransparenz<\/strong> (welche Schritte kommen als N\u00e4chstes?)<\/p><\/li><\/ul><p data-start=\"4272\" data-end=\"4437\">Wenn du Beschwerden auf Deutsch erkl\u00e4ren kannst, ist es oft leichter, schneller zur richtigen Entscheidung zu kommen \u2013 besonders als Tourist, wenn Zeit eine Rolle spielt. Bei akuten Problemen kann ein schneller Termin beim <strong><a href=\"https:\/\/dentalsonsardina.com\/de\/notfallzahnarzt-mallorca\/\">Notfallzahnarzt auf Mallorca<\/a><\/strong> zus\u00e4tzlich entscheidend sein.<\/p>\t\t\t\t\t\t\t\t<\/div>\n\t\t\t\t<\/div>\n\t\t\t\t\t<\/div>\n\t\t<\/div>\n\t\t\t\t\t<\/div>\n\t\t<\/section>\n\t\t\t\t<section class=\"elementor-section elementor-top-section elementor-element elementor-element-69be3c7 elementor-section-content-middle elementor-section-boxed elementor-section-height-default elementor-section-height-default\" data-id=\"69be3c7\" data-element_type=\"section\" data-e-type=\"section\">\n\t\t\t\t\t\t<div class=\"elementor-container elementor-column-gap-no\">\n\t\t\t\t\t<div class=\"elementor-column elementor-col-100 elementor-top-column elementor-element elementor-element-44b922c elementor-invisible\" data-id=\"44b922c\" data-element_type=\"column\" data-e-type=\"column\" data-settings=\"{&quot;animation&quot;:&quot;slideInLeft&quot;}\">\n\t\t\t<div class=\"elementor-widget-wrap elementor-element-populated\">\n\t\t\t\t\t\t<div class=\"elementor-element elementor-element-3394f83 elementor-widget elementor-widget-heading\" data-id=\"3394f83\" data-element_type=\"widget\" data-e-type=\"widget\" data-widget_type=\"heading.default\">\n\t\t\t\t<div class=\"elementor-widget-container\">\n\t\t\t\t\t<h2 class=\"elementor-heading-title elementor-size-default\">Was eine gute deutschsprachige Zahnarztpraxis in Palma ausmacht<\/h2>\t\t\t\t<\/div>\n\t\t\t\t<\/div>\n\t\t\t\t<div class=\"elementor-element elementor-element-4b60e67 elementor-widget elementor-widget-text-editor\" data-id=\"4b60e67\" data-element_type=\"widget\" data-e-type=\"widget\" data-widget_type=\"text-editor.default\">\n\t\t\t\t<div class=\"elementor-widget-container\">\n\t\t\t\t\t\t\t\t\t<p data-start=\"4509\" data-end=\"4586\">Du erkennst eine seri\u00f6se, gut organisierte Praxis oft schon an Kleinigkeiten:<\/p><ul data-start=\"4587\" data-end=\"4908\"><li data-start=\"4587\" data-end=\"4646\"><p data-start=\"4589\" data-end=\"4646\"><strong data-start=\"4589\" data-end=\"4610\">klare Kontaktwege<\/strong> (Telefon, WhatsApp oder Formular)<\/p><\/li><li data-start=\"4647\" data-end=\"4720\"><p data-start=\"4649\" data-end=\"4720\"><strong data-start=\"4649\" data-end=\"4678\">schnelle Ersteinsch\u00e4tzung<\/strong>, wenn du Schmerz\/Schwellung beschreibst<\/p><\/li><li data-start=\"4721\" data-end=\"4783\"><p data-start=\"4723\" data-end=\"4783\"><strong data-start=\"4723\" data-end=\"4748\">strukturierter Ablauf<\/strong> (Anamnese \u2192 Untersuchung \u2192 Plan)<\/p><\/li><li data-start=\"4784\" data-end=\"4841\"><p data-start=\"4786\" data-end=\"4841\"><strong data-start=\"4786\" data-end=\"4817\">verst\u00e4ndliche Kommunikation<\/strong> ohne \u201eFachchinesisch\u201c<\/p><\/li><li data-start=\"4842\" data-end=\"4908\"><p data-start=\"4844\" data-end=\"4908\"><strong data-start=\"4844\" data-end=\"4872\">realistische Zeitplanung<\/strong> (was heute machbar ist, was sp\u00e4ter)<\/p><\/li><\/ul><p data-start=\"4910\" data-end=\"5068\">Das Ziel f\u00fcr viele Patienten ist klar: Beschwerden einordnen, die Situation stabilisieren und eine verst\u00e4ndliche Empfehlung bekommen. Viele suchen deshalb keine beliebige Praxis, sondern eine gut erreichbare<strong> <a href=\"https:\/\/dentalsonsardina.com\/de\/\">Zahnklinik auf Mallorca<\/a> <\/strong>mit pers\u00f6nlicher Betreuung.<\/p>\t\t\t\t\t\t\t\t<\/div>\n\t\t\t\t<\/div>\n\t\t\t\t\t<\/div>\n\t\t<\/div>\n\t\t\t\t\t<\/div>\n\t\t<\/section>\n\t\t\t\t<section class=\"elementor-section elementor-top-section elementor-element elementor-element-cdf4e51 elementor-section-content-middle elementor-section-boxed elementor-section-height-default elementor-section-height-default\" data-id=\"cdf4e51\" data-element_type=\"section\" data-e-type=\"section\">\n\t\t\t\t\t\t<div class=\"elementor-container elementor-column-gap-no\">\n\t\t\t\t\t<div class=\"elementor-column elementor-col-100 elementor-top-column elementor-element elementor-element-619be15 elementor-invisible\" data-id=\"619be15\" data-element_type=\"column\" data-e-type=\"column\" data-settings=\"{&quot;animation&quot;:&quot;slideInLeft&quot;}\">\n\t\t\t<div class=\"elementor-widget-wrap elementor-element-populated\">\n\t\t\t\t\t\t<div class=\"elementor-element elementor-element-2dc0ed0 elementor-widget elementor-widget-heading\" data-id=\"2dc0ed0\" data-element_type=\"widget\" data-e-type=\"widget\" data-widget_type=\"heading.default\">\n\t\t\t\t<div class=\"elementor-widget-container\">\n\t\t\t\t\t<h2 class=\"elementor-heading-title elementor-size-default\">F\u00fcr wen eine deutschsprachige Behandlung auf Mallorca besonders sinnvoll ist<\/h2>\t\t\t\t<\/div>\n\t\t\t\t<\/div>\n\t\t\t\t<div class=\"elementor-element elementor-element-37d3f4f elementor-widget elementor-widget-text-editor\" data-id=\"37d3f4f\" data-element_type=\"widget\" data-e-type=\"widget\" data-widget_type=\"text-editor.default\">\n\t\t\t\t<div class=\"elementor-widget-container\">\n\t\t\t\t\t\t\t\t\t<p><strong>Eine deutschsprachige Zahnarztpraxis ist besonders hilfreich f\u00fcr Urlauber mit akuten Beschwerden, Residenten, die eine feste Praxis auf der Insel suchen, Familien mit Verst\u00e4ndigungsbedarf und Patienten, die vor einer Behandlung besonders klare Erkl\u00e4rungen brauchen. Gerade bei Schmerzen, Unsicherheit oder Zeitdruck macht eine sichere Kommunikation oft einen gro\u00dfen Unterschied.<\/strong><\/p>\t\t\t\t\t\t\t\t<\/div>\n\t\t\t\t<\/div>\n\t\t\t\t\t<\/div>\n\t\t<\/div>\n\t\t\t\t\t<\/div>\n\t\t<\/section>\n\t\t\t\t<section class=\"elementor-section elementor-top-section elementor-element elementor-element-46c969b elementor-section-content-middle elementor-section-boxed elementor-section-height-default elementor-section-height-default\" data-id=\"46c969b\" data-element_type=\"section\" data-e-type=\"section\">\n\t\t\t\t\t\t<div class=\"elementor-container elementor-column-gap-no\">\n\t\t\t\t\t<div class=\"elementor-column elementor-col-100 elementor-top-column elementor-element elementor-element-c6fe07e elementor-invisible\" data-id=\"c6fe07e\" data-element_type=\"column\" data-e-type=\"column\" data-settings=\"{&quot;animation&quot;:&quot;slideInLeft&quot;}\">\n\t\t\t<div class=\"elementor-widget-wrap elementor-element-populated\">\n\t\t\t\t\t\t<div class=\"elementor-element elementor-element-38013e7 elementor-widget elementor-widget-heading\" data-id=\"38013e7\" data-element_type=\"widget\" data-e-type=\"widget\" data-widget_type=\"heading.default\">\n\t\t\t\t<div class=\"elementor-widget-container\">\n\t\t\t\t\t<h2 class=\"elementor-heading-title elementor-size-default\">7 Kriterien, um eine gute Praxis zu erkennen<\/h2>\t\t\t\t<\/div>\n\t\t\t\t<\/div>\n\t\t\t\t<div class=\"elementor-element elementor-element-cdfd794 elementor-widget elementor-widget-text-editor\" data-id=\"cdfd794\" data-element_type=\"widget\" data-e-type=\"widget\" data-widget_type=\"text-editor.default\">\n\t\t\t\t<div class=\"elementor-widget-container\">\n\t\t\t\t\t\t\t\t\t<h3 data-start=\"5129\" data-end=\"5317\"><strong data-start=\"5129\" data-end=\"5192\">1) Notfall-Logik (Priorisierung bei Schmerz\/Schwellung)<\/strong><\/h3><p data-start=\"5129\" data-end=\"5317\">Eine gute Praxis hat einen Ablauf f\u00fcr akute F\u00e4lle: je klarer du Symptome schilderst, desto besser kann man dich einordnen.<\/p><h3 data-start=\"5319\" data-end=\"5469\"><strong data-start=\"5319\" data-end=\"5374\">2) Transparente Erkl\u00e4rung von Befund &amp; Optionen<\/strong><\/h3><p data-start=\"5319\" data-end=\"5469\">Du solltest verstehen: <em data-start=\"5400\" data-end=\"5469\">Was ist die Ursache? Was wird heute gemacht? Was sind Alternativen?<\/em><\/p><h3 data-start=\"5471\" data-end=\"5605\"><strong data-start=\"5471\" data-end=\"5519\">3) Erreichbarkeit &amp; schnelle R\u00fcckmeldung<\/strong><\/h3><p data-start=\"5471\" data-end=\"5605\">Gerade im Urlaub z\u00e4hlt Zeit. WhatsApp\/Telefon mit kurzer R\u00fcckmeldung ist Gold wert.<\/p><h3 data-start=\"5607\" data-end=\"5759\"><strong data-start=\"5607\" data-end=\"5665\">4) Deutschsprachige Kommunikation (Team oder Arzt)<\/strong><\/h3><p data-start=\"5607\" data-end=\"5759\">Nicht nur \u201eein bisschen Deutsch\u201c, sondern so, dass du dich sicher f\u00fchlst \u2013 auch bei Fragen.<\/p><h3 data-start=\"5761\" data-end=\"5894\"><strong data-start=\"5761\" data-end=\"5802\">5) Moderne Diagnostik, wenn n\u00f6tig<\/strong><\/h3><p data-start=\"5761\" data-end=\"5894\">Nicht immer braucht man alles, aber wenn es unklar ist, sollte sinnvoll abgekl\u00e4rt werden.<\/p><h3 data-start=\"5896\" data-end=\"6043\"><strong data-start=\"5896\" data-end=\"5961\">6) Saubere Organisation (Termine, Wartezeiten, Nachsorge)<\/strong><\/h3><p data-start=\"5896\" data-end=\"6043\">Ein strukturierter Ablauf reduziert Stress \u2013 besonders, wenn du Schmerzen hast.<\/p><h3 data-start=\"6045\" data-end=\"6183\"><strong data-start=\"6045\" data-end=\"6085\">7) Touristenfreundliche L\u00f6sungen<\/strong><\/h3><p data-start=\"6045\" data-end=\"6183\">Wenn du bald abreist: provisorisch stabilisieren + Plan, was dein Hauszahnarzt \u00fcbernehmen kann.<\/p>\t\t\t\t\t\t\t\t<\/div>\n\t\t\t\t<\/div>\n\t\t\t\t<div class=\"elementor-element elementor-element-de65433 elementor-widget elementor-widget-image\" data-id=\"de65433\" data-element_type=\"widget\" data-e-type=\"widget\" data-widget_type=\"image.default\">\n\t\t\t\t<div class=\"elementor-widget-container\">\n\t\t\t\t\t\t\t\t\t\t\t\t\t\t\t<img fetchpriority=\"high\" decoding=\"async\" width=\"1600\" height=\"1066\" src=\"https:\/\/dentalsonsardina.com\/de\/wp-content\/uploads\/2026\/01\/WhatsApp-Image-2026-01-17-at-18.26.03-1.jpeg\" class=\"attachment-full size-full wp-image-2403\" alt=\"Zahnarzt Termin in Palma \u2013 klare Kommunikation auf Deutsch\" srcset=\"https:\/\/dentalsonsardina.com\/de\/wp-content\/uploads\/2026\/01\/WhatsApp-Image-2026-01-17-at-18.26.03-1.jpeg 1600w, https:\/\/dentalsonsardina.com\/de\/wp-content\/uploads\/2026\/01\/WhatsApp-Image-2026-01-17-at-18.26.03-1-300x200.jpeg 300w, https:\/\/dentalsonsardina.com\/de\/wp-content\/uploads\/2026\/01\/WhatsApp-Image-2026-01-17-at-18.26.03-1-1024x682.jpeg 1024w, https:\/\/dentalsonsardina.com\/de\/wp-content\/uploads\/2026\/01\/WhatsApp-Image-2026-01-17-at-18.26.03-1-768x512.jpeg 768w, https:\/\/dentalsonsardina.com\/de\/wp-content\/uploads\/2026\/01\/WhatsApp-Image-2026-01-17-at-18.26.03-1-1536x1023.jpeg 1536w\" sizes=\"(max-width: 1600px) 100vw, 1600px\" \/>\t\t\t\t\t\t\t\t\t\t\t\t\t\t\t<\/div>\n\t\t\t\t<\/div>\n\t\t\t\t\t<\/div>\n\t\t<\/div>\n\t\t\t\t\t<\/div>\n\t\t<\/section>\n\t\t\t\t<section class=\"elementor-section elementor-top-section elementor-element elementor-element-b8807e8 elementor-section-content-middle elementor-section-boxed elementor-section-height-default elementor-section-height-default\" data-id=\"b8807e8\" data-element_type=\"section\" data-e-type=\"section\">\n\t\t\t\t\t\t<div class=\"elementor-container elementor-column-gap-no\">\n\t\t\t\t\t<div class=\"elementor-column elementor-col-100 elementor-top-column elementor-element elementor-element-44f526e elementor-invisible\" data-id=\"44f526e\" data-element_type=\"column\" data-e-type=\"column\" data-settings=\"{&quot;animation&quot;:&quot;slideInLeft&quot;}\">\n\t\t\t<div class=\"elementor-widget-wrap elementor-element-populated\">\n\t\t\t\t\t\t<div class=\"elementor-element elementor-element-c399ea7 elementor-widget elementor-widget-heading\" data-id=\"c399ea7\" data-element_type=\"widget\" data-e-type=\"widget\" data-widget_type=\"heading.default\">\n\t\t\t\t<div class=\"elementor-widget-container\">\n\t\t\t\t\t<h2 class=\"elementor-heading-title elementor-size-default\">Typischer Ablauf (auch f\u00fcr Urlauber) \u2013 Schritt f\u00fcr Schritt<\/h2>\t\t\t\t<\/div>\n\t\t\t\t<\/div>\n\t\t\t\t<div class=\"elementor-element elementor-element-c6bc928 elementor-widget elementor-widget-text-editor\" data-id=\"c6bc928\" data-element_type=\"widget\" data-e-type=\"widget\" data-widget_type=\"text-editor.default\">\n\t\t\t\t<div class=\"elementor-widget-container\">\n\t\t\t\t\t\t\t\t\t<p data-start=\"6288\" data-end=\"6387\">Ein Termin bei einem deutschen Zahnarzt auf Mallorca sollte nicht kompliziert wirken. Wichtig ist ein klarer, ruhiger Ablauf: Beschwerden verstehen, Ursache einordnen, Sofortma\u00dfnahme planen und die n\u00e4chsten Schritte verst\u00e4ndlich erkl\u00e4ren.<\/p><h3 data-start=\"6288\" data-end=\"6387\"><strong data-start=\"6288\" data-end=\"6326\">1) Kurz-Anamnese (2\u20133 Minuten)<\/strong><\/h3><p data-start=\"6288\" data-end=\"6387\">Wo tut es weh, seit wann, wie stark, was verschlimmert es?<\/p><h3 data-start=\"6389\" data-end=\"6505\"><strong data-start=\"6389\" data-end=\"6427\">2) Untersuchung &amp; Einsch\u00e4tzung<\/strong><\/h3><p data-start=\"6389\" data-end=\"6505\">Sichtkontrolle, Klopftest\/Bei\u00dftest, ggf. Zahnfleisch\/Schwellung beurteilen.<\/p><h3 data-start=\"6507\" data-end=\"6636\"><strong data-start=\"6507\" data-end=\"6540\">3) Diagnostik nach Bedarf<\/strong><\/h3><p data-start=\"6507\" data-end=\"6636\">Wenn die Ursache nicht klar ist oder starke Schmerzen da sind, kann Bildgebung sinnvoll sein.<\/p><h3 data-start=\"6638\" data-end=\"6828\"><strong data-start=\"6638\" data-end=\"6686\">4) Sofortma\u00dfnahme (Ziel: Stabilisierung)<\/strong><\/h3><p data-start=\"6638\" data-end=\"6828\">Das kann je nach Situation sehr unterschiedlich sein \u2013 entscheidend ist, dass du wieder funktionierst (essen, schlafen, Urlaub fortsetzen).<\/p><h3 data-start=\"6830\" data-end=\"6943\"><strong data-start=\"6830\" data-end=\"6857\">5) Plan &amp; Nachsorge<\/strong><\/h3><p data-start=\"6830\" data-end=\"6943\">Wenn du l\u00e4nger da bist: Folgetermin. Wenn du abreist: klare Empfehlung f\u00fcr zuhause.<\/p>\t\t\t\t\t\t\t\t<\/div>\n\t\t\t\t<\/div>\n\t\t\t\t<div class=\"elementor-element elementor-element-399dee7 elementor-widget elementor-widget-image\" data-id=\"399dee7\" data-element_type=\"widget\" data-e-type=\"widget\" data-widget_type=\"image.default\">\n\t\t\t\t<div class=\"elementor-widget-container\">\n\t\t\t\t\t\t\t\t\t\t\t\t\t\t\t<img decoding=\"async\" width=\"1920\" height=\"1280\" data-src=\"https:\/\/dentalsonsardina.com\/de\/wp-content\/uploads\/2026\/01\/Diagnose-Zahnarzt-Palma.jpg\" class=\"attachment-full size-full wp-image-2371 lazyload\" alt=\"Diagnose beim Zahnarzt \u2013 verst\u00e4ndlich erkl\u00e4rt\" data-srcset=\"https:\/\/dentalsonsardina.com\/de\/wp-content\/uploads\/2026\/01\/Diagnose-Zahnarzt-Palma.jpg 1920w, https:\/\/dentalsonsardina.com\/de\/wp-content\/uploads\/2026\/01\/Diagnose-Zahnarzt-Palma-300x200.jpg 300w, https:\/\/dentalsonsardina.com\/de\/wp-content\/uploads\/2026\/01\/Diagnose-Zahnarzt-Palma-1024x683.jpg 1024w, https:\/\/dentalsonsardina.com\/de\/wp-content\/uploads\/2026\/01\/Diagnose-Zahnarzt-Palma-768x512.jpg 768w, https:\/\/dentalsonsardina.com\/de\/wp-content\/uploads\/2026\/01\/Diagnose-Zahnarzt-Palma-1536x1024.jpg 1536w\" data-sizes=\"(max-width: 1920px) 100vw, 1920px\" src=\"data:image\/svg+xml;base64,PHN2ZyB3aWR0aD0iMSIgaGVpZ2h0PSIxIiB4bWxucz0iaHR0cDovL3d3dy53My5vcmcvMjAwMC9zdmciPjwvc3ZnPg==\" style=\"--smush-placeholder-width: 1920px; --smush-placeholder-aspect-ratio: 1920\/1280;\" \/>\t\t\t\t\t\t\t\t\t\t\t\t\t\t\t<\/div>\n\t\t\t\t<\/div>\n\t\t\t\t\t<\/div>\n\t\t<\/div>\n\t\t\t\t\t<\/div>\n\t\t<\/section>\n\t\t\t\t<section class=\"elementor-section elementor-top-section elementor-element elementor-element-044485f elementor-section-content-middle elementor-section-boxed elementor-section-height-default elementor-section-height-default\" data-id=\"044485f\" data-element_type=\"section\" data-e-type=\"section\">\n\t\t\t\t\t\t<div class=\"elementor-container elementor-column-gap-no\">\n\t\t\t\t\t<div class=\"elementor-column elementor-col-100 elementor-top-column elementor-element elementor-element-0d1020a elementor-invisible\" data-id=\"0d1020a\" data-element_type=\"column\" data-e-type=\"column\" data-settings=\"{&quot;animation&quot;:&quot;slideInLeft&quot;}\">\n\t\t\t<div class=\"elementor-widget-wrap elementor-element-populated\">\n\t\t\t\t\t\t<div class=\"elementor-element elementor-element-628bfed elementor-widget elementor-widget-heading\" data-id=\"628bfed\" data-element_type=\"widget\" data-e-type=\"widget\" data-widget_type=\"heading.default\">\n\t\t\t\t<div class=\"elementor-widget-container\">\n\t\t\t\t\t<h2 class=\"elementor-heading-title elementor-size-default\">H\u00e4ufige Anliegen deutschsprachiger Patienten auf Mallorca<\/h2>\t\t\t\t<\/div>\n\t\t\t\t<\/div>\n\t\t\t\t<div class=\"elementor-element elementor-element-432db85 elementor-widget elementor-widget-text-editor\" data-id=\"432db85\" data-element_type=\"widget\" data-e-type=\"widget\" data-widget_type=\"text-editor.default\">\n\t\t\t\t<div class=\"elementor-widget-container\">\n\t\t\t\t\t\t\t\t\t<p>Viele deutschsprachige Patienten suchen nicht nur nach einem Zahnarzt auf Mallorca, sondern nach einer Praxis, in der sie ihr Problem ohne Sprachbarriere erkl\u00e4ren k\u00f6nnen.<\/p><ul><li data-start=\"7047\" data-end=\"7094\"><p data-start=\"7049\" data-end=\"7094\"><strong data-start=\"7049\" data-end=\"7072\">Akute Zahnschmerzen<\/strong> (nachts\/wochenende)<\/p><\/li><li data-start=\"7095\" data-end=\"7130\"><p data-start=\"7097\" data-end=\"7130\"><strong data-start=\"7097\" data-end=\"7128\">F\u00fcllung raus \/ Krone locker<\/strong><\/p><\/li><li data-start=\"7131\" data-end=\"7192\"><p data-start=\"7133\" data-end=\"7192\"><strong data-start=\"7133\" data-end=\"7154\">Druck beim Bei\u00dfen<\/strong> oder pl\u00f6tzlich neue Empfindlichkeit<\/p><\/li><li data-start=\"7193\" data-end=\"7238\"><p data-start=\"7195\" data-end=\"7238\"><strong data-start=\"7195\" data-end=\"7209\">Schwellung<\/strong> am Zahnfleisch oder Kiefer<\/p><\/li><li data-start=\"7239\" data-end=\"7312\"><p data-start=\"7241\" data-end=\"7312\"><strong data-start=\"7241\" data-end=\"7269\">Probleme nach Behandlung<\/strong> (z. B. Reizung, Nachblutung, Unsicherheit)<\/p><\/li><\/ul>\t\t\t\t\t\t\t\t<\/div>\n\t\t\t\t<\/div>\n\t\t\t\t\t<\/div>\n\t\t<\/div>\n\t\t\t\t\t<\/div>\n\t\t<\/section>\n\t\t\t\t<section class=\"elementor-section elementor-top-section elementor-element elementor-element-e9e0aa9 elementor-section-content-middle elementor-section-boxed elementor-section-height-default elementor-section-height-default\" data-id=\"e9e0aa9\" data-element_type=\"section\" data-e-type=\"section\">\n\t\t\t\t\t\t<div class=\"elementor-container elementor-column-gap-no\">\n\t\t\t\t\t<div class=\"elementor-column elementor-col-100 elementor-top-column elementor-element elementor-element-a878aec elementor-invisible\" data-id=\"a878aec\" data-element_type=\"column\" data-e-type=\"column\" data-settings=\"{&quot;animation&quot;:&quot;slideInLeft&quot;}\">\n\t\t\t<div class=\"elementor-widget-wrap elementor-element-populated\">\n\t\t\t\t\t\t<div class=\"elementor-element elementor-element-bc9e83f elementor-widget elementor-widget-heading\" data-id=\"bc9e83f\" data-element_type=\"widget\" data-e-type=\"widget\" data-widget_type=\"heading.default\">\n\t\t\t\t<div class=\"elementor-widget-container\">\n\t\t\t\t\t<h2 class=\"elementor-heading-title elementor-size-default\">Was du beim Erstkontakt direkt sagen solltest (damit es schneller geht)<\/h2>\t\t\t\t<\/div>\n\t\t\t\t<\/div>\n\t\t\t\t<div class=\"elementor-element elementor-element-2543786 elementor-widget elementor-widget-text-editor\" data-id=\"2543786\" data-element_type=\"widget\" data-e-type=\"widget\" data-widget_type=\"text-editor.default\">\n\t\t\t\t<div class=\"elementor-widget-container\">\n\t\t\t\t\t\t\t\t\t<p data-start=\"7400\" data-end=\"7451\">Kopiere dir das als Mini-Skript (Telefon\/WhatsApp):<\/p><ul data-start=\"7452\" data-end=\"7799\"><li data-start=\"7452\" data-end=\"7523\"><p data-start=\"7454\" data-end=\"7523\">\u201eIch habe <strong data-start=\"7464\" data-end=\"7490\">seit [X] Stunden\/Tagen<\/strong> Schmerzen, St\u00e4rke <strong data-start=\"7509\" data-end=\"7519\">[1\u201310]<\/strong>.\u201c<\/p><\/li><li data-start=\"7524\" data-end=\"7604\"><p data-start=\"7526\" data-end=\"7604\">\u201eEs gibt <strong data-start=\"7535\" data-end=\"7572\">[keine\/leichte\/starke] Schwellung<\/strong> und <strong data-start=\"7577\" data-end=\"7600\">[kein\/etwas] Fieber<\/strong>.\u201c<\/p><\/li><li data-start=\"7605\" data-end=\"7668\"><p data-start=\"7607\" data-end=\"7668\">\u201eDer Schmerz ist <strong data-start=\"7624\" data-end=\"7664\">[pulsierend\/stechend\/nur beim Kauen]<\/strong>.\u201c<\/p><\/li><li data-start=\"7669\" data-end=\"7745\"><p data-start=\"7671\" data-end=\"7745\">\u201eIch bin <strong data-start=\"7680\" data-end=\"7691\">Tourist<\/strong> und fliege am <strong data-start=\"7706\" data-end=\"7717\">[Datum]<\/strong> zur\u00fcck.\u201c (falls zutrifft)<\/p><\/li><li data-start=\"7746\" data-end=\"7799\"><p data-start=\"7748\" data-end=\"7799\">\u201eIch nehme Medikamente: <strong data-start=\"7772\" data-end=\"7782\">[&#8230; ]<\/strong>\u201c (wenn relevant)<\/p><\/li><\/ul><p data-start=\"7801\" data-end=\"7853\">Damit kann die Praxis dich viel besser priorisieren.<\/p>\t\t\t\t\t\t\t\t<\/div>\n\t\t\t\t<\/div>\n\t\t\t\t\t<\/div>\n\t\t<\/div>\n\t\t\t\t\t<\/div>\n\t\t<\/section>\n\t\t\t\t<section class=\"elementor-section elementor-top-section elementor-element elementor-element-8408204 elementor-section-content-middle elementor-section-boxed elementor-section-height-default elementor-section-height-default\" data-id=\"8408204\" data-element_type=\"section\" data-e-type=\"section\" data-settings=\"{&quot;background_background&quot;:&quot;classic&quot;}\">\n\t\t\t\t\t\t<div class=\"elementor-container elementor-column-gap-no\">\n\t\t\t\t\t<div class=\"elementor-column elementor-col-100 elementor-top-column elementor-element elementor-element-021c840\" data-id=\"021c840\" data-element_type=\"column\" data-e-type=\"column\">\n\t\t\t<div class=\"elementor-widget-wrap elementor-element-populated\">\n\t\t\t\t\t\t<div class=\"elementor-element elementor-element-a631834 elementor-widget__width-initial elementor-widget elementor-widget-heading\" data-id=\"a631834\" data-element_type=\"widget\" data-e-type=\"widget\" data-widget_type=\"heading.default\">\n\t\t\t\t<div class=\"elementor-widget-container\">\n\t\t\t\t\t<h2 class=\"elementor-heading-title elementor-size-default\">FAQ (kurz &amp; hilfreich)<\/h2>\t\t\t\t<\/div>\n\t\t\t\t<\/div>\n\t\t\t\t<div class=\"elementor-element elementor-element-afc2f41 elementor-widget__width-initial elementor-widget elementor-widget-toggle\" data-id=\"afc2f41\" data-element_type=\"widget\" data-e-type=\"widget\" data-widget_type=\"toggle.default\">\n\t\t\t\t<div class=\"elementor-widget-container\">\n\t\t\t\t\t\t\t<div class=\"elementor-toggle\">\n\t\t\t\t\t\t\t<div class=\"elementor-toggle-item\">\n\t\t\t\t\t<h3 id=\"elementor-tab-title-1841\" class=\"elementor-tab-title\" data-tab=\"1\" role=\"button\" aria-controls=\"elementor-tab-content-1841\" aria-expanded=\"false\">\n\t\t\t\t\t\t\t\t\t\t\t\t<span class=\"elementor-toggle-icon elementor-toggle-icon-right\" aria-hidden=\"true\">\n\t\t\t\t\t\t\t\t\t\t\t\t\t\t\t<span class=\"elementor-toggle-icon-closed\"><i class=\"fas fa-caret-right\"><\/i><\/span>\n\t\t\t\t\t\t\t\t<span class=\"elementor-toggle-icon-opened\"><i class=\"elementor-toggle-icon-opened fas fa-caret-up\"><\/i><\/span>\n\t\t\t\t\t\t\t\t\t\t\t\t\t<\/span>\n\t\t\t\t\t\t\t\t\t\t\t\t<a class=\"elementor-toggle-title\" tabindex=\"0\">Gibt es auf Mallorca wirklich deutschsprachige Zahn\u00e4rzte?<\/a>\n\t\t\t\t\t<\/h3>\n\n\t\t\t\t\t<div id=\"elementor-tab-content-1841\" class=\"elementor-tab-content elementor-clearfix\" data-tab=\"1\" role=\"region\" aria-labelledby=\"elementor-tab-title-1841\"><p>Ja. F\u00fcr viele Patienten ist eine deutschsprachige Betreuung auf Mallorca ein wichtiger Vorteil, weil Beschwerden, Befunde und Behandlungsschritte klarer verstanden werden. In unserer Praxis in Palma begleiten wir deutschsprachige Patienten verst\u00e4ndlich und pers\u00f6nlich \u2013 vom ersten Kontakt bis zur weiteren Planung.<\/p><\/div>\n\t\t\t\t<\/div>\n\t\t\t\t\t\t\t<div class=\"elementor-toggle-item\">\n\t\t\t\t\t<h3 id=\"elementor-tab-title-1842\" class=\"elementor-tab-title\" data-tab=\"2\" role=\"button\" aria-controls=\"elementor-tab-content-1842\" aria-expanded=\"false\">\n\t\t\t\t\t\t\t\t\t\t\t\t<span class=\"elementor-toggle-icon elementor-toggle-icon-right\" aria-hidden=\"true\">\n\t\t\t\t\t\t\t\t\t\t\t\t\t\t\t<span class=\"elementor-toggle-icon-closed\"><i class=\"fas fa-caret-right\"><\/i><\/span>\n\t\t\t\t\t\t\t\t<span class=\"elementor-toggle-icon-opened\"><i class=\"elementor-toggle-icon-opened fas fa-caret-up\"><\/i><\/span>\n\t\t\t\t\t\t\t\t\t\t\t\t\t<\/span>\n\t\t\t\t\t\t\t\t\t\t\t\t<a class=\"elementor-toggle-title\" tabindex=\"0\">Warum ist Palma besonders praktisch?<\/a>\n\t\t\t\t\t<\/h3>\n\n\t\t\t\t\t<div id=\"elementor-tab-content-1842\" class=\"elementor-tab-content elementor-clearfix\" data-tab=\"2\" role=\"region\" aria-labelledby=\"elementor-tab-title-1842\"><p>Zentrale Lage, gute Erreichbarkeit, viele Services auf engem Raum.<\/p><\/div>\n\t\t\t\t<\/div>\n\t\t\t\t\t\t\t<div class=\"elementor-toggle-item\">\n\t\t\t\t\t<h3 id=\"elementor-tab-title-1843\" class=\"elementor-tab-title\" data-tab=\"3\" role=\"button\" aria-controls=\"elementor-tab-content-1843\" aria-expanded=\"false\">\n\t\t\t\t\t\t\t\t\t\t\t\t<span class=\"elementor-toggle-icon elementor-toggle-icon-right\" aria-hidden=\"true\">\n\t\t\t\t\t\t\t\t\t\t\t\t\t\t\t<span class=\"elementor-toggle-icon-closed\"><i class=\"fas fa-caret-right\"><\/i><\/span>\n\t\t\t\t\t\t\t\t<span class=\"elementor-toggle-icon-opened\"><i class=\"elementor-toggle-icon-opened fas fa-caret-up\"><\/i><\/span>\n\t\t\t\t\t\t\t\t\t\t\t\t\t<\/span>\n\t\t\t\t\t\t\t\t\t\t\t\t<a class=\"elementor-toggle-title\" tabindex=\"0\">Wie schnell bekomme ich einen Termin?<\/a>\n\t\t\t\t\t<\/h3>\n\n\t\t\t\t\t<div id=\"elementor-tab-content-1843\" class=\"elementor-tab-content elementor-clearfix\" data-tab=\"3\" role=\"region\" aria-labelledby=\"elementor-tab-title-1843\"><p>Das h\u00e4ngt von der Art der Beschwerden und der aktuellen Auslastung ab. Bei akuten Problemen ist es wichtig, die Symptome direkt beim Erstkontakt klar zu beschreiben, damit die Praxis den Fall richtig einordnen und die schnellste sinnvolle L\u00f6sung anbieten kann.<\/p><\/div>\n\t\t\t\t<\/div>\n\t\t\t\t\t\t\t\t<\/div>\n\t\t\t\t\t\t<\/div>\n\t\t\t\t<\/div>\n\t\t\t\t\t<\/div>\n\t\t<\/div>\n\t\t\t\t\t<\/div>\n\t\t<\/section>\n\t\t\t\t<section class=\"elementor-section elementor-top-section elementor-element elementor-element-e371c71 elementor-section-content-middle elementor-section-boxed elementor-section-height-default elementor-section-height-default\" data-id=\"e371c71\" data-element_type=\"section\" data-e-type=\"section\" data-settings=\"{&quot;background_background&quot;:&quot;classic&quot;}\">\n\t\t\t\t\t\t<div class=\"elementor-container elementor-column-gap-no\">\n\t\t\t\t\t<div class=\"elementor-column elementor-col-100 elementor-top-column elementor-element elementor-element-b11273e elementor-invisible\" data-id=\"b11273e\" data-element_type=\"column\" data-e-type=\"column\" data-settings=\"{&quot;animation&quot;:&quot;slideInLeft&quot;}\">\n\t\t\t<div class=\"elementor-widget-wrap elementor-element-populated\">\n\t\t\t\t\t\t<div class=\"elementor-element elementor-element-e33e033 elementor-widget__width-initial elementor-widget elementor-widget-heading\" data-id=\"e33e033\" data-element_type=\"widget\" data-e-type=\"widget\" data-widget_type=\"heading.default\">\n\t\t\t\t<div class=\"elementor-widget-container\">\n\t\t\t\t\t<h2 class=\"elementor-heading-title elementor-size-default\">Fazit<\/h2>\t\t\t\t<\/div>\n\t\t\t\t<\/div>\n\t\t\t\t<div class=\"elementor-element elementor-element-1e529dd elementor-widget elementor-widget-text-editor\" data-id=\"1e529dd\" data-element_type=\"widget\" data-e-type=\"widget\" data-widget_type=\"text-editor.default\">\n\t\t\t\t<div class=\"elementor-widget-container\">\n\t\t\t\t\t\t\t\t\t<p data-start=\"9500\" data-end=\"9897\">Ein deutscher Zahnarzt auf Mallorca bedeutet vor allem eines: Sicherheit durch klare Kommunikation. Wenn du in Palma eine deutschsprachige Zahnarztpraxis suchst, solltest du auf Erreichbarkeit, verst\u00e4ndliche Betreuung und einen strukturierten Ablauf achten. Wenn du Beschwerden hast oder einen Termin planen m\u00f6chtest, findest du hier alle Informationen f\u00fcr <strong><a href=\"https:\/\/dentalsonsardina.com\/de\/kontakt\/\">Kontakt und Terminvereinbarung.<\/a><\/strong><\/p>\t\t\t\t\t\t\t\t<\/div>\n\t\t\t\t<\/div>\n\t\t\t\t\t<\/div>\n\t\t<\/div>\n\t\t\t\t\t<\/div>\n\t\t<\/section>\n\t\t\t\t<section class=\"elementor-section elementor-top-section elementor-element elementor-element-680fbca elementor-section-content-middle elementor-reverse-mobile elementor-section-full_width elementor-section-height-default elementor-section-height-default\" data-id=\"680fbca\" data-element_type=\"section\" data-e-type=\"section\">\n\t\t\t\t\t\t\t<div class=\"elementor-background-overlay\"><\/div>\n\t\t\t\t\t\t\t<div class=\"elementor-container elementor-column-gap-no\">\n\t\t\t\t\t<div class=\"elementor-column elementor-col-50 elementor-top-column elementor-element elementor-element-2715050\" data-id=\"2715050\" data-element_type=\"column\" data-e-type=\"column\">\n\t\t\t<div class=\"elementor-widget-wrap elementor-element-populated\">\n\t\t\t\t\t\t<div class=\"elementor-element elementor-element-c18f9d1 elementor-widget elementor-widget-google_maps\" data-id=\"c18f9d1\" data-element_type=\"widget\" data-e-type=\"widget\" data-widget_type=\"google_maps.default\">\n\t\t\t\t<div class=\"elementor-widget-container\">\n\t\t\t\t\t\t\t<div class=\"elementor-custom-embed\">\n\t\t\t<iframe\n\t\t\t\t\tdata-src=\"https:\/\/maps.google.com\/maps?q=Cl%C3%ADnica%20Dental%20Son%20Sardina%2C%20Cam%C3%AD%20de%20Passatemps%2C%20123%2C%20Bajo%2C%2007120%20Son%20Sardina%2C%20Illes%20Balears&#038;t=m&#038;z=18&#038;output=embed&#038;iwloc=near\"\n\t\t\t\t\ttitle=\"Cl\u00ednica Dental Son Sardina, Cam\u00ed de Passatemps, 123, Bajo, 07120 Son Sardina, Illes Balears\"\n\t\t\t\t\taria-label=\"Cl\u00ednica Dental Son Sardina, Cam\u00ed de Passatemps, 123, Bajo, 07120 Son Sardina, Illes Balears\"\n\t\t\t src=\"data:image\/svg+xml;base64,PHN2ZyB3aWR0aD0iMSIgaGVpZ2h0PSIxIiB4bWxucz0iaHR0cDovL3d3dy53My5vcmcvMjAwMC9zdmciPjwvc3ZnPg==\" class=\"lazyload\" data-load-mode=\"1\"><\/iframe>\n\t\t<\/div>\n\t\t\t\t\t\t<\/div>\n\t\t\t\t<\/div>\n\t\t\t\t\t<\/div>\n\t\t<\/div>\n\t\t\t\t<div class=\"elementor-column elementor-col-50 elementor-top-column elementor-element elementor-element-fd38ee3\" data-id=\"fd38ee3\" data-element_type=\"column\" data-e-type=\"column\">\n\t\t\t<div class=\"elementor-widget-wrap elementor-element-populated\">\n\t\t\t\t\t\t<div class=\"elementor-element elementor-element-9f6fe54 elementor-widget__width-initial elementor-widget elementor-widget-heading\" data-id=\"9f6fe54\" data-element_type=\"widget\" data-e-type=\"widget\" data-widget_type=\"heading.default\">\n\t\t\t\t<div class=\"elementor-widget-container\">\n\t\t\t\t\t<h2 class=\"elementor-heading-title elementor-size-default\">Standort | Zahnklinik Son Sardina<\/h2>\t\t\t\t<\/div>\n\t\t\t\t<\/div>\n\t\t\t\t<section class=\"elementor-section elementor-inner-section elementor-element elementor-element-328114a elementor-section-boxed elementor-section-height-default elementor-section-height-default\" data-id=\"328114a\" data-element_type=\"section\" data-e-type=\"section\">\n\t\t\t\t\t\t<div class=\"elementor-container elementor-column-gap-default\">\n\t\t\t\t\t<div class=\"elementor-column elementor-col-100 elementor-inner-column elementor-element elementor-element-becfe42\" data-id=\"becfe42\" data-element_type=\"column\" data-e-type=\"column\">\n\t\t\t<div class=\"elementor-widget-wrap elementor-element-populated\">\n\t\t\t\t\t\t<div class=\"elementor-element elementor-element-9a3cc42 elementor-widget__width-initial elementor-widget elementor-widget-heading\" data-id=\"9a3cc42\" data-element_type=\"widget\" data-e-type=\"widget\" data-widget_type=\"heading.default\">\n\t\t\t\t<div class=\"elementor-widget-container\">\n\t\t\t\t\t<h3 class=\"elementor-heading-title elementor-size-default\">Wie k\u00f6nnen Sie uns kontaktieren?<\/h3>\t\t\t\t<\/div>\n\t\t\t\t<\/div>\n\t\t\t\t<div class=\"elementor-element elementor-element-36cd0e2 elementor-position-left elementor-vertical-align-top elementor-widget elementor-widget-image-box\" data-id=\"36cd0e2\" data-element_type=\"widget\" data-e-type=\"widget\" data-widget_type=\"image-box.default\">\n\t\t\t\t<div class=\"elementor-widget-container\">\n\t\t\t\t\t<div class=\"elementor-image-box-wrapper\"><figure class=\"elementor-image-box-img\"><img decoding=\"async\" width=\"30\" height=\"40\" data-src=\"https:\/\/dentalsonsardina.com\/de\/wp-content\/uploads\/2023\/09\/localizacion.png\" class=\"elementor-animation-grow attachment-thumbnail size-thumbnail wp-image-317 lazyload\" alt=\"\" src=\"data:image\/svg+xml;base64,PHN2ZyB3aWR0aD0iMSIgaGVpZ2h0PSIxIiB4bWxucz0iaHR0cDovL3d3dy53My5vcmcvMjAwMC9zdmciPjwvc3ZnPg==\" style=\"--smush-placeholder-width: 30px; --smush-placeholder-aspect-ratio: 30\/40;\" \/><\/figure><div class=\"elementor-image-box-content\"><h4 class=\"elementor-image-box-title\">Standort<\/h4><p class=\"elementor-image-box-description\">Cam\u00ed de Passatemps, 123, Bajo, 07120 Son Sardina, Illes Balears<\/p><\/div><\/div>\t\t\t\t<\/div>\n\t\t\t\t<\/div>\n\t\t\t\t<div class=\"elementor-element elementor-element-a5efec1 elementor-align-right elementor-mobile-align-center elementor-widget__width-initial elementor-widget elementor-widget-button\" data-id=\"a5efec1\" data-element_type=\"widget\" data-e-type=\"widget\" data-widget_type=\"button.default\">\n\t\t\t\t<div class=\"elementor-widget-container\">\n\t\t\t\t\t\t\t\t\t<div class=\"elementor-button-wrapper\">\n\t\t\t\t\t<a class=\"elementor-button elementor-button-link elementor-size-sm elementor-animation-grow\" href=\"https:\/\/maps.google.com\/maps\/dir\/\/Dentistas+en+Mallorca+Dental+Clinic+Son+Sardina+-+Urgencias+365+d%C3%ADas+Cam%C3%AD+de+Passatemps,+123,+Bajo+07120+Son+Sardina+Balearic+Islands\/@39.6230085,2.6544889,18z\/data=!4m5!4m4!1m0!1m2!1m1!1s0x1297ed2b6bdbc809:0x5308779a749f0c39\">\n\t\t\t\t\t\t<span class=\"elementor-button-content-wrapper\">\n\t\t\t\t\t\t<span class=\"elementor-button-icon\">\n\t\t\t\t<i aria-hidden=\"true\" class=\"fas fa-directions\"><\/i>\t\t\t<\/span>\n\t\t\t\t\t\t\t\t\t<span class=\"elementor-button-text\">Mit Google gehen<\/span>\n\t\t\t\t\t<\/span>\n\t\t\t\t\t<\/a>\n\t\t\t\t<\/div>\n\t\t\t\t\t\t\t\t<\/div>\n\t\t\t\t<\/div>\n\t\t\t\t\t<\/div>\n\t\t<\/div>\n\t\t\t\t\t<\/div>\n\t\t<\/section>\n\t\t\t\t<div class=\"elementor-element elementor-element-57e8398 elementor-widget-divider--view-line elementor-widget elementor-widget-divider\" data-id=\"57e8398\" data-element_type=\"widget\" data-e-type=\"widget\" data-widget_type=\"divider.default\">\n\t\t\t\t<div class=\"elementor-widget-container\">\n\t\t\t\t\t\t\t<div class=\"elementor-divider\">\n\t\t\t<span class=\"elementor-divider-separator\">\n\t\t\t\t\t\t<\/span>\n\t\t<\/div>\n\t\t\t\t\t\t<\/div>\n\t\t\t\t<\/div>\n\t\t\t\t<section class=\"elementor-section elementor-inner-section elementor-element elementor-element-a8fceab elementor-section-boxed elementor-section-height-default elementor-section-height-default\" data-id=\"a8fceab\" data-element_type=\"section\" data-e-type=\"section\">\n\t\t\t\t\t\t<div class=\"elementor-container elementor-column-gap-default\">\n\t\t\t\t\t<div class=\"elementor-column elementor-col-100 elementor-inner-column elementor-element elementor-element-84d142f\" data-id=\"84d142f\" data-element_type=\"column\" data-e-type=\"column\">\n\t\t\t<div class=\"elementor-widget-wrap elementor-element-populated\">\n\t\t\t\t\t\t<div class=\"elementor-element elementor-element-a5ec4ad elementor-position-left elementor-vertical-align-top elementor-widget elementor-widget-image-box\" data-id=\"a5ec4ad\" data-element_type=\"widget\" data-e-type=\"widget\" data-widget_type=\"image-box.default\">\n\t\t\t\t<div class=\"elementor-widget-container\">\n\t\t\t\t\t<div class=\"elementor-image-box-wrapper\"><figure class=\"elementor-image-box-img\"><img decoding=\"async\" width=\"59\" height=\"62\" data-src=\"https:\/\/dentalsonsardina.com\/de\/wp-content\/uploads\/2023\/09\/llamadas.png\" class=\"elementor-animation-grow attachment-thumbnail size-thumbnail wp-image-319 lazyload\" alt=\"\" src=\"data:image\/svg+xml;base64,PHN2ZyB3aWR0aD0iMSIgaGVpZ2h0PSIxIiB4bWxucz0iaHR0cDovL3d3dy53My5vcmcvMjAwMC9zdmciPjwvc3ZnPg==\" style=\"--smush-placeholder-width: 59px; --smush-placeholder-aspect-ratio: 59\/62;\" \/><\/figure><div class=\"elementor-image-box-content\"><h4 class=\"elementor-image-box-title\">Kontakt<\/h4><p class=\"elementor-image-box-description\"><b>Unsere Festnetznummer ist:<\/b> +34 971 43 86 73<br>\n<b>F\u00fcr Notf\u00e4lle:<\/b> +34 679 09 14 76<br>\n<b>Per WhatsApp:<\/b> +34 679 09 14 76 oder klicken Sie auf die Schaltfl\u00e4che auf der Website\n\n<\/p><\/div><\/div>\t\t\t\t<\/div>\n\t\t\t\t<\/div>\n\t\t\t\t<div class=\"elementor-element elementor-element-d23a6e0 elementor-align-right elementor-mobile-align-center elementor-widget__width-initial elementor-widget elementor-widget-button\" data-id=\"d23a6e0\" data-element_type=\"widget\" data-e-type=\"widget\" data-widget_type=\"button.default\">\n\t\t\t\t<div class=\"elementor-widget-container\">\n\t\t\t\t\t\t\t\t\t<div class=\"elementor-button-wrapper\">\n\t\t\t\t\t<a class=\"elementor-button elementor-button-link elementor-size-sm elementor-animation-grow\" href=\"https:\/\/web.whatsapp.com\/send?phone=34679091476&#038;text=Hola%20necesito%20informaci%C3%B3n%20sobre%20la%20Cl%C3%ADnica%20Son%20Sardina\">\n\t\t\t\t\t\t<span class=\"elementor-button-content-wrapper\">\n\t\t\t\t\t\t<span class=\"elementor-button-icon\">\n\t\t\t\t<i aria-hidden=\"true\" class=\"fab fa-whatsapp\"><\/i>\t\t\t<\/span>\n\t\t\t\t\t\t\t\t\t<span class=\"elementor-button-text\">Whats App<\/span>\n\t\t\t\t\t<\/span>\n\t\t\t\t\t<\/a>\n\t\t\t\t<\/div>\n\t\t\t\t\t\t\t\t<\/div>\n\t\t\t\t<\/div>\n\t\t\t\t\t<\/div>\n\t\t<\/div>\n\t\t\t\t\t<\/div>\n\t\t<\/section>\n\t\t\t\t\t<\/div>\n\t\t<\/div>\n\t\t\t\t\t<\/div>\n\t\t<\/section>\n\t\t\t\t<section class=\"elementor-section elementor-top-section elementor-element elementor-element-1eabe15 elementor-section-content-middle elementor-reverse-mobile elementor-section-boxed elementor-section-height-default elementor-section-height-default\" data-id=\"1eabe15\" data-element_type=\"section\" data-e-type=\"section\">\n\t\t\t\t\t\t<div class=\"elementor-container elementor-column-gap-no\">\n\t\t\t\t\t<div class=\"elementor-column elementor-col-100 elementor-top-column elementor-element elementor-element-999c97e\" data-id=\"999c97e\" data-element_type=\"column\" data-e-type=\"column\">\n\t\t\t<div class=\"elementor-widget-wrap elementor-element-populated\">\n\t\t\t\t\t\t<div class=\"elementor-element elementor-element-94aa1a2 elementor-widget__width-initial elementor-widget elementor-widget-heading\" data-id=\"94aa1a2\" data-element_type=\"widget\" data-e-type=\"widget\" data-widget_type=\"heading.default\">\n\t\t\t\t<div class=\"elementor-widget-container\">\n\t\t\t\t\t<h2 class=\"elementor-heading-title elementor-size-default\">Datenschutz-Zusammenfassung | Zahnklinik Son Sardina<\/h2>\t\t\t\t<\/div>\n\t\t\t\t<\/div>\n\t\t\t\t<div class=\"elementor-element elementor-element-52f978b elementor-widget elementor-widget-text-editor\" data-id=\"52f978b\" data-element_type=\"widget\" data-e-type=\"widget\" data-widget_type=\"text-editor.default\">\n\t\t\t\t<div class=\"elementor-widget-container\">\n\t\t\t\t\t\t\t\t\t<table><tbody><tr><td><strong>GRUNDLEGENDEN INFORMATIONEN ZUM DATENSCHUTZ<\/strong><\/td><\/tr><tr><td><strong>Verantwortlich f\u00fcr die Datenverarbeitung<\/strong><\/td><td>SVETLANA FOTINA<\/td><\/tr><tr><td><strong>Adresse des Verantwortlichen<\/strong><\/td><td>C\/. Passatemps,123 Bj., CP 07120, Son Sardina (Balears (Illes))<\/td><\/tr><tr><td><strong>Zweck<\/strong><\/td><td>Ihre Daten werden verwendet, um Ihre Anfragen zu bearbeiten und Ihnen unsere Dienstleistungen anzubieten.<\/td><\/tr><tr><td><strong>Werbung<\/strong><\/td><td>Wir senden Ihnen nur Werbung nach Ihrer vorherigen Zustimmung, die Sie uns durch das entsprechende daf\u00fcr vorgesehene Feld zur Verf\u00fcgung stellen k\u00f6nnen.<\/td><\/tr><tr><td><strong>Rechtm\u00e4\u00dfigkeit<\/strong><\/td><td>Wir werden Ihre Daten nur mit Ihrer vorherigen Einwilligung verarbeiten, die Sie uns durch das entsprechende daf\u00fcr vorgesehene Feld zur Verf\u00fcgung stellen k\u00f6nnen.<\/td><\/tr><tr><td><strong>Empf\u00e4nger<\/strong><\/td><td>Im Allgemeinen darf nur das Personal unserer Organisation, das ordnungsgem\u00e4\u00df autorisiert ist, Kenntnis von den Informationen haben, die wir von Ihnen anfordern.<\/td><\/tr><tr><td><strong>Rechte<\/strong><\/td><td>Sie haben das Recht zu wissen, welche Informationen wir \u00fcber Sie haben, sie zu korrigieren und zu l\u00f6schen, wie in den zus\u00e4tzlichen Informationen auf unserer Webseite erl\u00e4utert.<\/td><\/tr><tr><td><strong>Zus\u00e4tzliche Informationen<\/strong><\/td><td>Mehr Informationen im Abschnitt <strong>&#8222;DATENSCHUTZRICHTLINIE&#8220;<\/strong> auf unserer Webseite.<\/td><\/tr><\/tbody><\/table>\t\t\t\t\t\t\t\t<\/div>\n\t\t\t\t<\/div>\n\t\t\t\t\t<\/div>\n\t\t<\/div>\n\t\t\t\t\t<\/div>\n\t\t<\/section>\n\t\t\t\t<\/div>\n\t\t","protected":false},"excerpt":{"rendered":"<p>Warum ein deutscher Zahnarzt auf Mallorca f\u00fcr viele Patienten wichtig ist Eine Behandlung ist nicht nur \u201eZahn auf \u2013 Zahn zu\u201c. Es geht um: Symptome richtig beschreiben (z. B. pochend, stechend, nur beim Kauen) Vorgeschichte erkl\u00e4ren (alte F\u00fcllung, Krone, Wurzelbehandlung, Unfall) Risiken\/Allergien nennen (Medikamente, Blutverd\u00fcnner, Unvertr\u00e4glichkeiten) Behandlungsoptionen verstehen (Was ist sofort n\u00f6tig? Was kann warten?) [&hellip;]<\/p>\n","protected":false},"author":1,"featured_media":2353,"comment_status":"closed","ping_status":"closed","sticky":false,"template":"","format":"standard","meta":{"site-sidebar-layout":"default","site-content-layout":"","ast-site-content-layout":"default","site-content-style":"default","site-sidebar-style":"default","ast-global-header-display":"","ast-banner-title-visibility":"","ast-main-header-display":"","ast-hfb-above-header-display":"","ast-hfb-below-header-display":"","ast-hfb-mobile-header-display":"","site-post-title":"disabled","ast-breadcrumbs-content":"","ast-featured-img":"","footer-sml-layout":"","ast-disable-related-posts":"","theme-transparent-header-meta":"","adv-header-id-meta":"","stick-header-meta":"","header-above-stick-meta":"","header-main-stick-meta":"","header-below-stick-meta":"","astra-migrate-meta-layouts":"","ast-page-background-enabled":"default","ast-page-background-meta":{"desktop":{"background-color":"var(--ast-global-color-4)","background-image":"","background-repeat":"repeat","background-position":"center center","background-size":"auto","background-attachment":"scroll","background-type":"","background-media":"","overlay-type":"","overlay-color":"","overlay-opacity":"","overlay-gradient":""},"tablet":{"background-color":"","background-image":"","background-repeat":"repeat","background-position":"center center","background-size":"auto","background-attachment":"scroll","background-type":"","background-media":"","overlay-type":"","overlay-color":"","overlay-opacity":"","overlay-gradient":""},"mobile":{"background-color":"","background-image":"","background-repeat":"repeat","background-position":"center center","background-size":"auto","background-attachment":"scroll","background-type":"","background-media":"","overlay-type":"","overlay-color":"","overlay-opacity":"","overlay-gradient":""}},"ast-content-background-meta":{"desktop":{"background-color":"var(--ast-global-color-5)","background-image":"","background-repeat":"repeat","background-position":"center center","background-size":"auto","background-attachment":"scroll","background-type":"","background-media":"","overlay-type":"","overlay-color":"","overlay-opacity":"","overlay-gradient":""},"tablet":{"background-color":"var(--ast-global-color-5)","background-image":"","background-repeat":"repeat","background-position":"center center","background-size":"auto","background-attachment":"scroll","background-type":"","background-media":"","overlay-type":"","overlay-color":"","overlay-opacity":"","overlay-gradient":""},"mobile":{"background-color":"var(--ast-global-color-5)","background-image":"","background-repeat":"repeat","background-position":"center center","background-size":"auto","background-attachment":"scroll","background-type":"","background-media":"","overlay-type":"","overlay-color":"","overlay-opacity":"","overlay-gradient":""}},"_joinchat":[],"footnotes":""},"categories":[19],"tags":[23,22,20,14,21],"class_list":["post-2350","post","type-post","status-publish","format-standard","has-post-thumbnail","hentry","category-praxiswahl","tag-deutscher-zahnarzt-mallorca","tag-deutschsprachige-zahnarztpraxis","tag-mallorca-urlaub","tag-son-sardina","tag-zahnarzt-palma-deutsch"],"yoast_head":"<!-- This site is optimized with the Yoast SEO plugin v27.3 - https:\/\/yoast.com\/product\/yoast-seo-wordpress\/ -->\n<title>Deutscher Zahnarzt auf Mallorca | Son Sardina in Palma<\/title>\n<meta name=\"description\" content=\"Deutscher Zahnarzt auf Mallorca mit pers\u00f6nlicher Betreuung in Palma. Deutschsprachige Behandlung, schnelle Termine und Kontakt per Telefon oder WhatsApp.\" \/>\n<meta name=\"robots\" content=\"index, follow, max-snippet:-1, max-image-preview:large, max-video-preview:-1\" \/>\n<link rel=\"canonical\" href=\"https:\/\/dentalsonsardina.com\/de\/deutscher-zahnarzt-palma-de-mallorca\/\" \/>\n<meta property=\"og:locale\" content=\"de_DE\" \/>\n<meta property=\"og:type\" content=\"article\" \/>\n<meta property=\"og:title\" content=\"Deutscher Zahnarzt auf Mallorca | Son Sardina in Palma\" \/>\n<meta property=\"og:description\" content=\"Deutscher Zahnarzt auf Mallorca mit pers\u00f6nlicher Betreuung in Palma. Deutschsprachige Behandlung, schnelle Termine und Kontakt per Telefon oder WhatsApp.\" \/>\n<meta property=\"og:url\" content=\"https:\/\/dentalsonsardina.com\/de\/deutscher-zahnarzt-palma-de-mallorca\/\" \/>\n<meta property=\"og:site_name\" content=\"Zahnklinik Son Sardina | Deutscher Zahnarzt in Palma\" \/>\n<meta property=\"article:published_time\" content=\"2026-01-17T10:23:03+00:00\" \/>\n<meta property=\"article:modified_time\" content=\"2026-03-29T20:38:36+00:00\" \/>\n<meta property=\"og:image\" content=\"https:\/\/dentalsonsardina.com\/de\/wp-content\/uploads\/2026\/01\/deutscher-zahnarzt-palma-mallorca-min.jpg\" \/>\n\t<meta property=\"og:image:width\" content=\"640\" \/>\n\t<meta property=\"og:image:height\" content=\"427\" \/>\n\t<meta property=\"og:image:type\" content=\"image\/jpeg\" \/>\n<meta name=\"author\" content=\"Dental Son Sardina\" \/>\n<meta name=\"twitter:card\" content=\"summary_large_image\" \/>\n<meta name=\"twitter:label1\" content=\"Verfasst von\" \/>\n\t<meta name=\"twitter:data1\" content=\"Dental Son Sardina\" \/>\n\t<meta name=\"twitter:label2\" content=\"Gesch\u00e4tzte Lesezeit\" \/>\n\t<meta name=\"twitter:data2\" content=\"7\u00a0Minuten\" \/>\n<script type=\"application\/ld+json\" class=\"yoast-schema-graph\">{\"@context\":\"https:\\\/\\\/schema.org\",\"@graph\":[{\"@type\":\"Article\",\"@id\":\"https:\\\/\\\/dentalsonsardina.com\\\/de\\\/deutscher-zahnarzt-palma-de-mallorca\\\/#article\",\"isPartOf\":{\"@id\":\"https:\\\/\\\/dentalsonsardina.com\\\/de\\\/deutscher-zahnarzt-palma-de-mallorca\\\/\"},\"author\":{\"name\":\"Dental Son Sardina\",\"@id\":\"https:\\\/\\\/dentalsonsardina.com\\\/de\\\/#\\\/schema\\\/person\\\/f4e4f36a00a18b659ee607de4acdb519\"},\"headline\":\"Deutscher Zahnarzt auf Mallorca: deutschsprachige Behandlung in Palma\",\"datePublished\":\"2026-01-17T10:23:03+00:00\",\"dateModified\":\"2026-03-29T20:38:36+00:00\",\"mainEntityOfPage\":{\"@id\":\"https:\\\/\\\/dentalsonsardina.com\\\/de\\\/deutscher-zahnarzt-palma-de-mallorca\\\/\"},\"wordCount\":1050,\"publisher\":{\"@id\":\"https:\\\/\\\/dentalsonsardina.com\\\/de\\\/#organization\"},\"image\":{\"@id\":\"https:\\\/\\\/dentalsonsardina.com\\\/de\\\/deutscher-zahnarzt-palma-de-mallorca\\\/#primaryimage\"},\"thumbnailUrl\":\"https:\\\/\\\/dentalsonsardina.com\\\/de\\\/wp-content\\\/uploads\\\/2026\\\/01\\\/deutscher-zahnarzt-palma-mallorca-min.jpg\",\"keywords\":[\"deutscher Zahnarzt Mallorca\",\"deutschsprachige Zahnarztpraxis\",\"Mallorca Urlaub\",\"Son Sardina\",\"Zahnarzt Palma deutsch\"],\"articleSection\":[\"Praxiswahl\"],\"inLanguage\":\"de\"},{\"@type\":\"WebPage\",\"@id\":\"https:\\\/\\\/dentalsonsardina.com\\\/de\\\/deutscher-zahnarzt-palma-de-mallorca\\\/\",\"url\":\"https:\\\/\\\/dentalsonsardina.com\\\/de\\\/deutscher-zahnarzt-palma-de-mallorca\\\/\",\"name\":\"Deutscher Zahnarzt auf Mallorca | Son Sardina in Palma\",\"isPartOf\":{\"@id\":\"https:\\\/\\\/dentalsonsardina.com\\\/de\\\/#website\"},\"primaryImageOfPage\":{\"@id\":\"https:\\\/\\\/dentalsonsardina.com\\\/de\\\/deutscher-zahnarzt-palma-de-mallorca\\\/#primaryimage\"},\"image\":{\"@id\":\"https:\\\/\\\/dentalsonsardina.com\\\/de\\\/deutscher-zahnarzt-palma-de-mallorca\\\/#primaryimage\"},\"thumbnailUrl\":\"https:\\\/\\\/dentalsonsardina.com\\\/de\\\/wp-content\\\/uploads\\\/2026\\\/01\\\/deutscher-zahnarzt-palma-mallorca-min.jpg\",\"datePublished\":\"2026-01-17T10:23:03+00:00\",\"dateModified\":\"2026-03-29T20:38:36+00:00\",\"description\":\"Deutscher Zahnarzt auf Mallorca mit pers\u00f6nlicher Betreuung in Palma. Deutschsprachige Behandlung, schnelle Termine und Kontakt per Telefon oder WhatsApp.\",\"breadcrumb\":{\"@id\":\"https:\\\/\\\/dentalsonsardina.com\\\/de\\\/deutscher-zahnarzt-palma-de-mallorca\\\/#breadcrumb\"},\"inLanguage\":\"de\",\"potentialAction\":[{\"@type\":\"ReadAction\",\"target\":[\"https:\\\/\\\/dentalsonsardina.com\\\/de\\\/deutscher-zahnarzt-palma-de-mallorca\\\/\"]}]},{\"@type\":\"ImageObject\",\"inLanguage\":\"de\",\"@id\":\"https:\\\/\\\/dentalsonsardina.com\\\/de\\\/deutscher-zahnarzt-palma-de-mallorca\\\/#primaryimage\",\"url\":\"https:\\\/\\\/dentalsonsardina.com\\\/de\\\/wp-content\\\/uploads\\\/2026\\\/01\\\/deutscher-zahnarzt-palma-mallorca-min.jpg\",\"contentUrl\":\"https:\\\/\\\/dentalsonsardina.com\\\/de\\\/wp-content\\\/uploads\\\/2026\\\/01\\\/deutscher-zahnarzt-palma-mallorca-min.jpg\",\"width\":640,\"height\":427,\"caption\":\"Deutscher Zahnarzt in Palma de Mallorca \u2013 deutschsprachige Betreuung\"},{\"@type\":\"BreadcrumbList\",\"@id\":\"https:\\\/\\\/dentalsonsardina.com\\\/de\\\/deutscher-zahnarzt-palma-de-mallorca\\\/#breadcrumb\",\"itemListElement\":[{\"@type\":\"ListItem\",\"position\":1,\"name\":\"Portada\",\"item\":\"https:\\\/\\\/dentalsonsardina.com\\\/de\\\/\"},{\"@type\":\"ListItem\",\"position\":2,\"name\":\"Deutscher Zahnarzt auf Mallorca: deutschsprachige Behandlung in Palma\"}]},{\"@type\":\"WebSite\",\"@id\":\"https:\\\/\\\/dentalsonsardina.com\\\/de\\\/#website\",\"url\":\"https:\\\/\\\/dentalsonsardina.com\\\/de\\\/\",\"name\":\"Zahnklinik Son Sardina | Deutscher Zahnarzt in Palma\",\"description\":\"Deutscher Zahnarzt in Palma de Mallorca \u2013 alle zahn\u00e4rztlichen Leistungen. Schwerpunkt: Parodontologie, \u00e4sthetische Zahnheilkunde &amp; Notf\u00e4lle.\",\"publisher\":{\"@id\":\"https:\\\/\\\/dentalsonsardina.com\\\/de\\\/#organization\"},\"potentialAction\":[{\"@type\":\"SearchAction\",\"target\":{\"@type\":\"EntryPoint\",\"urlTemplate\":\"https:\\\/\\\/dentalsonsardina.com\\\/de\\\/?s={search_term_string}\"},\"query-input\":{\"@type\":\"PropertyValueSpecification\",\"valueRequired\":true,\"valueName\":\"search_term_string\"}}],\"inLanguage\":\"de\"},{\"@type\":\"Organization\",\"@id\":\"https:\\\/\\\/dentalsonsardina.com\\\/de\\\/#organization\",\"name\":\"Dental Klinik Son Sardina\",\"alternateName\":\"Dental Klinik Son Sardina Palma\",\"url\":\"https:\\\/\\\/dentalsonsardina.com\\\/de\\\/\",\"logo\":{\"@type\":\"ImageObject\",\"inLanguage\":\"de\",\"@id\":\"https:\\\/\\\/dentalsonsardina.com\\\/de\\\/#\\\/schema\\\/logo\\\/image\\\/\",\"url\":\"https:\\\/\\\/dentalsonsardina.com\\\/de\\\/wp-content\\\/uploads\\\/2023\\\/08\\\/cropped-logo-3.png\",\"contentUrl\":\"https:\\\/\\\/dentalsonsardina.com\\\/de\\\/wp-content\\\/uploads\\\/2023\\\/08\\\/cropped-logo-3.png\",\"width\":201,\"height\":67,\"caption\":\"Dental Klinik Son Sardina\"},\"image\":{\"@id\":\"https:\\\/\\\/dentalsonsardina.com\\\/de\\\/#\\\/schema\\\/logo\\\/image\\\/\"}},{\"@type\":\"Person\",\"@id\":\"https:\\\/\\\/dentalsonsardina.com\\\/de\\\/#\\\/schema\\\/person\\\/f4e4f36a00a18b659ee607de4acdb519\",\"name\":\"Dental Son Sardina\",\"image\":{\"@type\":\"ImageObject\",\"inLanguage\":\"de\",\"@id\":\"https:\\\/\\\/dentalsonsardina.com\\\/de\\\/wp-content\\\/litespeed\\\/avatar\\\/d0226953c89a25c5abce01bfa8c362eb.jpg?ver=1777288398\",\"url\":\"https:\\\/\\\/dentalsonsardina.com\\\/de\\\/wp-content\\\/litespeed\\\/avatar\\\/d0226953c89a25c5abce01bfa8c362eb.jpg?ver=1777288398\",\"contentUrl\":\"https:\\\/\\\/dentalsonsardina.com\\\/de\\\/wp-content\\\/litespeed\\\/avatar\\\/d0226953c89a25c5abce01bfa8c362eb.jpg?ver=1777288398\",\"caption\":\"Dental Son Sardina\"},\"sameAs\":[\"https:\\\/\\\/delorean360.com\\\/dentalsonsardina\"],\"url\":\"https:\\\/\\\/dentalsonsardina.com\\\/de\\\/author\\\/dental-son-sardina\\\/\"}]}<\/script>\n<!-- \/ Yoast SEO plugin. -->","yoast_head_json":{"title":"Deutscher Zahnarzt auf Mallorca | Son Sardina in Palma","description":"Deutscher Zahnarzt auf Mallorca mit pers\u00f6nlicher Betreuung in Palma. Deutschsprachige Behandlung, schnelle Termine und Kontakt per Telefon oder WhatsApp.","robots":{"index":"index","follow":"follow","max-snippet":"max-snippet:-1","max-image-preview":"max-image-preview:large","max-video-preview":"max-video-preview:-1"},"canonical":"https:\/\/dentalsonsardina.com\/de\/deutscher-zahnarzt-palma-de-mallorca\/","og_locale":"de_DE","og_type":"article","og_title":"Deutscher Zahnarzt auf Mallorca | Son Sardina in Palma","og_description":"Deutscher Zahnarzt auf Mallorca mit pers\u00f6nlicher Betreuung in Palma. Deutschsprachige Behandlung, schnelle Termine und Kontakt per Telefon oder WhatsApp.","og_url":"https:\/\/dentalsonsardina.com\/de\/deutscher-zahnarzt-palma-de-mallorca\/","og_site_name":"Zahnklinik Son Sardina | Deutscher Zahnarzt in Palma","article_published_time":"2026-01-17T10:23:03+00:00","article_modified_time":"2026-03-29T20:38:36+00:00","og_image":[{"width":640,"height":427,"url":"https:\/\/dentalsonsardina.com\/de\/wp-content\/uploads\/2026\/01\/deutscher-zahnarzt-palma-mallorca-min.jpg","type":"image\/jpeg"}],"author":"Dental Son Sardina","twitter_card":"summary_large_image","twitter_misc":{"Verfasst von":"Dental Son Sardina","Gesch\u00e4tzte Lesezeit":"7\u00a0Minuten"},"schema":{"@context":"https:\/\/schema.org","@graph":[{"@type":"Article","@id":"https:\/\/dentalsonsardina.com\/de\/deutscher-zahnarzt-palma-de-mallorca\/#article","isPartOf":{"@id":"https:\/\/dentalsonsardina.com\/de\/deutscher-zahnarzt-palma-de-mallorca\/"},"author":{"name":"Dental Son Sardina","@id":"https:\/\/dentalsonsardina.com\/de\/#\/schema\/person\/f4e4f36a00a18b659ee607de4acdb519"},"headline":"Deutscher Zahnarzt auf Mallorca: deutschsprachige Behandlung in Palma","datePublished":"2026-01-17T10:23:03+00:00","dateModified":"2026-03-29T20:38:36+00:00","mainEntityOfPage":{"@id":"https:\/\/dentalsonsardina.com\/de\/deutscher-zahnarzt-palma-de-mallorca\/"},"wordCount":1050,"publisher":{"@id":"https:\/\/dentalsonsardina.com\/de\/#organization"},"image":{"@id":"https:\/\/dentalsonsardina.com\/de\/deutscher-zahnarzt-palma-de-mallorca\/#primaryimage"},"thumbnailUrl":"https:\/\/dentalsonsardina.com\/de\/wp-content\/uploads\/2026\/01\/deutscher-zahnarzt-palma-mallorca-min.jpg","keywords":["deutscher Zahnarzt Mallorca","deutschsprachige Zahnarztpraxis","Mallorca Urlaub","Son Sardina","Zahnarzt Palma deutsch"],"articleSection":["Praxiswahl"],"inLanguage":"de"},{"@type":"WebPage","@id":"https:\/\/dentalsonsardina.com\/de\/deutscher-zahnarzt-palma-de-mallorca\/","url":"https:\/\/dentalsonsardina.com\/de\/deutscher-zahnarzt-palma-de-mallorca\/","name":"Deutscher Zahnarzt auf Mallorca | Son Sardina in Palma","isPartOf":{"@id":"https:\/\/dentalsonsardina.com\/de\/#website"},"primaryImageOfPage":{"@id":"https:\/\/dentalsonsardina.com\/de\/deutscher-zahnarzt-palma-de-mallorca\/#primaryimage"},"image":{"@id":"https:\/\/dentalsonsardina.com\/de\/deutscher-zahnarzt-palma-de-mallorca\/#primaryimage"},"thumbnailUrl":"https:\/\/dentalsonsardina.com\/de\/wp-content\/uploads\/2026\/01\/deutscher-zahnarzt-palma-mallorca-min.jpg","datePublished":"2026-01-17T10:23:03+00:00","dateModified":"2026-03-29T20:38:36+00:00","description":"Deutscher Zahnarzt auf Mallorca mit pers\u00f6nlicher Betreuung in Palma. Deutschsprachige Behandlung, schnelle Termine und Kontakt per Telefon oder WhatsApp.","breadcrumb":{"@id":"https:\/\/dentalsonsardina.com\/de\/deutscher-zahnarzt-palma-de-mallorca\/#breadcrumb"},"inLanguage":"de","potentialAction":[{"@type":"ReadAction","target":["https:\/\/dentalsonsardina.com\/de\/deutscher-zahnarzt-palma-de-mallorca\/"]}]},{"@type":"ImageObject","inLanguage":"de","@id":"https:\/\/dentalsonsardina.com\/de\/deutscher-zahnarzt-palma-de-mallorca\/#primaryimage","url":"https:\/\/dentalsonsardina.com\/de\/wp-content\/uploads\/2026\/01\/deutscher-zahnarzt-palma-mallorca-min.jpg","contentUrl":"https:\/\/dentalsonsardina.com\/de\/wp-content\/uploads\/2026\/01\/deutscher-zahnarzt-palma-mallorca-min.jpg","width":640,"height":427,"caption":"Deutscher Zahnarzt in Palma de Mallorca \u2013 deutschsprachige Betreuung"},{"@type":"BreadcrumbList","@id":"https:\/\/dentalsonsardina.com\/de\/deutscher-zahnarzt-palma-de-mallorca\/#breadcrumb","itemListElement":[{"@type":"ListItem","position":1,"name":"Portada","item":"https:\/\/dentalsonsardina.com\/de\/"},{"@type":"ListItem","position":2,"name":"Deutscher Zahnarzt auf Mallorca: deutschsprachige Behandlung in Palma"}]},{"@type":"WebSite","@id":"https:\/\/dentalsonsardina.com\/de\/#website","url":"https:\/\/dentalsonsardina.com\/de\/","name":"Zahnklinik Son Sardina | Deutscher Zahnarzt in Palma","description":"Deutscher Zahnarzt in Palma de Mallorca \u2013 alle zahn\u00e4rztlichen Leistungen. Schwerpunkt: Parodontologie, \u00e4sthetische Zahnheilkunde &amp; Notf\u00e4lle.","publisher":{"@id":"https:\/\/dentalsonsardina.com\/de\/#organization"},"potentialAction":[{"@type":"SearchAction","target":{"@type":"EntryPoint","urlTemplate":"https:\/\/dentalsonsardina.com\/de\/?s={search_term_string}"},"query-input":{"@type":"PropertyValueSpecification","valueRequired":true,"valueName":"search_term_string"}}],"inLanguage":"de"},{"@type":"Organization","@id":"https:\/\/dentalsonsardina.com\/de\/#organization","name":"Dental Klinik Son Sardina","alternateName":"Dental Klinik Son Sardina Palma","url":"https:\/\/dentalsonsardina.com\/de\/","logo":{"@type":"ImageObject","inLanguage":"de","@id":"https:\/\/dentalsonsardina.com\/de\/#\/schema\/logo\/image\/","url":"https:\/\/dentalsonsardina.com\/de\/wp-content\/uploads\/2023\/08\/cropped-logo-3.png","contentUrl":"https:\/\/dentalsonsardina.com\/de\/wp-content\/uploads\/2023\/08\/cropped-logo-3.png","width":201,"height":67,"caption":"Dental Klinik Son Sardina"},"image":{"@id":"https:\/\/dentalsonsardina.com\/de\/#\/schema\/logo\/image\/"}},{"@type":"Person","@id":"https:\/\/dentalsonsardina.com\/de\/#\/schema\/person\/f4e4f36a00a18b659ee607de4acdb519","name":"Dental Son Sardina","image":{"@type":"ImageObject","inLanguage":"de","@id":"https:\/\/dentalsonsardina.com\/de\/wp-content\/litespeed\/avatar\/d0226953c89a25c5abce01bfa8c362eb.jpg?ver=1777288398","url":"https:\/\/dentalsonsardina.com\/de\/wp-content\/litespeed\/avatar\/d0226953c89a25c5abce01bfa8c362eb.jpg?ver=1777288398","contentUrl":"https:\/\/dentalsonsardina.com\/de\/wp-content\/litespeed\/avatar\/d0226953c89a25c5abce01bfa8c362eb.jpg?ver=1777288398","caption":"Dental Son Sardina"},"sameAs":["https:\/\/delorean360.com\/dentalsonsardina"],"url":"https:\/\/dentalsonsardina.com\/de\/author\/dental-son-sardina\/"}]}},"_links":{"self":[{"href":"https:\/\/dentalsonsardina.com\/de\/wp-json\/wp\/v2\/posts\/2350","targetHints":{"allow":["GET"]}}],"collection":[{"href":"https:\/\/dentalsonsardina.com\/de\/wp-json\/wp\/v2\/posts"}],"about":[{"href":"https:\/\/dentalsonsardina.com\/de\/wp-json\/wp\/v2\/types\/post"}],"author":[{"embeddable":true,"href":"https:\/\/dentalsonsardina.com\/de\/wp-json\/wp\/v2\/users\/1"}],"replies":[{"embeddable":true,"href":"https:\/\/dentalsonsardina.com\/de\/wp-json\/wp\/v2\/comments?post=2350"}],"version-history":[{"count":26,"href":"https:\/\/dentalsonsardina.com\/de\/wp-json\/wp\/v2\/posts\/2350\/revisions"}],"predecessor-version":[{"id":2732,"href":"https:\/\/dentalsonsardina.com\/de\/wp-json\/wp\/v2\/posts\/2350\/revisions\/2732"}],"wp:featuredmedia":[{"embeddable":true,"href":"https:\/\/dentalsonsardina.com\/de\/wp-json\/wp\/v2\/media\/2353"}],"wp:attachment":[{"href":"https:\/\/dentalsonsardina.com\/de\/wp-json\/wp\/v2\/media?parent=2350"}],"wp:term":[{"taxonomy":"category","embeddable":true,"href":"https:\/\/dentalsonsardina.com\/de\/wp-json\/wp\/v2\/categories?post=2350"},{"taxonomy":"post_tag","embeddable":true,"href":"https:\/\/dentalsonsardina.com\/de\/wp-json\/wp\/v2\/tags?post=2350"}],"curies":[{"name":"wp","href":"https:\/\/api.w.org\/{rel}","templated":true}]}}