{"id":1884,"date":"2024-01-11T12:37:20","date_gmt":"2024-01-11T11:37:20","guid":{"rendered":"https:\/\/dentalsonsardina.com\/?p=1884"},"modified":"2026-02-14T22:03:26","modified_gmt":"2026-02-14T21:03:26","slug":"notfallzahnarzt-mallorca-zahnschmerzen-urlaub","status":"publish","type":"post","link":"https:\/\/dentalsonsardina.com\/de\/notfallzahnarzt-mallorca-zahnschmerzen-urlaub\/","title":{"rendered":"Notfallzahnarzt auf Mallorca: Was tun bei Zahnschmerzen im Urlaub?"},"content":{"rendered":"\t\t<div data-elementor-type=\"wp-post\" data-elementor-id=\"1884\" class=\"elementor elementor-1884\">\n\t\t\t\t\t\t<section class=\"elementor-section elementor-top-section elementor-element elementor-element-5174b50 elementor-section-boxed elementor-section-height-default elementor-section-height-default\" data-id=\"5174b50\" data-element_type=\"section\" data-e-type=\"section\">\n\t\t\t\t\t\t<div class=\"elementor-container elementor-column-gap-default\">\n\t\t\t\t\t<div class=\"elementor-column elementor-col-100 elementor-top-column elementor-element elementor-element-5ead5b6e\" data-id=\"5ead5b6e\" data-element_type=\"column\" data-e-type=\"column\">\n\t\t\t<div class=\"elementor-widget-wrap elementor-element-populated\">\n\t\t\t\t\t\t\t<\/div>\n\t\t<\/div>\n\t\t\t\t\t<\/div>\n\t\t<\/section>\n\t\t\t\t<section class=\"elementor-section elementor-top-section elementor-element elementor-element-a2b1a6a elementor-section-content-middle elementor-section-boxed elementor-section-height-default elementor-section-height-default\" data-id=\"a2b1a6a\" data-element_type=\"section\" data-e-type=\"section\">\n\t\t\t\t\t\t<div class=\"elementor-container elementor-column-gap-no\">\n\t\t\t\t\t<div class=\"elementor-column elementor-col-100 elementor-top-column elementor-element elementor-element-bed9c46 elementor-invisible\" data-id=\"bed9c46\" data-element_type=\"column\" data-e-type=\"column\" data-settings=\"{&quot;animation&quot;:&quot;slideInLeft&quot;}\">\n\t\t\t<div class=\"elementor-widget-wrap elementor-element-populated\">\n\t\t\t\t\t\t<div class=\"elementor-element elementor-element-9b9fc90 elementor-widget elementor-widget-heading\" data-id=\"9b9fc90\" data-element_type=\"widget\" data-e-type=\"widget\" data-widget_type=\"heading.default\">\n\t\t\t\t<div class=\"elementor-widget-container\">\n\t\t\t\t\t<h2 class=\"elementor-heading-title elementor-size-default\">Wann ist es ein echter zahn\u00e4rztlicher Notfall?<\/h2>\t\t\t\t<\/div>\n\t\t\t\t<\/div>\n\t\t\t\t<div class=\"elementor-element elementor-element-2f70cc1 elementor-widget elementor-widget-text-editor\" data-id=\"2f70cc1\" data-element_type=\"widget\" data-e-type=\"widget\" data-widget_type=\"text-editor.default\">\n\t\t\t\t<div class=\"elementor-widget-container\">\n\t\t\t\t\t\t\t\t\t<p data-start=\"3892\" data-end=\"3969\">Ein Notfall liegt h\u00e4ufig vor, wenn mindestens eines dieser Symptome zutrifft:<\/p><ul data-start=\"3970\" data-end=\"4298\"><li data-start=\"3970\" data-end=\"4029\"><p data-start=\"3972\" data-end=\"4029\"><strong data-start=\"3972\" data-end=\"4005\">starke, pulsierende Schmerzen<\/strong>, die nicht nachlassen<\/p><\/li><li data-start=\"4030\" data-end=\"4074\"><p data-start=\"4032\" data-end=\"4074\"><strong data-start=\"4032\" data-end=\"4072\">Schwellung im Gesicht oder am Kiefer<\/strong><\/p><\/li><li data-start=\"4075\" data-end=\"4119\"><p data-start=\"4077\" data-end=\"4119\"><strong data-start=\"4077\" data-end=\"4087\">Fieber<\/strong>, allgemeines Krankheitsgef\u00fchl<\/p><\/li><li data-start=\"4120\" data-end=\"4183\"><p data-start=\"4122\" data-end=\"4183\"><strong data-start=\"4122\" data-end=\"4139\">Unfall\/Trauma<\/strong> (Zahn abgebrochen, Schlag auf den Kiefer)<\/p><\/li><li data-start=\"4184\" data-end=\"4228\"><p data-start=\"4186\" data-end=\"4228\"><strong data-start=\"4186\" data-end=\"4204\">starke Blutung<\/strong> nach einer Behandlung<\/p><\/li><li data-start=\"4229\" data-end=\"4298\"><p data-start=\"4231\" data-end=\"4298\">Verdacht auf <strong data-start=\"4244\" data-end=\"4255\">Abszess<\/strong> (Druck, pochender Schmerz, Eitergeschmack)<\/p><\/li><\/ul><p data-start=\"4300\" data-end=\"4476\"><strong data-start=\"4300\" data-end=\"4312\">Wichtig:<\/strong> Wenn du <strong data-start=\"4321\" data-end=\"4381\">Atemnot, Schluckbeschwerden, rasch zunehmende Schwellung<\/strong> oder hohes Fieber hast, w\u00e4hle im Zweifel <strong data-start=\"4423\" data-end=\"4430\">112<\/strong> (Notruf). Das kann medizinisch dringend sein.<\/p>\t\t\t\t\t\t\t\t<\/div>\n\t\t\t\t<\/div>\n\t\t\t\t\t<\/div>\n\t\t<\/div>\n\t\t\t\t\t<\/div>\n\t\t<\/section>\n\t\t\t\t<section class=\"elementor-section elementor-top-section elementor-element elementor-element-c0ccf8e elementor-section-content-middle elementor-section-boxed elementor-section-height-default elementor-section-height-default\" data-id=\"c0ccf8e\" data-element_type=\"section\" data-e-type=\"section\">\n\t\t\t\t\t\t<div class=\"elementor-container elementor-column-gap-no\">\n\t\t\t\t\t<div class=\"elementor-column elementor-col-100 elementor-top-column elementor-element elementor-element-27acd209 elementor-invisible\" data-id=\"27acd209\" data-element_type=\"column\" data-e-type=\"column\" data-settings=\"{&quot;animation&quot;:&quot;slideInLeft&quot;}\">\n\t\t\t<div class=\"elementor-widget-wrap elementor-element-populated\">\n\t\t\t\t\t\t<div class=\"elementor-element elementor-element-2b9a293 elementor-widget elementor-widget-heading\" data-id=\"2b9a293\" data-element_type=\"widget\" data-e-type=\"widget\" data-widget_type=\"heading.default\">\n\t\t\t\t<div class=\"elementor-widget-container\">\n\t\t\t\t\t<h2 class=\"elementor-heading-title elementor-size-default\">Soforthilfe: Das kannst du bis zum Termin tun<\/h2>\t\t\t\t<\/div>\n\t\t\t\t<\/div>\n\t\t\t\t<div class=\"elementor-element elementor-element-61abc22a elementor-widget elementor-widget-text-editor\" data-id=\"61abc22a\" data-element_type=\"widget\" data-e-type=\"widget\" data-widget_type=\"text-editor.default\">\n\t\t\t\t<div class=\"elementor-widget-container\">\n\t\t\t\t\t\t\t\t\t<h3 data-start=\"4645\" data-end=\"4774\"><strong data-start=\"4645\" data-end=\"4677\">1) K\u00fchlen bei Schwellung<\/strong><\/h3><p data-start=\"4645\" data-end=\"4774\">K\u00fchlpack in ein Tuch wickeln, <strong data-start=\"4710\" data-end=\"4731\">10 Minuten k\u00fchlen<\/strong>, 10 Minuten Pause. Nicht dauerhaft k\u00fchlen.<\/p><h3 data-start=\"4776\" data-end=\"4880\"><strong data-start=\"4776\" data-end=\"4795\">2) Schonung<\/strong><\/h3><p data-start=\"4776\" data-end=\"4880\">Nicht auf der betroffenen Seite kauen. Weiche Kost hilft, den Druck zu reduzieren.<\/p><h3 data-start=\"4882\" data-end=\"5039\"><strong data-start=\"4882\" data-end=\"4905\">3) Sanft sp\u00fclen<\/strong><\/h3><p data-start=\"4882\" data-end=\"5039\">Lauwarmes Wasser reicht oft. Wenn du es gut vertr\u00e4gst, kann eine milde Salzl\u00f6sung beruhigen. Keine aggressiven Experimente im Mund.<\/p><h3 data-start=\"5041\" data-end=\"5218\"><strong data-start=\"5041\" data-end=\"5090\">4) Schmerzmittel nur nach Packungsbeilage<\/strong><\/h3><p data-start=\"5041\" data-end=\"5218\">Nimm nur, was du vertr\u00e4gst und was zu deiner Situation passt (z. B. Allergien, Magen). Im Zweifel mit Arzt\/Apotheke abkl\u00e4ren.<\/p>\t\t\t\t\t\t\t\t<\/div>\n\t\t\t\t<\/div>\n\t\t\t\t<div class=\"elementor-element elementor-element-74bc777 elementor-widget elementor-widget-image\" data-id=\"74bc777\" data-element_type=\"widget\" data-e-type=\"widget\" data-widget_type=\"image.default\">\n\t\t\t\t<div class=\"elementor-widget-container\">\n\t\t\t\t\t\t\t\t\t\t\t\t\t\t\t<img fetchpriority=\"high\" decoding=\"async\" width=\"1280\" height=\"853\" src=\"https:\/\/dentalsonsardina.com\/de\/wp-content\/uploads\/2024\/01\/Zahnschmerzen-im-Urlaub-Mallorca.jpg\" class=\"attachment-full size-full wp-image-2330\" alt=\"Zahnschmerzen im Urlaub \u2013 wann zum Notfallzahnarzt?\" srcset=\"https:\/\/dentalsonsardina.com\/de\/wp-content\/uploads\/2024\/01\/Zahnschmerzen-im-Urlaub-Mallorca.jpg 1280w, https:\/\/dentalsonsardina.com\/de\/wp-content\/uploads\/2024\/01\/Zahnschmerzen-im-Urlaub-Mallorca-300x200.jpg 300w, https:\/\/dentalsonsardina.com\/de\/wp-content\/uploads\/2024\/01\/Zahnschmerzen-im-Urlaub-Mallorca-1024x682.jpg 1024w, https:\/\/dentalsonsardina.com\/de\/wp-content\/uploads\/2024\/01\/Zahnschmerzen-im-Urlaub-Mallorca-768x512.jpg 768w\" sizes=\"(max-width: 1280px) 100vw, 1280px\" \/>\t\t\t\t\t\t\t\t\t\t\t\t\t\t\t<\/div>\n\t\t\t\t<\/div>\n\t\t\t\t\t<\/div>\n\t\t<\/div>\n\t\t\t\t\t<\/div>\n\t\t<\/section>\n\t\t\t\t<section class=\"elementor-section elementor-top-section elementor-element elementor-element-5b191d28 elementor-section-content-middle elementor-reverse-mobile elementor-section-boxed elementor-section-height-default elementor-section-height-default\" data-id=\"5b191d28\" data-element_type=\"section\" data-e-type=\"section\">\n\t\t\t\t\t\t<div class=\"elementor-container elementor-column-gap-no\">\n\t\t\t\t\t<div class=\"elementor-column elementor-col-100 elementor-top-column elementor-element elementor-element-725d8165\" data-id=\"725d8165\" data-element_type=\"column\" data-e-type=\"column\">\n\t\t\t<div class=\"elementor-widget-wrap elementor-element-populated\">\n\t\t\t\t\t\t<div class=\"elementor-element elementor-element-5f56e9c elementor-widget elementor-widget-heading\" data-id=\"5f56e9c\" data-element_type=\"widget\" data-e-type=\"widget\" data-widget_type=\"heading.default\">\n\t\t\t\t<div class=\"elementor-widget-container\">\n\t\t\t\t\t<h2 class=\"elementor-heading-title elementor-size-default\">H\u00e4ufige Urlaubs-Notf\u00e4lle (und warum man sie nicht ignorieren sollte)<\/h2>\t\t\t\t<\/div>\n\t\t\t\t<\/div>\n\t\t\t\t<div class=\"elementor-element elementor-element-08bb1df elementor-widget elementor-widget-text-editor\" data-id=\"08bb1df\" data-element_type=\"widget\" data-e-type=\"widget\" data-widget_type=\"text-editor.default\">\n\t\t\t\t<div class=\"elementor-widget-container\">\n\t\t\t\t\t\t\t\t\t<h3 data-start=\"5298\" data-end=\"5440\"><strong data-start=\"5298\" data-end=\"5335\">Nachts starke Zahnschmerzen<\/strong><\/h3><p data-start=\"5298\" data-end=\"5440\">H\u00e4ufig steckt eine Entz\u00fcndung dahinter. Je fr\u00fcher du abkl\u00e4rst, desto schneller bekommst du Entlastung.<\/p><h3 data-start=\"5442\" data-end=\"5612\"><strong data-start=\"5442\" data-end=\"5487\">F\u00fcllung rausgefallen \/ Krone locker<\/strong><\/h3><p data-start=\"5442\" data-end=\"5612\">Der Zahn kann empfindlich werden und sich entz\u00fcnden \u2013 eine schnelle provisorische Versorgung verhindert oft Folgeprobleme.<\/p><h3 data-start=\"5614\" data-end=\"5733\"><strong data-start=\"5614\" data-end=\"5644\">Schwellung am Kiefer<\/strong><\/h3><p data-start=\"5614\" data-end=\"5733\">Schwellung ist ein Warnsignal. Nicht lange warten, besonders wenn der Schmerz zunimmt.<\/p><h3 data-start=\"5735\" data-end=\"5911\"><strong data-start=\"5735\" data-end=\"5770\">Zahn abgebrochen (Unfall)<\/strong><\/h3><p data-start=\"5735\" data-end=\"5911\">Abgebrochene Kanten k\u00f6nnen das Zahnfleisch verletzen, und der Zahn kann stark reagieren. Auch hier gilt: lieber fr\u00fch stabilisieren lassen.<\/p>\t\t\t\t\t\t\t\t<\/div>\n\t\t\t\t<\/div>\n\t\t\t\t\t<\/div>\n\t\t<\/div>\n\t\t\t\t\t<\/div>\n\t\t<\/section>\n\t\t\t\t<section class=\"elementor-section elementor-top-section elementor-element elementor-element-e8bd49b elementor-section-content-middle elementor-section-boxed elementor-section-height-default elementor-section-height-default\" data-id=\"e8bd49b\" data-element_type=\"section\" data-e-type=\"section\">\n\t\t\t\t\t\t<div class=\"elementor-container elementor-column-gap-no\">\n\t\t\t\t\t<div class=\"elementor-column elementor-col-100 elementor-top-column elementor-element elementor-element-17d485e elementor-invisible\" data-id=\"17d485e\" data-element_type=\"column\" data-e-type=\"column\" data-settings=\"{&quot;animation&quot;:&quot;slideInLeft&quot;}\">\n\t\t\t<div class=\"elementor-widget-wrap elementor-element-populated\">\n\t\t\t\t\t\t<div class=\"elementor-element elementor-element-4bf8156 elementor-widget elementor-widget-heading\" data-id=\"4bf8156\" data-element_type=\"widget\" data-e-type=\"widget\" data-widget_type=\"heading.default\">\n\t\t\t\t<div class=\"elementor-widget-container\">\n\t\t\t\t\t<h2 class=\"elementor-heading-title elementor-size-default\">H\u00e4ufige Urlaubs-Notf\u00e4lle (und warum man sie nicht ignorieren sollte)<\/h2>\t\t\t\t<\/div>\n\t\t\t\t<\/div>\n\t\t\t\t<div class=\"elementor-element elementor-element-1d19a08 elementor-widget elementor-widget-text-editor\" data-id=\"1d19a08\" data-element_type=\"widget\" data-e-type=\"widget\" data-widget_type=\"text-editor.default\">\n\t\t\t\t<div class=\"elementor-widget-container\">\n\t\t\t\t\t\t\t\t\t<h3 data-start=\"4645\" data-end=\"4774\">Nachts starke Zahnschmerzen<\/h3><p data-start=\"4645\" data-end=\"4774\">H\u00e4ufig steckt eine Entz\u00fcndung dahinter. Je fr\u00fcher du abkl\u00e4rst, desto schneller bekommst du Entlastung.<\/p><h3 data-start=\"4776\" data-end=\"4880\">F\u00fcllung rausgefallen \/ Krone locker<\/h3><p data-start=\"4776\" data-end=\"4880\">Der Zahn kann empfindlich werden und sich entz\u00fcnden \u2013 eine schnelle provisorische Versorgung verhindert oft Folgeprobleme.<\/p><h3 data-start=\"4882\" data-end=\"5039\">Schwellung am Kiefer<\/h3><p data-start=\"4882\" data-end=\"5039\">Schwellung ist ein Warnsignal. Nicht lange warten, besonders wenn der Schmerz zunimmt.<\/p><h3 data-start=\"5041\" data-end=\"5218\">Zahn abgebrochen (Unfall)<\/h3><p data-start=\"5041\" data-end=\"5218\">Abgebrochene Kanten k\u00f6nnen das Zahnfleisch verletzen, und der Zahn kann stark reagieren. Auch hier gilt: lieber fr\u00fch stabilisieren lassen.<\/p>\t\t\t\t\t\t\t\t<\/div>\n\t\t\t\t<\/div>\n\t\t\t\t\t<\/div>\n\t\t<\/div>\n\t\t\t\t\t<\/div>\n\t\t<\/section>\n\t\t\t\t<section class=\"elementor-section elementor-top-section elementor-element elementor-element-420af53 elementor-section-content-middle elementor-reverse-mobile elementor-section-boxed elementor-section-height-default elementor-section-height-default\" data-id=\"420af53\" data-element_type=\"section\" data-e-type=\"section\">\n\t\t\t\t\t\t<div class=\"elementor-container elementor-column-gap-no\">\n\t\t\t\t\t<div class=\"elementor-column elementor-col-50 elementor-top-column elementor-element elementor-element-1b99f34\" data-id=\"1b99f34\" data-element_type=\"column\" data-e-type=\"column\">\n\t\t\t<div class=\"elementor-widget-wrap elementor-element-populated\">\n\t\t\t\t\t\t<div class=\"elementor-element elementor-element-d3d2cd1 elementor-widget elementor-widget-image\" data-id=\"d3d2cd1\" data-element_type=\"widget\" data-e-type=\"widget\" data-widget_type=\"image.default\">\n\t\t\t\t<div class=\"elementor-widget-container\">\n\t\t\t\t\t\t\t\t\t\t\t\t\t\t\t<img decoding=\"async\" width=\"700\" height=\"1000\" data-src=\"https:\/\/dentalsonsardina.com\/de\/wp-content\/uploads\/2023\/10\/Doctora-Fotina.png\" class=\"attachment-large size-large wp-image-1595 lazyload\" alt=\"C\u00f3mo se debe cuidar las Carillas de Composite\" data-srcset=\"https:\/\/dentalsonsardina.com\/de\/wp-content\/uploads\/2023\/10\/Doctora-Fotina.png 700w, https:\/\/dentalsonsardina.com\/de\/wp-content\/uploads\/2023\/10\/Doctora-Fotina-210x300.png 210w\" data-sizes=\"(max-width: 700px) 100vw, 700px\" src=\"data:image\/svg+xml;base64,PHN2ZyB3aWR0aD0iMSIgaGVpZ2h0PSIxIiB4bWxucz0iaHR0cDovL3d3dy53My5vcmcvMjAwMC9zdmciPjwvc3ZnPg==\" style=\"--smush-placeholder-width: 700px; --smush-placeholder-aspect-ratio: 700\/1000;\" \/>\t\t\t\t\t\t\t\t\t\t\t\t\t\t\t<\/div>\n\t\t\t\t<\/div>\n\t\t\t\t\t<\/div>\n\t\t<\/div>\n\t\t\t\t<div class=\"elementor-column elementor-col-50 elementor-top-column elementor-element elementor-element-c8384c0\" data-id=\"c8384c0\" data-element_type=\"column\" data-e-type=\"column\">\n\t\t\t<div class=\"elementor-widget-wrap elementor-element-populated\">\n\t\t\t\t\t\t<div class=\"elementor-element elementor-element-2683807 elementor-widget elementor-widget-heading\" data-id=\"2683807\" data-element_type=\"widget\" data-e-type=\"widget\" data-widget_type=\"heading.default\">\n\t\t\t\t<div class=\"elementor-widget-container\">\n\t\t\t\t\t<h2 class=\"elementor-heading-title elementor-size-default\">So bekommst du schnell Hilfe in Palma<\/h2>\t\t\t\t<\/div>\n\t\t\t\t<\/div>\n\t\t\t\t<div class=\"elementor-element elementor-element-c546da5 elementor-widget elementor-widget-text-editor\" data-id=\"c546da5\" data-element_type=\"widget\" data-e-type=\"widget\" data-widget_type=\"text-editor.default\">\n\t\t\t\t<div class=\"elementor-widget-container\">\n\t\t\t\t\t\t\t\t\t<p data-start=\"5974\" data-end=\"6069\">Wenn du Kontakt aufnimmst, hilft eine kurze Info, damit die Praxis dich richtig einordnen kann:<\/p><ul data-start=\"6070\" data-end=\"6284\"><li data-start=\"6070\" data-end=\"6107\"><p data-start=\"6072\" data-end=\"6107\">Seit wann bestehen die Schmerzen?<\/p><\/li><li data-start=\"6108\" data-end=\"6151\"><p data-start=\"6110\" data-end=\"6151\">Gibt es <strong data-start=\"6118\" data-end=\"6132\">Schwellung<\/strong> oder <strong data-start=\"6138\" data-end=\"6148\">Fieber<\/strong>?<\/p><\/li><li data-start=\"6152\" data-end=\"6181\"><p data-start=\"6154\" data-end=\"6181\">War ein Unfall beteiligt?<\/p><\/li><li data-start=\"6182\" data-end=\"6239\"><p data-start=\"6184\" data-end=\"6239\">Welche Medikamente nimmst du aktuell (wenn relevant)?<\/p><\/li><li data-start=\"6240\" data-end=\"6284\"><p data-start=\"6242\" data-end=\"6284\">Tourist oder Resident (wegen Zeitplanung)?<\/p><\/li><\/ul>\t\t\t\t\t\t\t\t<\/div>\n\t\t\t\t<\/div>\n\t\t\t\t\t<\/div>\n\t\t<\/div>\n\t\t\t\t\t<\/div>\n\t\t<\/section>\n\t\t\t\t<section class=\"elementor-section elementor-top-section elementor-element elementor-element-d5eb9eb elementor-section-content-middle elementor-section-boxed elementor-section-height-default elementor-section-height-default\" data-id=\"d5eb9eb\" data-element_type=\"section\" data-e-type=\"section\" data-settings=\"{&quot;background_background&quot;:&quot;classic&quot;}\">\n\t\t\t\t\t\t<div class=\"elementor-container elementor-column-gap-no\">\n\t\t\t\t\t<div class=\"elementor-column elementor-col-100 elementor-top-column elementor-element elementor-element-bf18ab0\" data-id=\"bf18ab0\" data-element_type=\"column\" data-e-type=\"column\">\n\t\t\t<div class=\"elementor-widget-wrap elementor-element-populated\">\n\t\t\t\t\t\t<div class=\"elementor-element elementor-element-acbe358 elementor-widget__width-initial elementor-widget elementor-widget-heading\" data-id=\"acbe358\" data-element_type=\"widget\" data-e-type=\"widget\" data-widget_type=\"heading.default\">\n\t\t\t\t<div class=\"elementor-widget-container\">\n\t\t\t\t\t<h2 class=\"elementor-heading-title elementor-size-default\">FAQ (kurz &amp; hilfreich)<\/h2>\t\t\t\t<\/div>\n\t\t\t\t<\/div>\n\t\t\t\t<div class=\"elementor-element elementor-element-b410014 elementor-widget__width-initial elementor-widget elementor-widget-toggle\" data-id=\"b410014\" data-element_type=\"widget\" data-e-type=\"widget\" data-widget_type=\"toggle.default\">\n\t\t\t\t<div class=\"elementor-widget-container\">\n\t\t\t\t\t\t\t<div class=\"elementor-toggle\">\n\t\t\t\t\t\t\t<div class=\"elementor-toggle-item\">\n\t\t\t\t\t<h3 id=\"elementor-tab-title-1881\" class=\"elementor-tab-title\" data-tab=\"1\" role=\"button\" aria-controls=\"elementor-tab-content-1881\" aria-expanded=\"false\">\n\t\t\t\t\t\t\t\t\t\t\t\t<span class=\"elementor-toggle-icon elementor-toggle-icon-right\" aria-hidden=\"true\">\n\t\t\t\t\t\t\t\t\t\t\t\t\t\t\t<span class=\"elementor-toggle-icon-closed\"><i class=\"fas fa-caret-right\"><\/i><\/span>\n\t\t\t\t\t\t\t\t<span class=\"elementor-toggle-icon-opened\"><i class=\"elementor-toggle-icon-opened fas fa-caret-up\"><\/i><\/span>\n\t\t\t\t\t\t\t\t\t\t\t\t\t<\/span>\n\t\t\t\t\t\t\t\t\t\t\t\t<a class=\"elementor-toggle-title\" tabindex=\"0\">Wie schnell bekomme ich einen Termin?<\/a>\n\t\t\t\t\t<\/h3>\n\n\t\t\t\t\t<div id=\"elementor-tab-content-1881\" class=\"elementor-tab-content elementor-clearfix\" data-tab=\"1\" role=\"region\" aria-labelledby=\"elementor-tab-title-1881\"><p>Bei starken Schmerzen oder Schwellung werden Notf\u00e4lle normalerweise priorisiert. Am besten kurz Symptome schildern.<\/p><\/div>\n\t\t\t\t<\/div>\n\t\t\t\t\t\t\t<div class=\"elementor-toggle-item\">\n\t\t\t\t\t<h3 id=\"elementor-tab-title-1882\" class=\"elementor-tab-title\" data-tab=\"2\" role=\"button\" aria-controls=\"elementor-tab-content-1882\" aria-expanded=\"false\">\n\t\t\t\t\t\t\t\t\t\t\t\t<span class=\"elementor-toggle-icon elementor-toggle-icon-right\" aria-hidden=\"true\">\n\t\t\t\t\t\t\t\t\t\t\t\t\t\t\t<span class=\"elementor-toggle-icon-closed\"><i class=\"fas fa-caret-right\"><\/i><\/span>\n\t\t\t\t\t\t\t\t<span class=\"elementor-toggle-icon-opened\"><i class=\"elementor-toggle-icon-opened fas fa-caret-up\"><\/i><\/span>\n\t\t\t\t\t\t\t\t\t\t\t\t\t<\/span>\n\t\t\t\t\t\t\t\t\t\t\t\t<a class=\"elementor-toggle-title\" tabindex=\"0\">Muss ich bis Montag warten?<\/a>\n\t\t\t\t\t<\/h3>\n\n\t\t\t\t\t<div id=\"elementor-tab-content-1882\" class=\"elementor-tab-content elementor-clearfix\" data-tab=\"2\" role=\"region\" aria-labelledby=\"elementor-tab-title-1882\"><p>Wenn du starke Schmerzen oder Schwellung hast: lieber nicht. Notf\u00e4lle sollten zeitnah beurteilt werden.<\/p><\/div>\n\t\t\t\t<\/div>\n\t\t\t\t\t\t\t<div class=\"elementor-toggle-item\">\n\t\t\t\t\t<h3 id=\"elementor-tab-title-1883\" class=\"elementor-tab-title\" data-tab=\"3\" role=\"button\" aria-controls=\"elementor-tab-content-1883\" aria-expanded=\"false\">\n\t\t\t\t\t\t\t\t\t\t\t\t<span class=\"elementor-toggle-icon elementor-toggle-icon-right\" aria-hidden=\"true\">\n\t\t\t\t\t\t\t\t\t\t\t\t\t\t\t<span class=\"elementor-toggle-icon-closed\"><i class=\"fas fa-caret-right\"><\/i><\/span>\n\t\t\t\t\t\t\t\t<span class=\"elementor-toggle-icon-opened\"><i class=\"elementor-toggle-icon-opened fas fa-caret-up\"><\/i><\/span>\n\t\t\t\t\t\t\t\t\t\t\t\t\t<\/span>\n\t\t\t\t\t\t\t\t\t\t\t\t<a class=\"elementor-toggle-title\" tabindex=\"0\">Was kostet eine Notfallbehandlung?<\/a>\n\t\t\t\t\t<\/h3>\n\n\t\t\t\t\t<div id=\"elementor-tab-content-1883\" class=\"elementor-tab-content elementor-clearfix\" data-tab=\"3\" role=\"region\" aria-labelledby=\"elementor-tab-title-1883\"><p>Das h\u00e4ngt vom Befund ab (Diagnostik, R\u00f6ntgen, provisorische Versorgung). Seri\u00f6se Praxen erkl\u00e4ren die n\u00e4chsten Schritte transparent.<\/p><\/div>\n\t\t\t\t<\/div>\n\t\t\t\t\t\t\t\t<\/div>\n\t\t\t\t\t\t<\/div>\n\t\t\t\t<\/div>\n\t\t\t\t\t<\/div>\n\t\t<\/div>\n\t\t\t\t\t<\/div>\n\t\t<\/section>\n\t\t\t\t<section class=\"elementor-section elementor-top-section elementor-element elementor-element-0814c89 elementor-section-content-middle elementor-section-boxed elementor-section-height-default elementor-section-height-default\" data-id=\"0814c89\" data-element_type=\"section\" data-e-type=\"section\" data-settings=\"{&quot;background_background&quot;:&quot;classic&quot;}\">\n\t\t\t\t\t\t<div class=\"elementor-container elementor-column-gap-no\">\n\t\t\t\t\t<div class=\"elementor-column elementor-col-100 elementor-top-column elementor-element elementor-element-68c1ced elementor-invisible\" data-id=\"68c1ced\" data-element_type=\"column\" data-e-type=\"column\" data-settings=\"{&quot;animation&quot;:&quot;slideInLeft&quot;}\">\n\t\t\t<div class=\"elementor-widget-wrap elementor-element-populated\">\n\t\t\t\t\t\t<div class=\"elementor-element elementor-element-273103d8 elementor-widget elementor-widget-heading\" data-id=\"273103d8\" data-element_type=\"widget\" data-e-type=\"widget\" data-widget_type=\"heading.default\">\n\t\t\t\t<div class=\"elementor-widget-container\">\n\t\t\t\t\t<h2 class=\"elementor-heading-title elementor-size-default\">Fazit<\/h2>\t\t\t\t<\/div>\n\t\t\t\t<\/div>\n\t\t\t\t<div class=\"elementor-element elementor-element-829d330 elementor-widget elementor-widget-text-editor\" data-id=\"829d330\" data-element_type=\"widget\" data-e-type=\"widget\" data-widget_type=\"text-editor.default\">\n\t\t\t\t<div class=\"elementor-widget-container\">\n\t\t\t\t\t\t\t\t\t<p>Zahnschmerzen im Urlaub sind stressig \u2013 aber meist gut in den Griff zu bekommen, wenn man schnell handelt. Wenn du unsicher bist, ob es dringend ist: <strong data-start=\"7082\" data-end=\"7128\">lieber einmal zu fr\u00fch abkl\u00e4ren als zu sp\u00e4t<\/strong>.<\/p>\t\t\t\t\t\t\t\t<\/div>\n\t\t\t\t<\/div>\n\t\t\t\t\t<\/div>\n\t\t<\/div>\n\t\t\t\t\t<\/div>\n\t\t<\/section>\n\t\t\t\t<section class=\"elementor-section elementor-top-section elementor-element elementor-element-dab893e elementor-section-content-middle elementor-reverse-mobile elementor-section-full_width elementor-section-height-default elementor-section-height-default\" data-id=\"dab893e\" data-element_type=\"section\" data-e-type=\"section\">\n\t\t\t\t\t\t\t<div class=\"elementor-background-overlay\"><\/div>\n\t\t\t\t\t\t\t<div class=\"elementor-container elementor-column-gap-no\">\n\t\t\t\t\t<div class=\"elementor-column elementor-col-50 elementor-top-column elementor-element elementor-element-50e1e70\" data-id=\"50e1e70\" data-element_type=\"column\" data-e-type=\"column\">\n\t\t\t<div class=\"elementor-widget-wrap elementor-element-populated\">\n\t\t\t\t\t\t<div class=\"elementor-element elementor-element-767983f elementor-widget elementor-widget-google_maps\" data-id=\"767983f\" data-element_type=\"widget\" data-e-type=\"widget\" data-widget_type=\"google_maps.default\">\n\t\t\t\t<div class=\"elementor-widget-container\">\n\t\t\t\t\t\t\t<div class=\"elementor-custom-embed\">\n\t\t\t<iframe\n\t\t\t\t\tdata-src=\"https:\/\/maps.google.com\/maps?q=Cl%C3%ADnica%20Dental%20Son%20Sardina%2C%20Cam%C3%AD%20de%20Passatemps%2C%20123%2C%20Bajo%2C%2007120%20Son%20Sardina%2C%20Illes%20Balears&#038;t=m&#038;z=18&#038;output=embed&#038;iwloc=near\"\n\t\t\t\t\ttitle=\"Cl\u00ednica Dental Son Sardina, Cam\u00ed de Passatemps, 123, Bajo, 07120 Son Sardina, Illes Balears\"\n\t\t\t\t\taria-label=\"Cl\u00ednica Dental Son Sardina, Cam\u00ed de Passatemps, 123, Bajo, 07120 Son Sardina, Illes Balears\"\n\t\t\t src=\"data:image\/svg+xml;base64,PHN2ZyB3aWR0aD0iMSIgaGVpZ2h0PSIxIiB4bWxucz0iaHR0cDovL3d3dy53My5vcmcvMjAwMC9zdmciPjwvc3ZnPg==\" class=\"lazyload\" data-load-mode=\"1\"><\/iframe>\n\t\t<\/div>\n\t\t\t\t\t\t<\/div>\n\t\t\t\t<\/div>\n\t\t\t\t\t<\/div>\n\t\t<\/div>\n\t\t\t\t<div class=\"elementor-column elementor-col-50 elementor-top-column elementor-element elementor-element-d0e857e\" data-id=\"d0e857e\" data-element_type=\"column\" data-e-type=\"column\">\n\t\t\t<div class=\"elementor-widget-wrap elementor-element-populated\">\n\t\t\t\t\t\t<div class=\"elementor-element elementor-element-554005e elementor-widget__width-initial elementor-widget elementor-widget-heading\" data-id=\"554005e\" data-element_type=\"widget\" data-e-type=\"widget\" data-widget_type=\"heading.default\">\n\t\t\t\t<div class=\"elementor-widget-container\">\n\t\t\t\t\t<h2 class=\"elementor-heading-title elementor-size-default\">Standort | Zahnklinik Son Sardina<\/h2>\t\t\t\t<\/div>\n\t\t\t\t<\/div>\n\t\t\t\t<section class=\"elementor-section elementor-inner-section elementor-element elementor-element-9f3a003 elementor-section-boxed elementor-section-height-default elementor-section-height-default\" data-id=\"9f3a003\" data-element_type=\"section\" data-e-type=\"section\">\n\t\t\t\t\t\t<div class=\"elementor-container elementor-column-gap-default\">\n\t\t\t\t\t<div class=\"elementor-column elementor-col-100 elementor-inner-column elementor-element elementor-element-9a4e80a\" data-id=\"9a4e80a\" data-element_type=\"column\" data-e-type=\"column\">\n\t\t\t<div class=\"elementor-widget-wrap elementor-element-populated\">\n\t\t\t\t\t\t<div class=\"elementor-element elementor-element-73c2a0e elementor-widget__width-initial elementor-widget elementor-widget-heading\" data-id=\"73c2a0e\" data-element_type=\"widget\" data-e-type=\"widget\" data-widget_type=\"heading.default\">\n\t\t\t\t<div class=\"elementor-widget-container\">\n\t\t\t\t\t<h3 class=\"elementor-heading-title elementor-size-default\">Wie k\u00f6nnen Sie uns kontaktieren?<\/h3>\t\t\t\t<\/div>\n\t\t\t\t<\/div>\n\t\t\t\t<div class=\"elementor-element elementor-element-112867f elementor-position-left elementor-vertical-align-top elementor-widget elementor-widget-image-box\" data-id=\"112867f\" data-element_type=\"widget\" data-e-type=\"widget\" data-widget_type=\"image-box.default\">\n\t\t\t\t<div class=\"elementor-widget-container\">\n\t\t\t\t\t<div class=\"elementor-image-box-wrapper\"><figure class=\"elementor-image-box-img\"><img decoding=\"async\" width=\"30\" height=\"40\" data-src=\"https:\/\/dentalsonsardina.com\/de\/wp-content\/uploads\/2023\/09\/localizacion.png\" class=\"elementor-animation-grow attachment-thumbnail size-thumbnail wp-image-317 lazyload\" alt=\"\" src=\"data:image\/svg+xml;base64,PHN2ZyB3aWR0aD0iMSIgaGVpZ2h0PSIxIiB4bWxucz0iaHR0cDovL3d3dy53My5vcmcvMjAwMC9zdmciPjwvc3ZnPg==\" style=\"--smush-placeholder-width: 30px; --smush-placeholder-aspect-ratio: 30\/40;\" \/><\/figure><div class=\"elementor-image-box-content\"><h4 class=\"elementor-image-box-title\">Standort<\/h4><p class=\"elementor-image-box-description\">Cam\u00ed de Passatemps, 123, Bajo, 07120 Son Sardina, Illes Balears<\/p><\/div><\/div>\t\t\t\t<\/div>\n\t\t\t\t<\/div>\n\t\t\t\t<div class=\"elementor-element elementor-element-48e7705 elementor-align-right elementor-mobile-align-center elementor-widget__width-initial elementor-widget elementor-widget-button\" data-id=\"48e7705\" data-element_type=\"widget\" data-e-type=\"widget\" data-widget_type=\"button.default\">\n\t\t\t\t<div class=\"elementor-widget-container\">\n\t\t\t\t\t\t\t\t\t<div class=\"elementor-button-wrapper\">\n\t\t\t\t\t<a class=\"elementor-button elementor-button-link elementor-size-sm elementor-animation-grow\" href=\"https:\/\/maps.google.com\/maps\/dir\/\/Dentistas+en+Mallorca+Dental+Clinic+Son+Sardina+-+Urgencias+365+d%C3%ADas+Cam%C3%AD+de+Passatemps,+123,+Bajo+07120+Son+Sardina+Balearic+Islands\/@39.6230085,2.6544889,18z\/data=!4m5!4m4!1m0!1m2!1m1!1s0x1297ed2b6bdbc809:0x5308779a749f0c39\">\n\t\t\t\t\t\t<span class=\"elementor-button-content-wrapper\">\n\t\t\t\t\t\t<span class=\"elementor-button-icon\">\n\t\t\t\t<i aria-hidden=\"true\" class=\"fas fa-directions\"><\/i>\t\t\t<\/span>\n\t\t\t\t\t\t\t\t\t<span class=\"elementor-button-text\">Mit Google gehen<\/span>\n\t\t\t\t\t<\/span>\n\t\t\t\t\t<\/a>\n\t\t\t\t<\/div>\n\t\t\t\t\t\t\t\t<\/div>\n\t\t\t\t<\/div>\n\t\t\t\t\t<\/div>\n\t\t<\/div>\n\t\t\t\t\t<\/div>\n\t\t<\/section>\n\t\t\t\t<div class=\"elementor-element elementor-element-45da743 elementor-widget-divider--view-line elementor-widget elementor-widget-divider\" data-id=\"45da743\" data-element_type=\"widget\" data-e-type=\"widget\" data-widget_type=\"divider.default\">\n\t\t\t\t<div class=\"elementor-widget-container\">\n\t\t\t\t\t\t\t<div class=\"elementor-divider\">\n\t\t\t<span class=\"elementor-divider-separator\">\n\t\t\t\t\t\t<\/span>\n\t\t<\/div>\n\t\t\t\t\t\t<\/div>\n\t\t\t\t<\/div>\n\t\t\t\t<section class=\"elementor-section elementor-inner-section elementor-element elementor-element-ef7abdc elementor-section-boxed elementor-section-height-default elementor-section-height-default\" data-id=\"ef7abdc\" data-element_type=\"section\" data-e-type=\"section\">\n\t\t\t\t\t\t<div class=\"elementor-container elementor-column-gap-default\">\n\t\t\t\t\t<div class=\"elementor-column elementor-col-100 elementor-inner-column elementor-element elementor-element-fc181ea\" data-id=\"fc181ea\" data-element_type=\"column\" data-e-type=\"column\">\n\t\t\t<div class=\"elementor-widget-wrap elementor-element-populated\">\n\t\t\t\t\t\t<div class=\"elementor-element elementor-element-f1446dc elementor-position-left elementor-vertical-align-top elementor-widget elementor-widget-image-box\" data-id=\"f1446dc\" data-element_type=\"widget\" data-e-type=\"widget\" data-widget_type=\"image-box.default\">\n\t\t\t\t<div class=\"elementor-widget-container\">\n\t\t\t\t\t<div class=\"elementor-image-box-wrapper\"><figure class=\"elementor-image-box-img\"><img decoding=\"async\" width=\"59\" height=\"62\" data-src=\"https:\/\/dentalsonsardina.com\/de\/wp-content\/uploads\/2023\/09\/llamadas.png\" class=\"elementor-animation-grow attachment-thumbnail size-thumbnail wp-image-319 lazyload\" alt=\"\" src=\"data:image\/svg+xml;base64,PHN2ZyB3aWR0aD0iMSIgaGVpZ2h0PSIxIiB4bWxucz0iaHR0cDovL3d3dy53My5vcmcvMjAwMC9zdmciPjwvc3ZnPg==\" style=\"--smush-placeholder-width: 59px; --smush-placeholder-aspect-ratio: 59\/62;\" \/><\/figure><div class=\"elementor-image-box-content\"><h4 class=\"elementor-image-box-title\">Kontakt<\/h4><p class=\"elementor-image-box-description\"><b>Unsere Festnetznummer ist:<\/b> +34 971 43 86 73<br>\n<b>F\u00fcr Notf\u00e4lle:<\/b> +34 679 09 14 76<br>\n<b>Per WhatsApp:<\/b> +34 679 09 14 76 oder klicken Sie auf die Schaltfl\u00e4che auf der Website\n\n<\/p><\/div><\/div>\t\t\t\t<\/div>\n\t\t\t\t<\/div>\n\t\t\t\t<div class=\"elementor-element elementor-element-ca8cc38 elementor-align-right elementor-mobile-align-center elementor-widget__width-initial elementor-widget elementor-widget-button\" data-id=\"ca8cc38\" data-element_type=\"widget\" data-e-type=\"widget\" data-widget_type=\"button.default\">\n\t\t\t\t<div class=\"elementor-widget-container\">\n\t\t\t\t\t\t\t\t\t<div class=\"elementor-button-wrapper\">\n\t\t\t\t\t<a class=\"elementor-button elementor-button-link elementor-size-sm elementor-animation-grow\" href=\"https:\/\/web.whatsapp.com\/send?phone=34679091476&#038;text=Hola%20necesito%20informaci%C3%B3n%20sobre%20la%20Cl%C3%ADnica%20Son%20Sardina\">\n\t\t\t\t\t\t<span class=\"elementor-button-content-wrapper\">\n\t\t\t\t\t\t<span class=\"elementor-button-icon\">\n\t\t\t\t<i aria-hidden=\"true\" class=\"fab fa-whatsapp\"><\/i>\t\t\t<\/span>\n\t\t\t\t\t\t\t\t\t<span class=\"elementor-button-text\">Whats App<\/span>\n\t\t\t\t\t<\/span>\n\t\t\t\t\t<\/a>\n\t\t\t\t<\/div>\n\t\t\t\t\t\t\t\t<\/div>\n\t\t\t\t<\/div>\n\t\t\t\t\t<\/div>\n\t\t<\/div>\n\t\t\t\t\t<\/div>\n\t\t<\/section>\n\t\t\t\t\t<\/div>\n\t\t<\/div>\n\t\t\t\t\t<\/div>\n\t\t<\/section>\n\t\t\t\t<section class=\"elementor-section elementor-top-section elementor-element elementor-element-ef7182c elementor-section-content-middle elementor-reverse-mobile elementor-section-boxed elementor-section-height-default elementor-section-height-default\" data-id=\"ef7182c\" data-element_type=\"section\" data-e-type=\"section\">\n\t\t\t\t\t\t<div class=\"elementor-container elementor-column-gap-no\">\n\t\t\t\t\t<div class=\"elementor-column elementor-col-100 elementor-top-column elementor-element elementor-element-967cdc1\" data-id=\"967cdc1\" data-element_type=\"column\" data-e-type=\"column\">\n\t\t\t<div class=\"elementor-widget-wrap elementor-element-populated\">\n\t\t\t\t\t\t<div class=\"elementor-element elementor-element-b01bc19 elementor-widget__width-initial elementor-widget elementor-widget-heading\" data-id=\"b01bc19\" data-element_type=\"widget\" data-e-type=\"widget\" data-widget_type=\"heading.default\">\n\t\t\t\t<div class=\"elementor-widget-container\">\n\t\t\t\t\t<h2 class=\"elementor-heading-title elementor-size-default\">Datenschutz-Zusammenfassung | Zahnklinik Son Sardina<\/h2>\t\t\t\t<\/div>\n\t\t\t\t<\/div>\n\t\t\t\t<div class=\"elementor-element elementor-element-0ba8585 elementor-widget elementor-widget-text-editor\" data-id=\"0ba8585\" data-element_type=\"widget\" data-e-type=\"widget\" data-widget_type=\"text-editor.default\">\n\t\t\t\t<div class=\"elementor-widget-container\">\n\t\t\t\t\t\t\t\t\t<table><tbody><tr><td><strong>GRUNDLEGENDEN INFORMATIONEN ZUM DATENSCHUTZ<\/strong><\/td><\/tr><tr><td><strong>Verantwortlich f\u00fcr die Datenverarbeitung<\/strong><\/td><td>SVETLANA FOTINA<\/td><\/tr><tr><td><strong>Adresse des Verantwortlichen<\/strong><\/td><td>C\/. Passatemps,123 Bj., CP 07120, Son Sardina (Balears (Illes))<\/td><\/tr><tr><td><strong>Zweck<\/strong><\/td><td>Ihre Daten werden verwendet, um Ihre Anfragen zu bearbeiten und Ihnen unsere Dienstleistungen anzubieten.<\/td><\/tr><tr><td><strong>Werbung<\/strong><\/td><td>Wir senden Ihnen nur Werbung nach Ihrer vorherigen Zustimmung, die Sie uns durch das entsprechende daf\u00fcr vorgesehene Feld zur Verf\u00fcgung stellen k\u00f6nnen.<\/td><\/tr><tr><td><strong>Rechtm\u00e4\u00dfigkeit<\/strong><\/td><td>Wir werden Ihre Daten nur mit Ihrer vorherigen Einwilligung verarbeiten, die Sie uns durch das entsprechende daf\u00fcr vorgesehene Feld zur Verf\u00fcgung stellen k\u00f6nnen.<\/td><\/tr><tr><td><strong>Empf\u00e4nger<\/strong><\/td><td>Im Allgemeinen darf nur das Personal unserer Organisation, das ordnungsgem\u00e4\u00df autorisiert ist, Kenntnis von den Informationen haben, die wir von Ihnen anfordern.<\/td><\/tr><tr><td><strong>Rechte<\/strong><\/td><td>Sie haben das Recht zu wissen, welche Informationen wir \u00fcber Sie haben, sie zu korrigieren und zu l\u00f6schen, wie in den zus\u00e4tzlichen Informationen auf unserer Webseite erl\u00e4utert.<\/td><\/tr><tr><td><strong>Zus\u00e4tzliche Informationen<\/strong><\/td><td>Mehr Informationen im Abschnitt <strong>&#8222;DATENSCHUTZRICHTLINIE&#8220;<\/strong> auf unserer Webseite.<\/td><\/tr><\/tbody><\/table>\t\t\t\t\t\t\t\t<\/div>\n\t\t\t\t<\/div>\n\t\t\t\t\t<\/div>\n\t\t<\/div>\n\t\t\t\t\t<\/div>\n\t\t<\/section>\n\t\t\t\t<\/div>\n\t\t","protected":false},"excerpt":{"rendered":"<p>Wann ist es ein echter zahn\u00e4rztlicher Notfall? Ein Notfall liegt h\u00e4ufig vor, wenn mindestens eines dieser Symptome zutrifft: starke, pulsierende Schmerzen, die nicht nachlassen Schwellung im Gesicht oder am Kiefer Fieber, allgemeines Krankheitsgef\u00fchl Unfall\/Trauma (Zahn abgebrochen, Schlag auf den Kiefer) starke Blutung nach einer Behandlung Verdacht auf Abszess (Druck, pochender Schmerz, Eitergeschmack) Wichtig: Wenn du [&hellip;]<\/p>\n","protected":false},"author":1,"featured_media":2402,"comment_status":"closed","ping_status":"closed","sticky":false,"template":"","format":"standard","meta":{"site-sidebar-layout":"default","site-content-layout":"","ast-site-content-layout":"default","site-content-style":"default","site-sidebar-style":"default","ast-global-header-display":"","ast-banner-title-visibility":"","ast-main-header-display":"","ast-hfb-above-header-display":"","ast-hfb-below-header-display":"","ast-hfb-mobile-header-display":"","site-post-title":"disabled","ast-breadcrumbs-content":"","ast-featured-img":"","footer-sml-layout":"","ast-disable-related-posts":"","theme-transparent-header-meta":"","adv-header-id-meta":"","stick-header-meta":"","header-above-stick-meta":"","header-main-stick-meta":"","header-below-stick-meta":"","astra-migrate-meta-layouts":"","ast-page-background-enabled":"default","ast-page-background-meta":{"desktop":{"background-color":"var(--ast-global-color-4)","background-image":"","background-repeat":"repeat","background-position":"center center","background-size":"auto","background-attachment":"scroll","background-type":"","background-media":"","overlay-type":"","overlay-color":"","overlay-opacity":"","overlay-gradient":""},"tablet":{"background-color":"","background-image":"","background-repeat":"repeat","background-position":"center center","background-size":"auto","background-attachment":"scroll","background-type":"","background-media":"","overlay-type":"","overlay-color":"","overlay-opacity":"","overlay-gradient":""},"mobile":{"background-color":"","background-image":"","background-repeat":"repeat","background-position":"center center","background-size":"auto","background-attachment":"scroll","background-type":"","background-media":"","overlay-type":"","overlay-color":"","overlay-opacity":"","overlay-gradient":""}},"ast-content-background-meta":{"desktop":{"background-color":"var(--ast-global-color-5)","background-image":"","background-repeat":"repeat","background-position":"center center","background-size":"auto","background-attachment":"scroll","background-type":"","background-media":"","overlay-type":"","overlay-color":"","overlay-opacity":"","overlay-gradient":""},"tablet":{"background-color":"var(--ast-global-color-5)","background-image":"","background-repeat":"repeat","background-position":"center center","background-size":"auto","background-attachment":"scroll","background-type":"","background-media":"","overlay-type":"","overlay-color":"","overlay-opacity":"","overlay-gradient":""},"mobile":{"background-color":"var(--ast-global-color-5)","background-image":"","background-repeat":"repeat","background-position":"center center","background-size":"auto","background-attachment":"scroll","background-type":"","background-media":"","overlay-type":"","overlay-color":"","overlay-opacity":"","overlay-gradient":""}},"_joinchat":[],"footnotes":""},"categories":[18,1],"tags":[6,7,5,17],"class_list":["post-1884","post","type-post","status-publish","format-standard","has-post-thumbnail","hentry","category-notfall","category-sin-categoria","tag-limpieza-dental","tag-limpieza-dental-por-ultrasonido","tag-ultrasonido-dental","tag-zahn-notfall"],"yoast_head":"<!-- This site is optimized with the Yoast SEO plugin v27.3 - https:\/\/yoast.com\/product\/yoast-seo-wordpress\/ -->\n<title>Notfallzahnarzt Mallorca: Soforthilfe bei Zahnschmerzen in Palma<\/title>\n<meta name=\"description\" content=\"Zahnschmerzen im Urlaub auf Mallorca? Erfahre, wann es ein Notfall ist, was du sofort tun kannst und wie du schnell einen Termin in Palma bekommst.\" \/>\n<meta name=\"robots\" content=\"index, follow, max-snippet:-1, max-image-preview:large, max-video-preview:-1\" \/>\n<link rel=\"canonical\" href=\"https:\/\/dentalsonsardina.com\/de\/notfallzahnarzt-mallorca-zahnschmerzen-urlaub\/\" \/>\n<meta property=\"og:locale\" content=\"de_DE\" \/>\n<meta property=\"og:type\" content=\"article\" \/>\n<meta property=\"og:title\" content=\"Notfallzahnarzt Mallorca: Soforthilfe bei Zahnschmerzen in Palma\" \/>\n<meta property=\"og:description\" content=\"Zahnschmerzen im Urlaub auf Mallorca? Erfahre, wann es ein Notfall ist, was du sofort tun kannst und wie du schnell einen Termin in Palma bekommst.\" \/>\n<meta property=\"og:url\" content=\"https:\/\/dentalsonsardina.com\/de\/notfallzahnarzt-mallorca-zahnschmerzen-urlaub\/\" \/>\n<meta property=\"og:site_name\" content=\"Zahnklinik Son Sardina | Deutscher Zahnarzt in Palma\" \/>\n<meta property=\"article:published_time\" content=\"2024-01-11T11:37:20+00:00\" \/>\n<meta property=\"article:modified_time\" content=\"2026-02-14T21:03:26+00:00\" \/>\n<meta property=\"og:image\" content=\"https:\/\/dentalsonsardina.com\/de\/wp-content\/uploads\/2026\/01\/WhatsApp-Image-2026-01-17-at-18.26.02.jpeg\" \/>\n\t<meta property=\"og:image:width\" content=\"1600\" \/>\n\t<meta property=\"og:image:height\" content=\"1066\" \/>\n\t<meta property=\"og:image:type\" content=\"image\/jpeg\" \/>\n<meta name=\"author\" content=\"Dental Son Sardina\" \/>\n<meta name=\"twitter:card\" content=\"summary_large_image\" \/>\n<meta name=\"twitter:label1\" content=\"Verfasst von\" \/>\n\t<meta name=\"twitter:data1\" content=\"Dental Son Sardina\" \/>\n\t<meta name=\"twitter:label2\" content=\"Gesch\u00e4tzte Lesezeit\" \/>\n\t<meta name=\"twitter:data2\" content=\"4\u00a0Minuten\" \/>\n<script type=\"application\/ld+json\" class=\"yoast-schema-graph\">{\"@context\":\"https:\\\/\\\/schema.org\",\"@graph\":[{\"@type\":\"Article\",\"@id\":\"https:\\\/\\\/dentalsonsardina.com\\\/de\\\/notfallzahnarzt-mallorca-zahnschmerzen-urlaub\\\/#article\",\"isPartOf\":{\"@id\":\"https:\\\/\\\/dentalsonsardina.com\\\/de\\\/notfallzahnarzt-mallorca-zahnschmerzen-urlaub\\\/\"},\"author\":{\"name\":\"Dental Son Sardina\",\"@id\":\"https:\\\/\\\/dentalsonsardina.com\\\/de\\\/#\\\/schema\\\/person\\\/f4e4f36a00a18b659ee607de4acdb519\"},\"headline\":\"Notfallzahnarzt auf Mallorca: Was tun bei Zahnschmerzen im Urlaub?\",\"datePublished\":\"2024-01-11T11:37:20+00:00\",\"dateModified\":\"2026-02-14T21:03:26+00:00\",\"mainEntityOfPage\":{\"@id\":\"https:\\\/\\\/dentalsonsardina.com\\\/de\\\/notfallzahnarzt-mallorca-zahnschmerzen-urlaub\\\/\"},\"wordCount\":723,\"publisher\":{\"@id\":\"https:\\\/\\\/dentalsonsardina.com\\\/de\\\/#organization\"},\"image\":{\"@id\":\"https:\\\/\\\/dentalsonsardina.com\\\/de\\\/notfallzahnarzt-mallorca-zahnschmerzen-urlaub\\\/#primaryimage\"},\"thumbnailUrl\":\"https:\\\/\\\/dentalsonsardina.com\\\/de\\\/wp-content\\\/uploads\\\/2026\\\/01\\\/WhatsApp-Image-2026-01-17-at-18.26.02.jpeg\",\"keywords\":[\"Limpieza Dental\",\"Limpieza dental por ultrasonido\",\"Ultrasonido dental\",\"Zahn-Notfall\"],\"articleSection\":[\"Notfall\",\"Sin categor\u00eda\"],\"inLanguage\":\"de\"},{\"@type\":\"WebPage\",\"@id\":\"https:\\\/\\\/dentalsonsardina.com\\\/de\\\/notfallzahnarzt-mallorca-zahnschmerzen-urlaub\\\/\",\"url\":\"https:\\\/\\\/dentalsonsardina.com\\\/de\\\/notfallzahnarzt-mallorca-zahnschmerzen-urlaub\\\/\",\"name\":\"Notfallzahnarzt Mallorca: Soforthilfe bei Zahnschmerzen in Palma\",\"isPartOf\":{\"@id\":\"https:\\\/\\\/dentalsonsardina.com\\\/de\\\/#website\"},\"primaryImageOfPage\":{\"@id\":\"https:\\\/\\\/dentalsonsardina.com\\\/de\\\/notfallzahnarzt-mallorca-zahnschmerzen-urlaub\\\/#primaryimage\"},\"image\":{\"@id\":\"https:\\\/\\\/dentalsonsardina.com\\\/de\\\/notfallzahnarzt-mallorca-zahnschmerzen-urlaub\\\/#primaryimage\"},\"thumbnailUrl\":\"https:\\\/\\\/dentalsonsardina.com\\\/de\\\/wp-content\\\/uploads\\\/2026\\\/01\\\/WhatsApp-Image-2026-01-17-at-18.26.02.jpeg\",\"datePublished\":\"2024-01-11T11:37:20+00:00\",\"dateModified\":\"2026-02-14T21:03:26+00:00\",\"description\":\"Zahnschmerzen im Urlaub auf Mallorca? Erfahre, wann es ein Notfall ist, was du sofort tun kannst und wie du schnell einen Termin in Palma bekommst.\",\"breadcrumb\":{\"@id\":\"https:\\\/\\\/dentalsonsardina.com\\\/de\\\/notfallzahnarzt-mallorca-zahnschmerzen-urlaub\\\/#breadcrumb\"},\"inLanguage\":\"de\",\"potentialAction\":[{\"@type\":\"ReadAction\",\"target\":[\"https:\\\/\\\/dentalsonsardina.com\\\/de\\\/notfallzahnarzt-mallorca-zahnschmerzen-urlaub\\\/\"]}]},{\"@type\":\"ImageObject\",\"inLanguage\":\"de\",\"@id\":\"https:\\\/\\\/dentalsonsardina.com\\\/de\\\/notfallzahnarzt-mallorca-zahnschmerzen-urlaub\\\/#primaryimage\",\"url\":\"https:\\\/\\\/dentalsonsardina.com\\\/de\\\/wp-content\\\/uploads\\\/2026\\\/01\\\/WhatsApp-Image-2026-01-17-at-18.26.02.jpeg\",\"contentUrl\":\"https:\\\/\\\/dentalsonsardina.com\\\/de\\\/wp-content\\\/uploads\\\/2026\\\/01\\\/WhatsApp-Image-2026-01-17-at-18.26.02.jpeg\",\"width\":1600,\"height\":1066,\"caption\":\"Schnelle zahn\u00e4rztliche Hilfe in Palma de Mallorca \u2013 auch f\u00fcr deutschsprachige Patienten\"},{\"@type\":\"BreadcrumbList\",\"@id\":\"https:\\\/\\\/dentalsonsardina.com\\\/de\\\/notfallzahnarzt-mallorca-zahnschmerzen-urlaub\\\/#breadcrumb\",\"itemListElement\":[{\"@type\":\"ListItem\",\"position\":1,\"name\":\"Portada\",\"item\":\"https:\\\/\\\/dentalsonsardina.com\\\/de\\\/\"},{\"@type\":\"ListItem\",\"position\":2,\"name\":\"Notfallzahnarzt auf Mallorca: Was tun bei Zahnschmerzen im Urlaub?\"}]},{\"@type\":\"WebSite\",\"@id\":\"https:\\\/\\\/dentalsonsardina.com\\\/de\\\/#website\",\"url\":\"https:\\\/\\\/dentalsonsardina.com\\\/de\\\/\",\"name\":\"Zahnklinik Son Sardina | Deutscher Zahnarzt in Palma\",\"description\":\"Deutscher Zahnarzt in Palma de Mallorca \u2013 alle zahn\u00e4rztlichen Leistungen. Schwerpunkt: Parodontologie, \u00e4sthetische Zahnheilkunde &amp; Notf\u00e4lle.\",\"publisher\":{\"@id\":\"https:\\\/\\\/dentalsonsardina.com\\\/de\\\/#organization\"},\"potentialAction\":[{\"@type\":\"SearchAction\",\"target\":{\"@type\":\"EntryPoint\",\"urlTemplate\":\"https:\\\/\\\/dentalsonsardina.com\\\/de\\\/?s={search_term_string}\"},\"query-input\":{\"@type\":\"PropertyValueSpecification\",\"valueRequired\":true,\"valueName\":\"search_term_string\"}}],\"inLanguage\":\"de\"},{\"@type\":\"Organization\",\"@id\":\"https:\\\/\\\/dentalsonsardina.com\\\/de\\\/#organization\",\"name\":\"Dental Klinik Son Sardina\",\"alternateName\":\"Dental Klinik Son Sardina Palma\",\"url\":\"https:\\\/\\\/dentalsonsardina.com\\\/de\\\/\",\"logo\":{\"@type\":\"ImageObject\",\"inLanguage\":\"de\",\"@id\":\"https:\\\/\\\/dentalsonsardina.com\\\/de\\\/#\\\/schema\\\/logo\\\/image\\\/\",\"url\":\"https:\\\/\\\/dentalsonsardina.com\\\/de\\\/wp-content\\\/uploads\\\/2023\\\/08\\\/cropped-logo-3.png\",\"contentUrl\":\"https:\\\/\\\/dentalsonsardina.com\\\/de\\\/wp-content\\\/uploads\\\/2023\\\/08\\\/cropped-logo-3.png\",\"width\":201,\"height\":67,\"caption\":\"Dental Klinik Son Sardina\"},\"image\":{\"@id\":\"https:\\\/\\\/dentalsonsardina.com\\\/de\\\/#\\\/schema\\\/logo\\\/image\\\/\"}},{\"@type\":\"Person\",\"@id\":\"https:\\\/\\\/dentalsonsardina.com\\\/de\\\/#\\\/schema\\\/person\\\/f4e4f36a00a18b659ee607de4acdb519\",\"name\":\"Dental Son Sardina\",\"image\":{\"@type\":\"ImageObject\",\"inLanguage\":\"de\",\"@id\":\"https:\\\/\\\/dentalsonsardina.com\\\/de\\\/wp-content\\\/litespeed\\\/avatar\\\/d0226953c89a25c5abce01bfa8c362eb.jpg?ver=1777288398\",\"url\":\"https:\\\/\\\/dentalsonsardina.com\\\/de\\\/wp-content\\\/litespeed\\\/avatar\\\/d0226953c89a25c5abce01bfa8c362eb.jpg?ver=1777288398\",\"contentUrl\":\"https:\\\/\\\/dentalsonsardina.com\\\/de\\\/wp-content\\\/litespeed\\\/avatar\\\/d0226953c89a25c5abce01bfa8c362eb.jpg?ver=1777288398\",\"caption\":\"Dental Son Sardina\"},\"sameAs\":[\"https:\\\/\\\/delorean360.com\\\/dentalsonsardina\"],\"url\":\"https:\\\/\\\/dentalsonsardina.com\\\/de\\\/author\\\/dental-son-sardina\\\/\"}]}<\/script>\n<!-- \/ Yoast SEO plugin. -->","yoast_head_json":{"title":"Notfallzahnarzt Mallorca: Soforthilfe bei Zahnschmerzen in Palma","description":"Zahnschmerzen im Urlaub auf Mallorca? Erfahre, wann es ein Notfall ist, was du sofort tun kannst und wie du schnell einen Termin in Palma bekommst.","robots":{"index":"index","follow":"follow","max-snippet":"max-snippet:-1","max-image-preview":"max-image-preview:large","max-video-preview":"max-video-preview:-1"},"canonical":"https:\/\/dentalsonsardina.com\/de\/notfallzahnarzt-mallorca-zahnschmerzen-urlaub\/","og_locale":"de_DE","og_type":"article","og_title":"Notfallzahnarzt Mallorca: Soforthilfe bei Zahnschmerzen in Palma","og_description":"Zahnschmerzen im Urlaub auf Mallorca? Erfahre, wann es ein Notfall ist, was du sofort tun kannst und wie du schnell einen Termin in Palma bekommst.","og_url":"https:\/\/dentalsonsardina.com\/de\/notfallzahnarzt-mallorca-zahnschmerzen-urlaub\/","og_site_name":"Zahnklinik Son Sardina | Deutscher Zahnarzt in Palma","article_published_time":"2024-01-11T11:37:20+00:00","article_modified_time":"2026-02-14T21:03:26+00:00","og_image":[{"width":1600,"height":1066,"url":"https:\/\/dentalsonsardina.com\/de\/wp-content\/uploads\/2026\/01\/WhatsApp-Image-2026-01-17-at-18.26.02.jpeg","type":"image\/jpeg"}],"author":"Dental Son Sardina","twitter_card":"summary_large_image","twitter_misc":{"Verfasst von":"Dental Son Sardina","Gesch\u00e4tzte Lesezeit":"4\u00a0Minuten"},"schema":{"@context":"https:\/\/schema.org","@graph":[{"@type":"Article","@id":"https:\/\/dentalsonsardina.com\/de\/notfallzahnarzt-mallorca-zahnschmerzen-urlaub\/#article","isPartOf":{"@id":"https:\/\/dentalsonsardina.com\/de\/notfallzahnarzt-mallorca-zahnschmerzen-urlaub\/"},"author":{"name":"Dental Son Sardina","@id":"https:\/\/dentalsonsardina.com\/de\/#\/schema\/person\/f4e4f36a00a18b659ee607de4acdb519"},"headline":"Notfallzahnarzt auf Mallorca: Was tun bei Zahnschmerzen im Urlaub?","datePublished":"2024-01-11T11:37:20+00:00","dateModified":"2026-02-14T21:03:26+00:00","mainEntityOfPage":{"@id":"https:\/\/dentalsonsardina.com\/de\/notfallzahnarzt-mallorca-zahnschmerzen-urlaub\/"},"wordCount":723,"publisher":{"@id":"https:\/\/dentalsonsardina.com\/de\/#organization"},"image":{"@id":"https:\/\/dentalsonsardina.com\/de\/notfallzahnarzt-mallorca-zahnschmerzen-urlaub\/#primaryimage"},"thumbnailUrl":"https:\/\/dentalsonsardina.com\/de\/wp-content\/uploads\/2026\/01\/WhatsApp-Image-2026-01-17-at-18.26.02.jpeg","keywords":["Limpieza Dental","Limpieza dental por ultrasonido","Ultrasonido dental","Zahn-Notfall"],"articleSection":["Notfall","Sin categor\u00eda"],"inLanguage":"de"},{"@type":"WebPage","@id":"https:\/\/dentalsonsardina.com\/de\/notfallzahnarzt-mallorca-zahnschmerzen-urlaub\/","url":"https:\/\/dentalsonsardina.com\/de\/notfallzahnarzt-mallorca-zahnschmerzen-urlaub\/","name":"Notfallzahnarzt Mallorca: Soforthilfe bei Zahnschmerzen in Palma","isPartOf":{"@id":"https:\/\/dentalsonsardina.com\/de\/#website"},"primaryImageOfPage":{"@id":"https:\/\/dentalsonsardina.com\/de\/notfallzahnarzt-mallorca-zahnschmerzen-urlaub\/#primaryimage"},"image":{"@id":"https:\/\/dentalsonsardina.com\/de\/notfallzahnarzt-mallorca-zahnschmerzen-urlaub\/#primaryimage"},"thumbnailUrl":"https:\/\/dentalsonsardina.com\/de\/wp-content\/uploads\/2026\/01\/WhatsApp-Image-2026-01-17-at-18.26.02.jpeg","datePublished":"2024-01-11T11:37:20+00:00","dateModified":"2026-02-14T21:03:26+00:00","description":"Zahnschmerzen im Urlaub auf Mallorca? Erfahre, wann es ein Notfall ist, was du sofort tun kannst und wie du schnell einen Termin in Palma bekommst.","breadcrumb":{"@id":"https:\/\/dentalsonsardina.com\/de\/notfallzahnarzt-mallorca-zahnschmerzen-urlaub\/#breadcrumb"},"inLanguage":"de","potentialAction":[{"@type":"ReadAction","target":["https:\/\/dentalsonsardina.com\/de\/notfallzahnarzt-mallorca-zahnschmerzen-urlaub\/"]}]},{"@type":"ImageObject","inLanguage":"de","@id":"https:\/\/dentalsonsardina.com\/de\/notfallzahnarzt-mallorca-zahnschmerzen-urlaub\/#primaryimage","url":"https:\/\/dentalsonsardina.com\/de\/wp-content\/uploads\/2026\/01\/WhatsApp-Image-2026-01-17-at-18.26.02.jpeg","contentUrl":"https:\/\/dentalsonsardina.com\/de\/wp-content\/uploads\/2026\/01\/WhatsApp-Image-2026-01-17-at-18.26.02.jpeg","width":1600,"height":1066,"caption":"Schnelle zahn\u00e4rztliche Hilfe in Palma de Mallorca \u2013 auch f\u00fcr deutschsprachige Patienten"},{"@type":"BreadcrumbList","@id":"https:\/\/dentalsonsardina.com\/de\/notfallzahnarzt-mallorca-zahnschmerzen-urlaub\/#breadcrumb","itemListElement":[{"@type":"ListItem","position":1,"name":"Portada","item":"https:\/\/dentalsonsardina.com\/de\/"},{"@type":"ListItem","position":2,"name":"Notfallzahnarzt auf Mallorca: Was tun bei Zahnschmerzen im Urlaub?"}]},{"@type":"WebSite","@id":"https:\/\/dentalsonsardina.com\/de\/#website","url":"https:\/\/dentalsonsardina.com\/de\/","name":"Zahnklinik Son Sardina | Deutscher Zahnarzt in Palma","description":"Deutscher Zahnarzt in Palma de Mallorca \u2013 alle zahn\u00e4rztlichen Leistungen. Schwerpunkt: Parodontologie, \u00e4sthetische Zahnheilkunde &amp; Notf\u00e4lle.","publisher":{"@id":"https:\/\/dentalsonsardina.com\/de\/#organization"},"potentialAction":[{"@type":"SearchAction","target":{"@type":"EntryPoint","urlTemplate":"https:\/\/dentalsonsardina.com\/de\/?s={search_term_string}"},"query-input":{"@type":"PropertyValueSpecification","valueRequired":true,"valueName":"search_term_string"}}],"inLanguage":"de"},{"@type":"Organization","@id":"https:\/\/dentalsonsardina.com\/de\/#organization","name":"Dental Klinik Son Sardina","alternateName":"Dental Klinik Son Sardina Palma","url":"https:\/\/dentalsonsardina.com\/de\/","logo":{"@type":"ImageObject","inLanguage":"de","@id":"https:\/\/dentalsonsardina.com\/de\/#\/schema\/logo\/image\/","url":"https:\/\/dentalsonsardina.com\/de\/wp-content\/uploads\/2023\/08\/cropped-logo-3.png","contentUrl":"https:\/\/dentalsonsardina.com\/de\/wp-content\/uploads\/2023\/08\/cropped-logo-3.png","width":201,"height":67,"caption":"Dental Klinik Son Sardina"},"image":{"@id":"https:\/\/dentalsonsardina.com\/de\/#\/schema\/logo\/image\/"}},{"@type":"Person","@id":"https:\/\/dentalsonsardina.com\/de\/#\/schema\/person\/f4e4f36a00a18b659ee607de4acdb519","name":"Dental Son Sardina","image":{"@type":"ImageObject","inLanguage":"de","@id":"https:\/\/dentalsonsardina.com\/de\/wp-content\/litespeed\/avatar\/d0226953c89a25c5abce01bfa8c362eb.jpg?ver=1777288398","url":"https:\/\/dentalsonsardina.com\/de\/wp-content\/litespeed\/avatar\/d0226953c89a25c5abce01bfa8c362eb.jpg?ver=1777288398","contentUrl":"https:\/\/dentalsonsardina.com\/de\/wp-content\/litespeed\/avatar\/d0226953c89a25c5abce01bfa8c362eb.jpg?ver=1777288398","caption":"Dental Son Sardina"},"sameAs":["https:\/\/delorean360.com\/dentalsonsardina"],"url":"https:\/\/dentalsonsardina.com\/de\/author\/dental-son-sardina\/"}]}},"_links":{"self":[{"href":"https:\/\/dentalsonsardina.com\/de\/wp-json\/wp\/v2\/posts\/1884","targetHints":{"allow":["GET"]}}],"collection":[{"href":"https:\/\/dentalsonsardina.com\/de\/wp-json\/wp\/v2\/posts"}],"about":[{"href":"https:\/\/dentalsonsardina.com\/de\/wp-json\/wp\/v2\/types\/post"}],"author":[{"embeddable":true,"href":"https:\/\/dentalsonsardina.com\/de\/wp-json\/wp\/v2\/users\/1"}],"replies":[{"embeddable":true,"href":"https:\/\/dentalsonsardina.com\/de\/wp-json\/wp\/v2\/comments?post=1884"}],"version-history":[{"count":47,"href":"https:\/\/dentalsonsardina.com\/de\/wp-json\/wp\/v2\/posts\/1884\/revisions"}],"predecessor-version":[{"id":2521,"href":"https:\/\/dentalsonsardina.com\/de\/wp-json\/wp\/v2\/posts\/1884\/revisions\/2521"}],"wp:featuredmedia":[{"embeddable":true,"href":"https:\/\/dentalsonsardina.com\/de\/wp-json\/wp\/v2\/media\/2402"}],"wp:attachment":[{"href":"https:\/\/dentalsonsardina.com\/de\/wp-json\/wp\/v2\/media?parent=1884"}],"wp:term":[{"taxonomy":"category","embeddable":true,"href":"https:\/\/dentalsonsardina.com\/de\/wp-json\/wp\/v2\/categories?post=1884"},{"taxonomy":"post_tag","embeddable":true,"href":"https:\/\/dentalsonsardina.com\/de\/wp-json\/wp\/v2\/tags?post=1884"}],"curies":[{"name":"wp","href":"https:\/\/api.w.org\/{rel}","templated":true}]}}